{"id":918,"date":"2019-02-14T20:14:47","date_gmt":"2019-02-14T20:14:47","guid":{"rendered":"http:\/\/hr4free.web-romandie.ch\/?p=918"},"modified":"2019-07-24T19:25:50","modified_gmt":"2019-07-24T19:25:50","slug":"teletravail-et-management-limites-pour-organisation-entreprise","status":"publish","type":"post","link":"https:\/\/hr4free.com\/fr\/T%C3%A9l%C3%A9travail-et-management\/Limites-pour-organisation-entreprise","title":{"rendered":"T\u00e9l\u00e9travail en entreprise : les limites du syst\u00e8me"},"content":{"rendered":"<p><strong>Si le t\u00e9l\u00e9travail peut pr\u00e9senter un gain significatif en termes de temps de transport pour les employ\u00e9s, le t\u00e9l\u00e9travail a \u00e9galement ses contradicteurs<\/strong>, y compris parmis les dirigeants d&rsquo;entreprises.<\/p>\n<p>Dans un \u00ab\u00a0rapport interne\u00a0\u00bb publi\u00e9 en f\u00e9vrier 2013 par le <em>Wall Street Journal<\/em>, la directrice de la soci\u00e9t\u00e9 Yahoo! s\u2019engageait r\u00e9solument contre la tendance des entreprises technologiques \u00e0 de plus en plus privil\u00e9gier le t\u00e9l\u00e9travail. Elle y estimait en effet que:<\/p>\n<p><em>\u00ab\u00a0La vitesse et la qualit\u00e9 sont souvent sacrifi\u00e9es quand on travaille de la maison. Nous avons besoin d&rsquo;\u00eatre un Yahoo! uni, et cela commence en \u00e9tant physiquement ensemble.\u00a0\u00bb<\/em>\u00a0(La directrice de Yahoo! en croisade contre le t\u00e9l\u00e9travail, <em>Le Monde<\/em>, 27.02.2013)<\/p>\n<p>Au moment de la publication de l\u2019\u00e9tude du Prof. Gassmann (voir l\u2019article\u00a0<strong><a href=\"https:\/\/hr4free.com\/fr\/T%C3%A9l%C3%A9travail-et-management\/B%C3%A9n%C3%A9fices-employeur-salari%C3%A9\" target=\"_blank\" rel=\"noopener noreferrer\" data-cke-saved-href=\"https:\/\/hr4free.com\/fr\/Economie-et-Emploi\/B\u00e9n\u00e9fices-syst\u00e8me-de-t\u00e9l\u00e9travail\">\u00ab\u00a0Les b\u00e9n\u00e9fices attendus d&rsquo;un syst\u00e8me de t\u00e9l\u00e9travail\u00a0\u00bb<\/a><\/strong>), une de ses coll\u00e8gues et directrice de l\u2019Institut pour la gestion du personnel de l\u2019Universit\u00e9 de St-Gall, le Prof. Heike Bruch, s\u2019inscrivait dans la m\u00eame ligne:<\/p>\n<p><em>\u00ab\u00a0[\u2026] les t\u00e9l\u00e9travailleurs ont besoin d\u2019un \u00e9change avec leurs coll\u00e8gues pour discuter des probl\u00e8mes et faire avancer ensemble des projets. L\u2019absence de contacts professionnels se traduit presque toujours par une baisse de productivit\u00e9. Les employeurs n\u2019ont donc pas int\u00e9r\u00eat \u00e0 forcer les employ\u00e9s \u00e0 travailler chez eux.\u00a0\u00bb<\/em>\u00a0(T\u00e9l\u00e9travail et r\u00e9alit\u00e9, <em>Agefi<\/em>, 28.09.12)<\/p>\n<p>Enfin, un article de 24Emploi paru en mars 2014 et intitul\u00e9\u00a0<em>\u00ab\u00a0Le t\u00e9l\u00e9travail ne fait pas l\u2019unanimit\u00e9 chez les patrons et les employ\u00e9s\u00a0\u00bb<\/em>, d\u00e9taillait les r\u00e9sultats d\u2019une \u00e9tude aupr\u00e8s de PME d\u2019une f\u00e9d\u00e9ration patronale de Suisse Romande:<\/p>\n<p><em>\u00ab\u00a0Parmi les entreprises qui ont particip\u00e9 \u00e0 l\u2019enqu\u00eate, 478 sur 571 ne pratiquent pas le t\u00e9l\u00e9travail et 206 d\u2019entre elles n\u2019ont pas l\u2019intention de le faire \u00e0 l\u2019avenir.\u00a0\u00bb<\/em><\/p>\n<p><em>[\u2026]\u00a0<\/em><\/p>\n<p><em>\u00ab\u00a0Parmi la majorit\u00e9 des entreprises vaudoises qui refusent le t\u00e9l\u00e9travail, l\u2019enqu\u00eate r\u00e9v\u00e8le les arguments principaux suivants: l\u2019activit\u00e9 de l\u2019entreprise n\u2019est nullement compatible avec le t\u00e9l\u00e9travail, elle n\u00e9cessite de la coordination, de l\u2019interaction et d\u2019autres facteurs qui imposent la pr\u00e9sence des collaborateurs. Sont \u00e9galement avanc\u00e9s l\u2019importance du contact avec la client\u00e8le, la confidentialit\u00e9 des donn\u00e9es et la n\u00e9cessit\u00e9 de conserver les documents dans l\u2019entreprise ou encore la difficult\u00e9 du contr\u00f4le du t\u00e9l\u00e9travail et le co\u00fbt de sa mise en \u0153uvre.\u00a0\u00bb<\/em><\/p>\n<p>Et de conclure:<\/p>\n<p><em>\u00ab\u00a0M\u00eame les partisans du t\u00e9l\u00e9travail admettent que celui-l\u00e0 a ses limites et que son introduction impose certaines pr\u00e9cautions, \u00e0 commencer par la d\u00e9signation et la formation des personnes qui le pratiqueront, la n\u00e9cessit\u00e9 de pr\u00e9server une forme de collaboration efficace et de mesurer les r\u00e9sultats.\u00a0\u00bb<\/em><\/p>\n<p><em>[\u2026]<\/em><\/p>\n<p><em>\u00ab\u00a0Sans surprise, l\u2019enqu\u00eate r\u00e9v\u00e8le que ce sont avant tout les t\u00e2ches administratives (secr\u00e9tariat, facturation, salaires, etc.) qui sont concern\u00e9es par le t\u00e9l\u00e9travail.\u00a0\u00bb<\/em><\/p>\n<p><strong>Il semble donc que ce mode de travail, pour fonctionner, n\u00e9cessite l\u2019application de certains principes\u00a0<\/strong>de la part de l\u2019organisation qui veut le mettre en \u0153uvre. Nous allons tenter de les identifier dans l\u2019article suivant, intitul\u00e9\u00a0<a href=\"https:\/\/hr4free.com\/fr\/T%C3%A9l%C3%A9travail-et-management\/Conditions-de-succ%C3%A8s-pour-entreprise\" target=\"_blank\" rel=\"noopener noreferrer\" data-cke-saved-href=\"https:\/\/hr4free.com\/fr\/T\u00e9l\u00e9travail-et-management\/Conditions-de-succ\u00e8s-pour-entreprise\"><strong>\u00ab\u00a0Les conditions de succ\u00e8s d\u2019un syst\u00e8me de t\u00e9l\u00e9travail\u00a0\u00bb<\/strong><\/a>.<\/p>\n<p><em>Auteurs: Antoine Zong-Naba, Vincent Held<\/em><\/p>\n<p><em>A lire \u00e9galement:<\/em><\/p>\n<ul>\n<li><a href=\"https:\/\/hr4free.com\/fr\/T%C3%A9l%C3%A9travail-et-management\/Tendance-entreprises-%C3%A9tude-Etats-Unis\" target=\"_blank\" rel=\"noopener noreferrer\" data-cke-saved-href=\"https:\/\/hr4free.com\/fr\/T\u00e9l\u00e9travail-et-management\/Tendance-entreprises-\u00e9tude-Etats-Unis\"><strong>Le t\u00e9l\u00e9travail, effet de mode ou tendance durable?<\/strong><\/a><\/li>\n<li><a href=\"https:\/\/www.hrtoday.ch\/fr\/article\/le-t-l-travail-dans-le-droit-suisse\" target=\"_blank\" rel=\"noopener noreferrer\" data-cke-saved-href=\"https:\/\/www.hrtoday.ch\/fr\/article\/le-t-l-travail-dans-le-droit-suisse\"><strong>Le t\u00e9l\u00e9travail dans le droit suisse<\/strong><\/a>\u00a0(HR Today)<\/li>\n<\/ul>\n","protected":false},"excerpt":{"rendered":"<p>Si le t\u00e9l\u00e9travail peut pr\u00e9senter un gain significatif en termes de temps de transport pour les employ\u00e9s, le t\u00e9l\u00e9travail a \u00e9galement ses contradicteurs, y compris parmis les dirigeants d&rsquo;entreprises. Dans un \u00ab\u00a0rapport interne\u00a0\u00bb publi\u00e9 en f\u00e9vrier 2013 par le Wall Street Journal, la directrice de la soci\u00e9t\u00e9 Yahoo! s\u2019engageait r\u00e9solument contre la tendance des entreprises [&hellip;]<\/p>\n","protected":false},"author":2,"featured_media":848,"comment_status":"open","ping_status":"closed","sticky":false,"template":"","format":"standard","meta":{"footnotes":""},"categories":[84,120],"tags":[104,122,118],"class_list":["post-918","post","type-post","status-publish","format-standard","has-post-thumbnail","hentry","category-economie-et-emploi","category-teletravail","tag-reorganisations","tag-satisfaction","tag-teletravail"],"yoast_head":"<!-- This site is optimized with the Yoast SEO plugin v28.3 - https:\/\/yoast.com\/product\/yoast-seo-wordpress\/ -->\n<title>T\u00e9l\u00e9travail en entreprise : les limites du syst\u00e8me - HR4Free<\/title>\n<meta name=\"robots\" content=\"noindex, follow, max-snippet:-1, max-image-preview:large, max-video-preview:-1\" \/>\n<meta property=\"og:locale\" content=\"fr_FR\" \/>\n<meta property=\"og:type\" content=\"article\" \/>\n<meta property=\"og:title\" content=\"T\u00e9l\u00e9travail en entreprise : les limites du syst\u00e8me - HR4Free\" \/>\n<meta property=\"og:description\" content=\"Si le t\u00e9l\u00e9travail peut pr\u00e9senter un gain significatif en termes de temps de transport pour les employ\u00e9s, le t\u00e9l\u00e9travail a \u00e9galement ses contradicteurs, y compris parmis les dirigeants d&rsquo;entreprises. Dans un \u00ab\u00a0rapport interne\u00a0\u00bb publi\u00e9 en f\u00e9vrier 2013 par le Wall Street Journal, la directrice de la soci\u00e9t\u00e9 Yahoo! s\u2019engageait r\u00e9solument contre la tendance des entreprises [&hellip;]\" \/>\n<meta property=\"og:url\" content=\"https:\/\/hr4free.com\/fr\/T\u00e9l\u00e9travail-et-management\/Limites-pour-organisation-entreprise\/\" \/>\n<meta property=\"og:site_name\" content=\"HR4Free\" \/>\n<meta property=\"article:published_time\" content=\"2019-02-14T20:14:47+00:00\" \/>\n<meta property=\"article:modified_time\" content=\"2019-07-24T19:25:50+00:00\" \/>\n<meta property=\"og:image\" content=\"https:\/\/hr4free.com\/wp-content\/uploads\/2019\/02\/business-man-2452808__340.jpg\" \/>\n\t<meta property=\"og:image:width\" content=\"510\" \/>\n\t<meta property=\"og:image:height\" content=\"340\" \/>\n\t<meta property=\"og:image:type\" content=\"image\/jpeg\" \/>\n<meta name=\"author\" content=\"Vincent Held\" \/>\n<meta name=\"twitter:card\" content=\"summary_large_image\" \/>\n<meta name=\"twitter:label1\" content=\"\u00c9crit par\" \/>\n\t<meta name=\"twitter:data1\" content=\"Vincent Held\" \/>\n\t<meta name=\"twitter:label2\" content=\"Dur\u00e9e de lecture estim\u00e9e\" \/>\n\t<meta name=\"twitter:data2\" content=\"3 minutes\" \/>\n<script type=\"application\/ld+json\" class=\"yoast-schema-graph\">{\"@context\":\"https:\\\/\\\/schema.org\",\"@graph\":[{\"@type\":\"Article\",\"@id\":\"https:\\\/\\\/hr4free.com\\\/fr\\\/T%C3%A9l%C3%A9travail-et-management\\\/Limites-pour-organisation-entreprise\\\/#article\",\"isPartOf\":{\"@id\":\"https:\\\/\\\/hr4free.com\\\/fr\\\/T%C3%A9l%C3%A9travail-et-management\\\/Limites-pour-organisation-entreprise\\\/\"},\"author\":{\"name\":\"Vincent Held\",\"@id\":\"https:\\\/\\\/hr4free.com\\\/fr\\\/#\\\/schema\\\/person\\\/84d24e645aa7c9881a9be32447ad1f0e\"},\"headline\":\"T\u00e9l\u00e9travail en entreprise : les limites du syst\u00e8me\",\"datePublished\":\"2019-02-14T20:14:47+00:00\",\"dateModified\":\"2019-07-24T19:25:50+00:00\",\"mainEntityOfPage\":{\"@id\":\"https:\\\/\\\/hr4free.com\\\/fr\\\/T%C3%A9l%C3%A9travail-et-management\\\/Limites-pour-organisation-entreprise\\\/\"},\"wordCount\":603,\"commentCount\":0,\"image\":{\"@id\":\"https:\\\/\\\/hr4free.com\\\/fr\\\/T%C3%A9l%C3%A9travail-et-management\\\/Limites-pour-organisation-entreprise\\\/#primaryimage\"},\"thumbnailUrl\":\"https:\\\/\\\/hr4free.com\\\/wp-content\\\/uploads\\\/2019\\\/02\\\/business-man-2452808__340.jpg\",\"keywords\":[\"r\u00e9organisations\",\"satisfaction\",\"T\u00e9l\u00e9travail\"],\"articleSection\":[\"\u00c9conomie et emploi\",\"T\u00e9l\u00e9travail\"],\"inLanguage\":\"fr-FR\",\"potentialAction\":[{\"@type\":\"CommentAction\",\"name\":\"Comment\",\"target\":[\"https:\\\/\\\/hr4free.com\\\/fr\\\/T%C3%A9l%C3%A9travail-et-management\\\/Limites-pour-organisation-entreprise\\\/#respond\"]}]},{\"@type\":\"WebPage\",\"@id\":\"https:\\\/\\\/hr4free.com\\\/fr\\\/T%C3%A9l%C3%A9travail-et-management\\\/Limites-pour-organisation-entreprise\\\/\",\"url\":\"https:\\\/\\\/hr4free.com\\\/fr\\\/T%C3%A9l%C3%A9travail-et-management\\\/Limites-pour-organisation-entreprise\\\/\",\"name\":\"T\u00e9l\u00e9travail en entreprise : les limites du syst\u00e8me - HR4Free\",\"isPartOf\":{\"@id\":\"https:\\\/\\\/hr4free.com\\\/fr\\\/#website\"},\"primaryImageOfPage\":{\"@id\":\"https:\\\/\\\/hr4free.com\\\/fr\\\/T%C3%A9l%C3%A9travail-et-management\\\/Limites-pour-organisation-entreprise\\\/#primaryimage\"},\"image\":{\"@id\":\"https:\\\/\\\/hr4free.com\\\/fr\\\/T%C3%A9l%C3%A9travail-et-management\\\/Limites-pour-organisation-entreprise\\\/#primaryimage\"},\"thumbnailUrl\":\"https:\\\/\\\/hr4free.com\\\/wp-content\\\/uploads\\\/2019\\\/02\\\/business-man-2452808__340.jpg\",\"datePublished\":\"2019-02-14T20:14:47+00:00\",\"dateModified\":\"2019-07-24T19:25:50+00:00\",\"author\":{\"@id\":\"https:\\\/\\\/hr4free.com\\\/fr\\\/#\\\/schema\\\/person\\\/84d24e645aa7c9881a9be32447ad1f0e\"},\"breadcrumb\":{\"@id\":\"https:\\\/\\\/hr4free.com\\\/fr\\\/T%C3%A9l%C3%A9travail-et-management\\\/Limites-pour-organisation-entreprise\\\/#breadcrumb\"},\"inLanguage\":\"fr-FR\",\"potentialAction\":[{\"@type\":\"ReadAction\",\"target\":[\"https:\\\/\\\/hr4free.com\\\/fr\\\/T%C3%A9l%C3%A9travail-et-management\\\/Limites-pour-organisation-entreprise\\\/\"]}]},{\"@type\":\"ImageObject\",\"inLanguage\":\"fr-FR\",\"@id\":\"https:\\\/\\\/hr4free.com\\\/fr\\\/T%C3%A9l%C3%A9travail-et-management\\\/Limites-pour-organisation-entreprise\\\/#primaryimage\",\"url\":\"https:\\\/\\\/hr4free.com\\\/wp-content\\\/uploads\\\/2019\\\/02\\\/business-man-2452808__340.jpg\",\"contentUrl\":\"https:\\\/\\\/hr4free.com\\\/wp-content\\\/uploads\\\/2019\\\/02\\\/business-man-2452808__340.jpg\",\"width\":510,\"height\":340},{\"@type\":\"BreadcrumbList\",\"@id\":\"https:\\\/\\\/hr4free.com\\\/fr\\\/T%C3%A9l%C3%A9travail-et-management\\\/Limites-pour-organisation-entreprise\\\/#breadcrumb\",\"itemListElement\":[{\"@type\":\"ListItem\",\"position\":1,\"name\":\"Accueil\",\"item\":\"https:\\\/\\\/hr4free.com\\\/fr\\\/\"},{\"@type\":\"ListItem\",\"position\":2,\"name\":\"T\u00e9l\u00e9travail en entreprise : les limites du syst\u00e8me\"}]},{\"@type\":\"WebSite\",\"@id\":\"https:\\\/\\\/hr4free.com\\\/fr\\\/#website\",\"url\":\"https:\\\/\\\/hr4free.com\\\/fr\\\/\",\"name\":\"HR4Free\",\"description\":\"\",\"potentialAction\":[{\"@type\":\"SearchAction\",\"target\":{\"@type\":\"EntryPoint\",\"urlTemplate\":\"https:\\\/\\\/hr4free.com\\\/fr\\\/?s={search_term_string}\"},\"query-input\":{\"@type\":\"PropertyValueSpecification\",\"valueRequired\":true,\"valueName\":\"search_term_string\"}}],\"inLanguage\":\"fr-FR\"},{\"@type\":\"Person\",\"@id\":\"https:\\\/\\\/hr4free.com\\\/fr\\\/#\\\/schema\\\/person\\\/84d24e645aa7c9881a9be32447ad1f0e\",\"name\":\"Vincent Held\",\"image\":{\"@type\":\"ImageObject\",\"inLanguage\":\"fr-FR\",\"@id\":\"https:\\\/\\\/secure.gravatar.com\\\/avatar\\\/be36bf09642c9a45643e0c1448d76514bccae85470051c70db9496b705696675?s=96&d=mm&r=g\",\"url\":\"https:\\\/\\\/secure.gravatar.com\\\/avatar\\\/be36bf09642c9a45643e0c1448d76514bccae85470051c70db9496b705696675?s=96&d=mm&r=g\",\"contentUrl\":\"https:\\\/\\\/secure.gravatar.com\\\/avatar\\\/be36bf09642c9a45643e0c1448d76514bccae85470051c70db9496b705696675?s=96&d=mm&r=g\",\"caption\":\"Vincent Held\"},\"url\":\"https:\\\/\\\/hr4free.com\\\/fr\\\/author\\\/vincent\\\/\"}]}<\/script>\n<!-- \/ Yoast SEO plugin. -->","yoast_head_json":{"title":"T\u00e9l\u00e9travail en entreprise : les limites du syst\u00e8me - HR4Free","robots":{"index":"noindex","follow":"follow","max-snippet":"max-snippet:-1","max-image-preview":"max-image-preview:large","max-video-preview":"max-video-preview:-1"},"og_locale":"fr_FR","og_type":"article","og_title":"T\u00e9l\u00e9travail en entreprise : les limites du syst\u00e8me - HR4Free","og_description":"Si le t\u00e9l\u00e9travail peut pr\u00e9senter un gain significatif en termes de temps de transport pour les employ\u00e9s, le t\u00e9l\u00e9travail a \u00e9galement ses contradicteurs, y compris parmis les dirigeants d&rsquo;entreprises. Dans un \u00ab\u00a0rapport interne\u00a0\u00bb publi\u00e9 en f\u00e9vrier 2013 par le Wall Street Journal, la directrice de la soci\u00e9t\u00e9 Yahoo! s\u2019engageait r\u00e9solument contre la tendance des entreprises [&hellip;]","og_url":"https:\/\/hr4free.com\/fr\/T\u00e9l\u00e9travail-et-management\/Limites-pour-organisation-entreprise\/","og_site_name":"HR4Free","article_published_time":"2019-02-14T20:14:47+00:00","article_modified_time":"2019-07-24T19:25:50+00:00","og_image":[{"width":510,"height":340,"url":"https:\/\/hr4free.com\/wp-content\/uploads\/2019\/02\/business-man-2452808__340.jpg","type":"image\/jpeg"}],"author":"Vincent Held","twitter_card":"summary_large_image","twitter_misc":{"\u00c9crit par":"Vincent Held","Dur\u00e9e de lecture estim\u00e9e":"3 minutes"},"schema":{"@context":"https:\/\/schema.org","@graph":[{"@type":"Article","@id":"https:\/\/hr4free.com\/fr\/T%C3%A9l%C3%A9travail-et-management\/Limites-pour-organisation-entreprise\/#article","isPartOf":{"@id":"https:\/\/hr4free.com\/fr\/T%C3%A9l%C3%A9travail-et-management\/Limites-pour-organisation-entreprise\/"},"author":{"name":"Vincent Held","@id":"https:\/\/hr4free.com\/fr\/#\/schema\/person\/84d24e645aa7c9881a9be32447ad1f0e"},"headline":"T\u00e9l\u00e9travail en entreprise : les limites du syst\u00e8me","datePublished":"2019-02-14T20:14:47+00:00","dateModified":"2019-07-24T19:25:50+00:00","mainEntityOfPage":{"@id":"https:\/\/hr4free.com\/fr\/T%C3%A9l%C3%A9travail-et-management\/Limites-pour-organisation-entreprise\/"},"wordCount":603,"commentCount":0,"image":{"@id":"https:\/\/hr4free.com\/fr\/T%C3%A9l%C3%A9travail-et-management\/Limites-pour-organisation-entreprise\/#primaryimage"},"thumbnailUrl":"https:\/\/hr4free.com\/wp-content\/uploads\/2019\/02\/business-man-2452808__340.jpg","keywords":["r\u00e9organisations","satisfaction","T\u00e9l\u00e9travail"],"articleSection":["\u00c9conomie et emploi","T\u00e9l\u00e9travail"],"inLanguage":"fr-FR","potentialAction":[{"@type":"CommentAction","name":"Comment","target":["https:\/\/hr4free.com\/fr\/T%C3%A9l%C3%A9travail-et-management\/Limites-pour-organisation-entreprise\/#respond"]}]},{"@type":"WebPage","@id":"https:\/\/hr4free.com\/fr\/T%C3%A9l%C3%A9travail-et-management\/Limites-pour-organisation-entreprise\/","url":"https:\/\/hr4free.com\/fr\/T%C3%A9l%C3%A9travail-et-management\/Limites-pour-organisation-entreprise\/","name":"T\u00e9l\u00e9travail en entreprise : les limites du syst\u00e8me - HR4Free","isPartOf":{"@id":"https:\/\/hr4free.com\/fr\/#website"},"primaryImageOfPage":{"@id":"https:\/\/hr4free.com\/fr\/T%C3%A9l%C3%A9travail-et-management\/Limites-pour-organisation-entreprise\/#primaryimage"},"image":{"@id":"https:\/\/hr4free.com\/fr\/T%C3%A9l%C3%A9travail-et-management\/Limites-pour-organisation-entreprise\/#primaryimage"},"thumbnailUrl":"https:\/\/hr4free.com\/wp-content\/uploads\/2019\/02\/business-man-2452808__340.jpg","datePublished":"2019-02-14T20:14:47+00:00","dateModified":"2019-07-24T19:25:50+00:00","author":{"@id":"https:\/\/hr4free.com\/fr\/#\/schema\/person\/84d24e645aa7c9881a9be32447ad1f0e"},"breadcrumb":{"@id":"https:\/\/hr4free.com\/fr\/T%C3%A9l%C3%A9travail-et-management\/Limites-pour-organisation-entreprise\/#breadcrumb"},"inLanguage":"fr-FR","potentialAction":[{"@type":"ReadAction","target":["https:\/\/hr4free.com\/fr\/T%C3%A9l%C3%A9travail-et-management\/Limites-pour-organisation-entreprise\/"]}]},{"@type":"ImageObject","inLanguage":"fr-FR","@id":"https:\/\/hr4free.com\/fr\/T%C3%A9l%C3%A9travail-et-management\/Limites-pour-organisation-entreprise\/#primaryimage","url":"https:\/\/hr4free.com\/wp-content\/uploads\/2019\/02\/business-man-2452808__340.jpg","contentUrl":"https:\/\/hr4free.com\/wp-content\/uploads\/2019\/02\/business-man-2452808__340.jpg","width":510,"height":340},{"@type":"BreadcrumbList","@id":"https:\/\/hr4free.com\/fr\/T%C3%A9l%C3%A9travail-et-management\/Limites-pour-organisation-entreprise\/#breadcrumb","itemListElement":[{"@type":"ListItem","position":1,"name":"Accueil","item":"https:\/\/hr4free.com\/fr\/"},{"@type":"ListItem","position":2,"name":"T\u00e9l\u00e9travail en entreprise : les limites du syst\u00e8me"}]},{"@type":"WebSite","@id":"https:\/\/hr4free.com\/fr\/#website","url":"https:\/\/hr4free.com\/fr\/","name":"HR4Free","description":"","potentialAction":[{"@type":"SearchAction","target":{"@type":"EntryPoint","urlTemplate":"https:\/\/hr4free.com\/fr\/?s={search_term_string}"},"query-input":{"@type":"PropertyValueSpecification","valueRequired":true,"valueName":"search_term_string"}}],"inLanguage":"fr-FR"},{"@type":"Person","@id":"https:\/\/hr4free.com\/fr\/#\/schema\/person\/84d24e645aa7c9881a9be32447ad1f0e","name":"Vincent Held","image":{"@type":"ImageObject","inLanguage":"fr-FR","@id":"https:\/\/secure.gravatar.com\/avatar\/be36bf09642c9a45643e0c1448d76514bccae85470051c70db9496b705696675?s=96&d=mm&r=g","url":"https:\/\/secure.gravatar.com\/avatar\/be36bf09642c9a45643e0c1448d76514bccae85470051c70db9496b705696675?s=96&d=mm&r=g","contentUrl":"https:\/\/secure.gravatar.com\/avatar\/be36bf09642c9a45643e0c1448d76514bccae85470051c70db9496b705696675?s=96&d=mm&r=g","caption":"Vincent Held"},"url":"https:\/\/hr4free.com\/fr\/author\/vincent\/"}]}},"_links":{"self":[{"href":"https:\/\/hr4free.com\/fr\/wp-json\/wp\/v2\/posts\/918","targetHints":{"allow":["GET"]}}],"collection":[{"href":"https:\/\/hr4free.com\/fr\/wp-json\/wp\/v2\/posts"}],"about":[{"href":"https:\/\/hr4free.com\/fr\/wp-json\/wp\/v2\/types\/post"}],"author":[{"embeddable":true,"href":"https:\/\/hr4free.com\/fr\/wp-json\/wp\/v2\/users\/2"}],"replies":[{"embeddable":true,"href":"https:\/\/hr4free.com\/fr\/wp-json\/wp\/v2\/comments?post=918"}],"version-history":[{"count":4,"href":"https:\/\/hr4free.com\/fr\/wp-json\/wp\/v2\/posts\/918\/revisions"}],"predecessor-version":[{"id":4087,"href":"https:\/\/hr4free.com\/fr\/wp-json\/wp\/v2\/posts\/918\/revisions\/4087"}],"wp:featuredmedia":[{"embeddable":true,"href":"https:\/\/hr4free.com\/fr\/wp-json\/wp\/v2\/media\/848"}],"wp:attachment":[{"href":"https:\/\/hr4free.com\/fr\/wp-json\/wp\/v2\/media?parent=918"}],"wp:term":[{"taxonomy":"category","embeddable":true,"href":"https:\/\/hr4free.com\/fr\/wp-json\/wp\/v2\/categories?post=918"},{"taxonomy":"post_tag","embeddable":true,"href":"https:\/\/hr4free.com\/fr\/wp-json\/wp\/v2\/tags?post=918"}],"curies":[{"name":"wp","href":"https:\/\/api.w.org\/{rel}","templated":true}]}}