{"id":888,"date":"2019-02-14T07:48:43","date_gmt":"2019-02-14T07:48:43","guid":{"rendered":"http:\/\/hr4free.web-romandie.ch\/?p=888"},"modified":"2019-07-19T22:42:57","modified_gmt":"2019-07-19T22:42:57","slug":"economie-et-emploi-gestion-entreprise-conduite-personnel-afrique","status":"publish","type":"post","link":"https:\/\/hr4free.com\/fr\/Economie-et-Emploi\/Gestion-entreprise-conduite-personnel-Afrique","title":{"rendered":"Vers une gestion d\u2019entreprise adapt\u00e9e aux r\u00e9alit\u00e9s culturelles africaines"},"content":{"rendered":"<p><strong>A l\u2019heure de la mondialisation, la recherche de recettes universelles pour une gestion d\u2019entreprise efficace semble l\u00e9gitime.<\/strong>\u00a0Mais est-il existe-il vraiment une mani\u00e8re de faire qui puisse s\u2019appliquer \u00e0 tous les environnements professionnels, ind\u00e9pendamment de toute prise en compte des r\u00e9alit\u00e9s locales? On peut, par exemple, observer des diff\u00e9rences significatives d\u00e9j\u00e0 entre les mod\u00e8les europ\u00e9en et anglo-saxon, ne serait-ce qu\u2019en termes de protection des salari\u00e9s&#8230;<\/p>\n<p><em>Auteurs: Jonathan Kabr\u00e9, Vincent Held<\/em><\/p>\n<p><strong>Or, sur le continent africain, les entreprises qui d\u00e9bordent le cercle familial, cadre traditionnel de l\u2019activit\u00e9 \u00e9conomique, peuvent tr\u00e8s vite se heurter \u00e0 des obstacles d\u2019ordre culturel.<\/strong>\u00a0Nous allons toutefois voir ici qu\u2019il existe des pistes pour minimiser les probl\u00e8mes les plus fr\u00e9quents, tels que les<em>\u00a0taux d\u2019absent\u00e9isme \u00e9lev\u00e9s<\/em>\u00a0ou une\u00a0<em>difficult\u00e9 \u00e0 faire appliquer certaines normes<\/em>\u00a0<em>et proc\u00e9dures<\/em>.<\/p>\n<p>Mais pour comprendre le sens de ces mesures, il faut avant tout aborder la question du r\u00f4le pr\u00e9pond\u00e9rant \u2013 de par son importance pour la survie m\u00eame de nombreux individus \u2013 de la<em>\u00a0vie communautaire<\/em>\u00a0dans de nombreuses soci\u00e9t\u00e9s africaines.<\/p>\n<h5><strong>Le mod\u00e8le communautaire: atouts et limites pour les \u00e9conomies africaines<\/strong><\/h5>\n<p>L\u2019Afrique subsaharienne poss\u00e8de une r\u00e9elle diversit\u00e9 d&rsquo;ethnies et de cultures, dont les coutumes varient fortement du Nord au Sud, de l\u2019Est \u00e0 l\u2019Ouest. D\u2019un pays \u00e0 l\u2019autre, l\u2019on d\u00e9nombre quantit\u00e9 d\u2019ethnies et de tribus diff\u00e9rentes les unes des autres \u00e0 bien des \u00e9gards. Or, malgr\u00e9 leur diversit\u00e9 culturelle, ces soci\u00e9t\u00e9s ont souvent en commun un \u00e9l\u00e9ment essentiel: la\u00a0<em>communaut\u00e9\u00a0<\/em>occupe une place pr\u00e9pond\u00e9rante dans la vie de ses membres.<\/p>\n<p>Cette pr\u00e9pond\u00e9rance de la vie communautaire peut s\u2019expliquer par le fait que la\u00a0<em>solidarit\u00e9<\/em>\u00a0qu\u2019elle implique permet de maintenir une forme d&rsquo;<em>assistance sociale<\/em>\u00a0au b\u00e9n\u00e9fice des personnes les plus vuln\u00e9rables. Or, il s\u2019agit l\u00e0 d\u2019un atout de poids pour des soci\u00e9t\u00e9s confront\u00e9es \u00e0 un cadre \u00e9conomique pr\u00e9caire.<\/p>\n<p><strong>Le revers de la m\u00e9daille est que chaque membre du groupe se devra d\u2019\u00eatre disponible pour les autres<\/strong>, puisqu\u2019il b\u00e9n\u00e9ficie lui-m\u00eame de l\u2019aide et du soutien du groupe en cas de besoin. La vie communautaire est donc g\u00e9n\u00e9ratrice d\u2019obligations diverses, telles que des renvois d\u2019ascenseurs et autres susceptibilit\u00e9s \u00e0 m\u00e9nager.<\/p>\n<p><strong>C\u2019est sans doute pour cela que l\u2019entreprise familiale est l\u2019unit\u00e9 de production traditionnellement privil\u00e9gi\u00e9e<\/strong>:<strong>\u00a0<\/strong>form\u00e9e de proches ayant un int\u00e9r\u00eat direct au succ\u00e8s de l\u2019affaire, celle-ci permet en effet de rediriger un maximum de ressources vers les membres de l\u2019entourage imm\u00e9diat, avec lesquels les relations de confiance sont fortes.<\/p>\n<p>Or, la n\u00e9cessit\u00e9 contemporaine de faire fonctionner les\u00a0<em>infrastructures publiques<\/em>\u00a0(gestion des eaux, production d\u2019\u00e9lectricit\u00e9, administrations fiscales&#8230;) et\u00a0<em>entreprises<\/em>\u00a0<em>industrielles<\/em>\u00a0(soci\u00e9t\u00e9s mini\u00e8res, p\u00e9troli\u00e8res, unit\u00e9s de transformation des mati\u00e8res premi\u00e8res&#8230;) implique de faire cohabiter des employ\u00e9s provenant d\u2019un cercle beaucoup plus large, dont l\u2019int\u00e9r\u00eat dans la r\u00e9ussite de l\u2019entreprise sera n\u00e9cessairement tr\u00e8s dilu\u00e9.<\/p>\n<p><b>Il peut encore \u00eatre utile d&rsquo;introduire la notion de \u00ab\u00a0famille \u00e9largie\u00a0\u00bb, qui va de pair avec la vie communautaire dans de nombreuses soci\u00e9t\u00e9s africaines.\u00a0<\/b>Alors que la\u00a0<em>famille nucl\u00e9aire<\/em>\u00a0est ax\u00e9e autour du p\u00e8re, de la m\u00e8re et des enfants, la\u00a0<em>famille \u00e9largie\u00a0<\/em>aura tendance \u00e0 int\u00e9grer \u00e9troitement, outre les parents et enfants, les oncles, les tantes, les cousines, cousins, neveux\u2026 Un autre \u00e9l\u00e9ment \u00e0 prendre en compte est le fait que ce lien de parent\u00e9\u00a0ne repose pas n\u00e9cessairement sur les\u00a0<em>liens du sang<\/em>. Il peut en effet \u00e9galement s&rsquo;\u00e9tendre \u00e0 certaines\u00a0<em>relations sociales<\/em>\u00a0avec lesquelles des liens forts existent \u2013 les notions d\u2019\u00a0\u00bboncles\u00a0\u00bb,\u00a0\u00ab\u00a0tantes\u00a0\u00bb,\u00a0\u00ab\u00a0cousins\u00a0\u00bb\u00a0et\u00a0\u00ab\u00a0cousines\u00a0\u00bb\u00a0pouvant s\u2019appliquer ind\u00e9pendamment de tout lien biologique direct.<\/p>\n<p>Nous allons maintenant voir comment la comp\u00e9tition entre les int\u00e9r\u00eats de l\u2019entreprise et ceux des diff\u00e9rentes communaut\u00e9s auxquelles appartiennent les employ\u00e9s, peut donner lieu \u00e0 de nombreux dysfonctionnements.<\/p>\n<h5><strong>L&rsquo;impact de la vie communautaire sur le fonctionnement des entreprises extrafamiliales<\/strong><\/h5>\n<p>Il est en effet compr\u00e9hensible que la vie communautaire, avec son importance primordiale pour la survie m\u00eame de l\u2019individu, puisse empi\u00e9ter sur le fonctionnement de l\u2019entreprise \u2013 ce qui a pu amener certains observateurs \u00e0 consid\u00e9rer que\u00a0<em>\u00a0<\/em><em>\u00ab\u00a0l\u2019entreprise est un corps \u00e9tranger \u00e0 l\u2019Afrique\u00a0[&#8230;]\u00a0<\/em><em>un corps qui n\u2019a jamais \u00e9t\u00e9 compl\u00e8tement accept\u00e9 ni totalement dig\u00e9r\u00e9\u00a0\u00bb<\/em>. (1)<\/p>\n<p>Et voici un exemple qui semble corroborer ce point de vue. Il s\u2019agit, par exemple, de\u00a0<strong>l\u2019absent\u00e9isme caus\u00e9 par la n\u00e9cessit\u00e9 de se rendre aux fun\u00e9railles des membres de la\u00a0<\/strong><strong>\u00ab\u00a0famille\u00a0\u00bb<\/strong><strong>\u00a0au sens large, une r\u00e9alit\u00e9 avec laquelle les entreprises sont souvent forc\u00e9es de composer<\/strong>. Un manquement \u00e0 cette obligation sociale pour des raisons professionnelles peut, en effet, \u00eatre totalement incompris de la communaut\u00e9 et entra\u00eener un dommage de r\u00e9putation important pour la personne concern\u00e9e. A tel point que m\u00eame une menace de licenciement n\u2019aura pas n\u00e9cessairement d\u2019effet dissuasif.<\/p>\n<p>Un autre aspect de cette intrusion de la vie communautaire dans le fonctionnement de l\u2019organisation est li\u00e9 au fait que\u00a0<strong>les relations telles que d\u00e9finies par l\u2019organigramme peuvent \u00eatre court-circuit\u00e9es par les int\u00e9r\u00eats qui lient les employ\u00e9s entre eux, en dehors du travail<\/strong>. Il peut ainsi \u00eatre difficile de s\u00e9vir contre un subordonn\u00e9 qui serait absent de fa\u00e7on r\u00e9p\u00e9t\u00e9e ou devoir prendre du temps pour n\u00e9gocier l\u2019application de certaines normes ou proc\u00e9dures, la contrainte envers un membre de sa propre communaut\u00e9 pouvant entra\u00eener des mesures de r\u00e9torsion envers soi-m\u00eame et ses proches.<\/p>\n<p>Au-del\u00e0 des absences pour les enterrements, c\u2019est sans doute ce risque de collusion entre les cadres et les employ\u00e9s des \u00e9chelons inf\u00e9rieurs qui peut principalement expliquer le fait que\u00a0<em>\u00ab\u00a0la gestion du temps \u2013 et plus particuli\u00e8rement en ce qui concerne l\u2019absent\u00e9isme \u2013 est consid\u00e9r\u00e9e par de nombreux chercheurs comme un facteur explicatif majeur de la faible comp\u00e9titivit\u00e9 des entreprises en Afrique\u00a0\u00bb<\/em><em>\u00a0<\/em>(2).<\/p>\n<p>Remarquons enfin que\u00a0<strong>l\u2019importance traditionnellement accord\u00e9e au respect de la parole donn\u00e9e<\/strong><strong>\u00a0dans de nombreuses soci\u00e9t\u00e9s peut rendre passablement ardu le contr\u00f4le des proc\u00e9dures qui requi\u00e8rent une attestation \u00e9crite<\/strong>. Prenons l\u2019exemple d\u2019un employ\u00e9 qui affirme avoir pay\u00e9 un certain montant en liquide pour une prestation sur les fonds de l\u2019entreprise, mais qui ne dispose pas d\u2019un re\u00e7u. Si la production syst\u00e9matique de factures n\u2019est pas usuelle dans la culture locale, ce collaborateur pourrait ne pas comprendre qu\u2019on lui demande de fournir une preuve de son paiement et percevoir cette exigence comme un manque de confiance \u00e0 son \u00e9gard. Il conviendra d\u00e8s lors de replacer cette pratique (la production de factures) dans le contexte de\u00a0<em>proc\u00e9dures standardis\u00e9es<\/em>, visant des buts clairement explicables, tels que la tenue d\u2019une comptabilit\u00e9 qui respecte les lois en vigueur.<\/p>\n<p>Nous allons maintenant voir quelques mesures \u00e0 envisager pour permettre \u00e0 la Direction de l\u2019entreprise d\u2019\u00e9viter d\u2019\u00eatre court-circuit\u00e9e par les relations extraprofessionnelles fortes qui peuvent lier entre eux les cadres et collaborateurs des \u00e9chelons inf\u00e9rieurs de l\u2019organisation.<\/p>\n<h5><strong>Au-del\u00e0 des structures traditionnelles: quelques pistes pour un \u00ab\u00a0management africain\u00a0\u00bb<\/strong><\/h5>\n<p>Dans un livre paru en 1998, Marcel Zadi Kessy, patron de plusieurs filiales du groupe Bouygues en C\u00f4te d\u2019Ivoire, r\u00e9futait totalement l\u2019id\u00e9e que\u00a0<em>\u00ab\u00a0les traits culturels africains [seraient] non conformes \u00e0 une gestion de l\u2019entreprise moderne\u00a0\u00bb<\/em>. (3)<\/p>\n<p>Son ouvrage\u00a0<em>Culture africaine et management de l\u2019entreprise moderne<\/em>\u00a0pr\u00e9conisait diff\u00e9rentes mesures, devant permettre aux d\u00e9cideurs de l\u2019entreprise d\u2019exercer un contr\u00f4le direct sur l\u2019activit\u00e9 des employ\u00e9s \u00e0 tous les niveaux de l\u2019organisation:<\/p>\n<ul>\n<li><strong>D\u00e9finir et diffuser une charte des valeurs de l\u2019organisation<\/strong>\u00a0qui\u00a0<em>\u00ab\u00a0ne doit pas \u00eatre un simple slogan, symbolisant la vision id\u00e9ale d\u2019une entreprise, [mais] conditionne les comportements de chaque travailleur\u00a0\u00bb<\/em>. Si cette\u00a0\u00ab\u00a0charte\u00a0\u00bb\u00a0refl\u00e9tera les\u00a0\u00ab\u00a0valeurs de la politique manag\u00e9riale\u00a0\u00bb, elle n\u2019en sera pas moins orient\u00e9e vers le respect des proc\u00e9dures, lesquelles doivent \u00eatre\u00a0<em>\u00ab\u00a0clairement d\u00e9finies, comprises, accept\u00e9es par tous et facilement appliqu\u00e9es, sans remise en question permanente\u00a0\u00bb<\/em>.<\/li>\n<\/ul>\n<ul>\n<li><strong>Utiliser la\u00a0\u00ab\u00a0formation interne\u00a0\u00bb\u00a0comme outil pour obtenir l\u2019adh\u00e9sion des employ\u00e9s \u00e0 la\u00a0\u00ab\u00a0charte\u00a0\u00bb<\/strong><strong>\u00a0<\/strong>et les sensibiliser au respect des proc\u00e9dures. Il s\u2019agit l\u00e0 de r\u00e9pondre \u00e0\u00a0\u00ab\u00a0un besoin d\u2019encadrement sur le terrain\u00a0\u00bb, plut\u00f4t que d\u2019acqu\u00e9rir de nouvelles comp\u00e9tences. Il peut ainsi \u00eatre utile d\u2019insister sur les comportements attendus dans des situations bien pr\u00e9cises. Par ailleurs, le fait d\u2019obtenir l\u2019accord explicite (et non contraint!) du groupe aux proc\u00e9dures propos\u00e9es par l\u2019organisation pourra donner \u00e0 celles-ci une l\u00e9gitimit\u00e9 qui r\u00e9duira le risque de remise en question ult\u00e9rieure par tel ou tel individu (du fait de l\u2019importance de la\u00a0\u00ab\u00a0parole donn\u00e9e\u00a0\u00bb, voir section pr\u00e9c\u00e9dente).<\/li>\n<\/ul>\n<ul>\n<li><strong>Mettre en place un syst\u00e8me de notation individuelle appuy\u00e9 sur une grille comportementale d\u00e9taill\u00e9e<\/strong>, dont les crit\u00e8res d\u2019\u00e9valuation renvoient notamment \u00e0 la\u00a0<em>\u00ab\u00a0morale\u00a0\u00bb<\/em>\u00a0et aux\u00a0<em>\u00ab\u00a0traditions\u00a0\u00bb<\/em>. Si M. Zadi Kessy ne donnait pas le d\u00e9tail de la grille en question, on peut toutefois mentionner l\u2019importance de valeurs traditionnelles telles que le respect des a\u00een\u00e9s, qui peut repr\u00e9senter, en soi, une raison suffisante pour exiger un strict respect des consignes de la part d\u2019un subordonn\u00e9 moins \u00e2g\u00e9. Le corollaire \u00e9tant qu\u2019un sup\u00e9rieur peu \u00e2g\u00e9 risque, dans bien des cas, de souffrir d\u2019un d\u00e9ficit de l\u00e9gitimit\u00e9&#8230;<\/li>\n<\/ul>\n<p><strong>\u200bM. Zadi Kessy insistait \u00e9galement dans son ouvrage sur l\u2019utilit\u00e9 de \u00ab\u00a0f\u00e9miniser certains postes\u00a0\u00bb<\/strong>, c\u2019est-\u00e0-dire de ne confier certains r\u00f4les qu\u2019\u00e0 des femmes (relations avec la client\u00e8le \/ contr\u00f4le interne). Ceci dans le but de faciliter le d\u00e9samor\u00e7age de situations potentiellement conflictuelles et de soutenir l\u2019application des proc\u00e9dures par les hommes sans tentative de n\u00e9gocier. Il pr\u00e9cisait \u00e0 cet effet que les hommes n\u2019aiment pas devoir composer avec les femmes\u00a0\u00ab\u00a0pour des raisons psychologiques\u00a0\u00bb, et que celles-ci sont naturellement\u00a0\u00ab\u00a0plus respectueuses\u00a0\u00bb\u00a0des r\u00e8gles impos\u00e9es.<br \/>\n<strong>Enfin, l\u2019id\u00e9e de privil\u00e9gier une certaine mixit\u00e9 ethnique<\/strong><strong>, en veillant \u00e0 m\u00e9langer des employ\u00e9s provenant de communaut\u00e9s distinctes<\/strong>,\u00a0peut \u00eatre une piste \u00e0 investiguer pour att\u00e9nuer les risques d\u2019interf\u00e9rences entre les int\u00e9r\u00eats de l\u2019entreprise et ceux des cadres charg\u00e9s de faire appliquer les normes et proc\u00e9dures d\u00e9finies par la Direction.<\/p>\n<p><strong>R\u00e9f\u00e9rences<\/strong><\/p>\n<p>1. Jean-Yves Lavoie,\u00a0<a href=\"https:\/\/books.google.ch\/books?id=6S9D5zQASqIC&amp;pg=PA178&amp;lpg=PA178&amp;dq=l%E2%80%99entreprise+moderne+est+un+corps+%C3%A9tranger+%C3%A0+l%E2%80%99Afrique&amp;source=bl&amp;ots=wQvZLjK3qN&amp;sig=4WPvVVl6PrUURN36Cu1hrSLSRUA&amp;hl=fr&amp;sa=X&amp;redir_esc=y#v=onepage&amp;q=l%E2%80%99entreprise%20moderne%20est%20un%20corps%20%C3%A9tranger%20%C3%A0%20l%E2%80%99Afrique&amp;f=false\" target=\"_blank\" rel=\"noopener\" data-cke-saved-href=\"https:\/\/books.google.ch\/books?id=6S9D5zQASqIC&amp;pg=PA178&amp;lpg=PA178&amp;dq=l\u2019entreprise+moderne+est+un+corps+\u00e9tranger+\u00e0+l\u2019Afrique&amp;source=bl&amp;ots=wQvZLjK3qN&amp;sig=4WPvVVl6PrUURN36Cu1hrSLSRUA&amp;hl=fr&amp;sa=X&amp;redir_esc=y#v=onepage&amp;q=l%E2%80%99entreprise%20moderne%20est%20un%20corps%20%C3%A9tranger%20%C3%A0%20l%E2%80%99Afrique&amp;f=false\">Gestion \u00e9trang\u00e8re du d\u00e9veloppement de l&rsquo;Afrique malade du management<\/a>, Presses de l&rsquo;Universit\u00e9 du Qu\u00e9bec<\/p>\n<p>2. Laurent Bazin,\u00a0<a href=\"http:\/\/horizon.documentation.ird.fr\/exl-doc\/pleins_textes\/pleins_textes_6\/b_fdi_39-40\/42417.pdf\" target=\"_blank\" rel=\"noopener\" data-cke-saved-href=\"http:\/\/horizon.documentation.ird.fr\/exl-doc\/pleins_textes\/pleins_textes_6\/b_fdi_39-40\/42417.pdf\">Le changement social dans l\u2019entreprise africaine : comp\u00e9titivit\u00e9 et syst\u00e8mes de gestion<\/a>, Centre Orstom de Petit-Bassam<\/p>\n<p>3. Marcel Zadi Kessy,\u00a0<a href=\"http:\/\/www.annales.org\/gc\/1999\/gc06-99\/06-51-60.pdf\" target=\"_blank\" rel=\"noopener\" data-cke-saved-href=\"http:\/\/www.annales.org\/gc\/1999\/gc06-99\/06-51-60.pdf\">Culture africaine et management de l\u2019entreprise moderne<\/a>, 1998<\/p>\n","protected":false},"excerpt":{"rendered":"<p>A l\u2019heure de la mondialisation, la recherche de recettes universelles pour une gestion d\u2019entreprise efficace semble l\u00e9gitime.\u00a0Mais est-il existe-il vraiment une mani\u00e8re de faire qui puisse s\u2019appliquer \u00e0 tous les environnements professionnels, ind\u00e9pendamment de toute prise en compte des r\u00e9alit\u00e9s locales? On peut, par exemple, observer des diff\u00e9rences significatives d\u00e9j\u00e0 entre les mod\u00e8les europ\u00e9en et [&hellip;]<\/p>\n","protected":false},"author":2,"featured_media":3963,"comment_status":"open","ping_status":"closed","sticky":false,"template":"","format":"standard","meta":{"footnotes":""},"categories":[84,119],"tags":[114,79],"class_list":["post-888","post","type-post","status-publish","format-standard","has-post-thumbnail","hentry","category-economie-et-emploi","category-management-international","tag-competences-interculturelles","tag-gestion-dentreprise"],"yoast_head":"<!-- This site is optimized with the Yoast SEO plugin v28.3 - https:\/\/yoast.com\/product\/yoast-seo-wordpress\/ -->\n<title>Vers une gestion d\u2019entreprise adapt\u00e9e aux r\u00e9alit\u00e9s culturelles africaines - HR4Free<\/title>\n<meta name=\"robots\" content=\"noindex, follow, max-snippet:-1, max-image-preview:large, max-video-preview:-1\" \/>\n<meta property=\"og:locale\" content=\"fr_FR\" \/>\n<meta property=\"og:type\" content=\"article\" \/>\n<meta property=\"og:title\" content=\"Vers une gestion d\u2019entreprise adapt\u00e9e aux r\u00e9alit\u00e9s culturelles africaines - HR4Free\" \/>\n<meta property=\"og:description\" content=\"A l\u2019heure de la mondialisation, la recherche de recettes universelles pour une gestion d\u2019entreprise efficace semble l\u00e9gitime.\u00a0Mais est-il existe-il vraiment une mani\u00e8re de faire qui puisse s\u2019appliquer \u00e0 tous les environnements professionnels, ind\u00e9pendamment de toute prise en compte des r\u00e9alit\u00e9s locales? On peut, par exemple, observer des diff\u00e9rences significatives d\u00e9j\u00e0 entre les mod\u00e8les europ\u00e9en et [&hellip;]\" \/>\n<meta property=\"og:url\" content=\"https:\/\/hr4free.com\/fr\/Economie-et-Emploi\/Gestion-entreprise-conduite-personnel-Afrique\/\" \/>\n<meta property=\"og:site_name\" content=\"HR4Free\" \/>\n<meta property=\"article:published_time\" content=\"2019-02-14T07:48:43+00:00\" \/>\n<meta property=\"article:modified_time\" content=\"2019-07-19T22:42:57+00:00\" \/>\n<meta property=\"og:image\" content=\"https:\/\/hr4free.com\/wp-content\/uploads\/2019\/02\/africa-944465_1920_0.jpg\" \/>\n\t<meta property=\"og:image:width\" content=\"664\" \/>\n\t<meta property=\"og:image:height\" content=\"335\" \/>\n\t<meta property=\"og:image:type\" content=\"image\/jpeg\" \/>\n<meta name=\"author\" content=\"Vincent Held\" \/>\n<meta name=\"twitter:card\" content=\"summary_large_image\" \/>\n<meta name=\"twitter:label1\" content=\"\u00c9crit par\" \/>\n\t<meta name=\"twitter:data1\" content=\"Vincent Held\" \/>\n\t<meta name=\"twitter:label2\" content=\"Dur\u00e9e de lecture estim\u00e9e\" \/>\n\t<meta name=\"twitter:data2\" content=\"9 minutes\" \/>\n<script type=\"application\/ld+json\" class=\"yoast-schema-graph\">{\"@context\":\"https:\\\/\\\/schema.org\",\"@graph\":[{\"@type\":\"Article\",\"@id\":\"https:\\\/\\\/hr4free.com\\\/fr\\\/Economie-et-Emploi\\\/Gestion-entreprise-conduite-personnel-Afrique\\\/#article\",\"isPartOf\":{\"@id\":\"https:\\\/\\\/hr4free.com\\\/fr\\\/Economie-et-Emploi\\\/Gestion-entreprise-conduite-personnel-Afrique\\\/\"},\"author\":{\"name\":\"Vincent Held\",\"@id\":\"https:\\\/\\\/hr4free.com\\\/fr\\\/#\\\/schema\\\/person\\\/84d24e645aa7c9881a9be32447ad1f0e\"},\"headline\":\"Vers une gestion d\u2019entreprise adapt\u00e9e aux r\u00e9alit\u00e9s culturelles africaines\",\"datePublished\":\"2019-02-14T07:48:43+00:00\",\"dateModified\":\"2019-07-19T22:42:57+00:00\",\"mainEntityOfPage\":{\"@id\":\"https:\\\/\\\/hr4free.com\\\/fr\\\/Economie-et-Emploi\\\/Gestion-entreprise-conduite-personnel-Afrique\\\/\"},\"wordCount\":1886,\"commentCount\":0,\"image\":{\"@id\":\"https:\\\/\\\/hr4free.com\\\/fr\\\/Economie-et-Emploi\\\/Gestion-entreprise-conduite-personnel-Afrique\\\/#primaryimage\"},\"thumbnailUrl\":\"https:\\\/\\\/hr4free.com\\\/wp-content\\\/uploads\\\/2019\\\/02\\\/africa-944465_1920_0.jpg\",\"keywords\":[\"comp\u00e9tences interculturelles\",\"gestion d'entreprise\"],\"articleSection\":[\"\u00c9conomie et emploi\",\"Gestion interculturelle\"],\"inLanguage\":\"fr-FR\",\"potentialAction\":[{\"@type\":\"CommentAction\",\"name\":\"Comment\",\"target\":[\"https:\\\/\\\/hr4free.com\\\/fr\\\/Economie-et-Emploi\\\/Gestion-entreprise-conduite-personnel-Afrique\\\/#respond\"]}]},{\"@type\":\"WebPage\",\"@id\":\"https:\\\/\\\/hr4free.com\\\/fr\\\/Economie-et-Emploi\\\/Gestion-entreprise-conduite-personnel-Afrique\\\/\",\"url\":\"https:\\\/\\\/hr4free.com\\\/fr\\\/Economie-et-Emploi\\\/Gestion-entreprise-conduite-personnel-Afrique\\\/\",\"name\":\"Vers une gestion d\u2019entreprise adapt\u00e9e aux r\u00e9alit\u00e9s culturelles africaines - HR4Free\",\"isPartOf\":{\"@id\":\"https:\\\/\\\/hr4free.com\\\/fr\\\/#website\"},\"primaryImageOfPage\":{\"@id\":\"https:\\\/\\\/hr4free.com\\\/fr\\\/Economie-et-Emploi\\\/Gestion-entreprise-conduite-personnel-Afrique\\\/#primaryimage\"},\"image\":{\"@id\":\"https:\\\/\\\/hr4free.com\\\/fr\\\/Economie-et-Emploi\\\/Gestion-entreprise-conduite-personnel-Afrique\\\/#primaryimage\"},\"thumbnailUrl\":\"https:\\\/\\\/hr4free.com\\\/wp-content\\\/uploads\\\/2019\\\/02\\\/africa-944465_1920_0.jpg\",\"datePublished\":\"2019-02-14T07:48:43+00:00\",\"dateModified\":\"2019-07-19T22:42:57+00:00\",\"author\":{\"@id\":\"https:\\\/\\\/hr4free.com\\\/fr\\\/#\\\/schema\\\/person\\\/84d24e645aa7c9881a9be32447ad1f0e\"},\"breadcrumb\":{\"@id\":\"https:\\\/\\\/hr4free.com\\\/fr\\\/Economie-et-Emploi\\\/Gestion-entreprise-conduite-personnel-Afrique\\\/#breadcrumb\"},\"inLanguage\":\"fr-FR\",\"potentialAction\":[{\"@type\":\"ReadAction\",\"target\":[\"https:\\\/\\\/hr4free.com\\\/fr\\\/Economie-et-Emploi\\\/Gestion-entreprise-conduite-personnel-Afrique\\\/\"]}]},{\"@type\":\"ImageObject\",\"inLanguage\":\"fr-FR\",\"@id\":\"https:\\\/\\\/hr4free.com\\\/fr\\\/Economie-et-Emploi\\\/Gestion-entreprise-conduite-personnel-Afrique\\\/#primaryimage\",\"url\":\"https:\\\/\\\/hr4free.com\\\/wp-content\\\/uploads\\\/2019\\\/02\\\/africa-944465_1920_0.jpg\",\"contentUrl\":\"https:\\\/\\\/hr4free.com\\\/wp-content\\\/uploads\\\/2019\\\/02\\\/africa-944465_1920_0.jpg\",\"width\":664,\"height\":335},{\"@type\":\"BreadcrumbList\",\"@id\":\"https:\\\/\\\/hr4free.com\\\/fr\\\/Economie-et-Emploi\\\/Gestion-entreprise-conduite-personnel-Afrique\\\/#breadcrumb\",\"itemListElement\":[{\"@type\":\"ListItem\",\"position\":1,\"name\":\"Accueil\",\"item\":\"https:\\\/\\\/hr4free.com\\\/fr\\\/\"},{\"@type\":\"ListItem\",\"position\":2,\"name\":\"Vers une gestion d\u2019entreprise adapt\u00e9e aux r\u00e9alit\u00e9s culturelles africaines\"}]},{\"@type\":\"WebSite\",\"@id\":\"https:\\\/\\\/hr4free.com\\\/fr\\\/#website\",\"url\":\"https:\\\/\\\/hr4free.com\\\/fr\\\/\",\"name\":\"HR4Free\",\"description\":\"\",\"potentialAction\":[{\"@type\":\"SearchAction\",\"target\":{\"@type\":\"EntryPoint\",\"urlTemplate\":\"https:\\\/\\\/hr4free.com\\\/fr\\\/?s={search_term_string}\"},\"query-input\":{\"@type\":\"PropertyValueSpecification\",\"valueRequired\":true,\"valueName\":\"search_term_string\"}}],\"inLanguage\":\"fr-FR\"},{\"@type\":\"Person\",\"@id\":\"https:\\\/\\\/hr4free.com\\\/fr\\\/#\\\/schema\\\/person\\\/84d24e645aa7c9881a9be32447ad1f0e\",\"name\":\"Vincent Held\",\"image\":{\"@type\":\"ImageObject\",\"inLanguage\":\"fr-FR\",\"@id\":\"https:\\\/\\\/secure.gravatar.com\\\/avatar\\\/be36bf09642c9a45643e0c1448d76514bccae85470051c70db9496b705696675?s=96&d=mm&r=g\",\"url\":\"https:\\\/\\\/secure.gravatar.com\\\/avatar\\\/be36bf09642c9a45643e0c1448d76514bccae85470051c70db9496b705696675?s=96&d=mm&r=g\",\"contentUrl\":\"https:\\\/\\\/secure.gravatar.com\\\/avatar\\\/be36bf09642c9a45643e0c1448d76514bccae85470051c70db9496b705696675?s=96&d=mm&r=g\",\"caption\":\"Vincent Held\"},\"url\":\"https:\\\/\\\/hr4free.com\\\/fr\\\/author\\\/vincent\\\/\"}]}<\/script>\n<!-- \/ Yoast SEO plugin. -->","yoast_head_json":{"title":"Vers une gestion d\u2019entreprise adapt\u00e9e aux r\u00e9alit\u00e9s culturelles africaines - HR4Free","robots":{"index":"noindex","follow":"follow","max-snippet":"max-snippet:-1","max-image-preview":"max-image-preview:large","max-video-preview":"max-video-preview:-1"},"og_locale":"fr_FR","og_type":"article","og_title":"Vers une gestion d\u2019entreprise adapt\u00e9e aux r\u00e9alit\u00e9s culturelles africaines - HR4Free","og_description":"A l\u2019heure de la mondialisation, la recherche de recettes universelles pour une gestion d\u2019entreprise efficace semble l\u00e9gitime.\u00a0Mais est-il existe-il vraiment une mani\u00e8re de faire qui puisse s\u2019appliquer \u00e0 tous les environnements professionnels, ind\u00e9pendamment de toute prise en compte des r\u00e9alit\u00e9s locales? On peut, par exemple, observer des diff\u00e9rences significatives d\u00e9j\u00e0 entre les mod\u00e8les europ\u00e9en et [&hellip;]","og_url":"https:\/\/hr4free.com\/fr\/Economie-et-Emploi\/Gestion-entreprise-conduite-personnel-Afrique\/","og_site_name":"HR4Free","article_published_time":"2019-02-14T07:48:43+00:00","article_modified_time":"2019-07-19T22:42:57+00:00","og_image":[{"width":664,"height":335,"url":"https:\/\/hr4free.com\/wp-content\/uploads\/2019\/02\/africa-944465_1920_0.jpg","type":"image\/jpeg"}],"author":"Vincent Held","twitter_card":"summary_large_image","twitter_misc":{"\u00c9crit par":"Vincent Held","Dur\u00e9e de lecture estim\u00e9e":"9 minutes"},"schema":{"@context":"https:\/\/schema.org","@graph":[{"@type":"Article","@id":"https:\/\/hr4free.com\/fr\/Economie-et-Emploi\/Gestion-entreprise-conduite-personnel-Afrique\/#article","isPartOf":{"@id":"https:\/\/hr4free.com\/fr\/Economie-et-Emploi\/Gestion-entreprise-conduite-personnel-Afrique\/"},"author":{"name":"Vincent Held","@id":"https:\/\/hr4free.com\/fr\/#\/schema\/person\/84d24e645aa7c9881a9be32447ad1f0e"},"headline":"Vers une gestion d\u2019entreprise adapt\u00e9e aux r\u00e9alit\u00e9s culturelles africaines","datePublished":"2019-02-14T07:48:43+00:00","dateModified":"2019-07-19T22:42:57+00:00","mainEntityOfPage":{"@id":"https:\/\/hr4free.com\/fr\/Economie-et-Emploi\/Gestion-entreprise-conduite-personnel-Afrique\/"},"wordCount":1886,"commentCount":0,"image":{"@id":"https:\/\/hr4free.com\/fr\/Economie-et-Emploi\/Gestion-entreprise-conduite-personnel-Afrique\/#primaryimage"},"thumbnailUrl":"https:\/\/hr4free.com\/wp-content\/uploads\/2019\/02\/africa-944465_1920_0.jpg","keywords":["comp\u00e9tences interculturelles","gestion d'entreprise"],"articleSection":["\u00c9conomie et emploi","Gestion interculturelle"],"inLanguage":"fr-FR","potentialAction":[{"@type":"CommentAction","name":"Comment","target":["https:\/\/hr4free.com\/fr\/Economie-et-Emploi\/Gestion-entreprise-conduite-personnel-Afrique\/#respond"]}]},{"@type":"WebPage","@id":"https:\/\/hr4free.com\/fr\/Economie-et-Emploi\/Gestion-entreprise-conduite-personnel-Afrique\/","url":"https:\/\/hr4free.com\/fr\/Economie-et-Emploi\/Gestion-entreprise-conduite-personnel-Afrique\/","name":"Vers une gestion d\u2019entreprise adapt\u00e9e aux r\u00e9alit\u00e9s culturelles africaines - HR4Free","isPartOf":{"@id":"https:\/\/hr4free.com\/fr\/#website"},"primaryImageOfPage":{"@id":"https:\/\/hr4free.com\/fr\/Economie-et-Emploi\/Gestion-entreprise-conduite-personnel-Afrique\/#primaryimage"},"image":{"@id":"https:\/\/hr4free.com\/fr\/Economie-et-Emploi\/Gestion-entreprise-conduite-personnel-Afrique\/#primaryimage"},"thumbnailUrl":"https:\/\/hr4free.com\/wp-content\/uploads\/2019\/02\/africa-944465_1920_0.jpg","datePublished":"2019-02-14T07:48:43+00:00","dateModified":"2019-07-19T22:42:57+00:00","author":{"@id":"https:\/\/hr4free.com\/fr\/#\/schema\/person\/84d24e645aa7c9881a9be32447ad1f0e"},"breadcrumb":{"@id":"https:\/\/hr4free.com\/fr\/Economie-et-Emploi\/Gestion-entreprise-conduite-personnel-Afrique\/#breadcrumb"},"inLanguage":"fr-FR","potentialAction":[{"@type":"ReadAction","target":["https:\/\/hr4free.com\/fr\/Economie-et-Emploi\/Gestion-entreprise-conduite-personnel-Afrique\/"]}]},{"@type":"ImageObject","inLanguage":"fr-FR","@id":"https:\/\/hr4free.com\/fr\/Economie-et-Emploi\/Gestion-entreprise-conduite-personnel-Afrique\/#primaryimage","url":"https:\/\/hr4free.com\/wp-content\/uploads\/2019\/02\/africa-944465_1920_0.jpg","contentUrl":"https:\/\/hr4free.com\/wp-content\/uploads\/2019\/02\/africa-944465_1920_0.jpg","width":664,"height":335},{"@type":"BreadcrumbList","@id":"https:\/\/hr4free.com\/fr\/Economie-et-Emploi\/Gestion-entreprise-conduite-personnel-Afrique\/#breadcrumb","itemListElement":[{"@type":"ListItem","position":1,"name":"Accueil","item":"https:\/\/hr4free.com\/fr\/"},{"@type":"ListItem","position":2,"name":"Vers une gestion d\u2019entreprise adapt\u00e9e aux r\u00e9alit\u00e9s culturelles africaines"}]},{"@type":"WebSite","@id":"https:\/\/hr4free.com\/fr\/#website","url":"https:\/\/hr4free.com\/fr\/","name":"HR4Free","description":"","potentialAction":[{"@type":"SearchAction","target":{"@type":"EntryPoint","urlTemplate":"https:\/\/hr4free.com\/fr\/?s={search_term_string}"},"query-input":{"@type":"PropertyValueSpecification","valueRequired":true,"valueName":"search_term_string"}}],"inLanguage":"fr-FR"},{"@type":"Person","@id":"https:\/\/hr4free.com\/fr\/#\/schema\/person\/84d24e645aa7c9881a9be32447ad1f0e","name":"Vincent Held","image":{"@type":"ImageObject","inLanguage":"fr-FR","@id":"https:\/\/secure.gravatar.com\/avatar\/be36bf09642c9a45643e0c1448d76514bccae85470051c70db9496b705696675?s=96&d=mm&r=g","url":"https:\/\/secure.gravatar.com\/avatar\/be36bf09642c9a45643e0c1448d76514bccae85470051c70db9496b705696675?s=96&d=mm&r=g","contentUrl":"https:\/\/secure.gravatar.com\/avatar\/be36bf09642c9a45643e0c1448d76514bccae85470051c70db9496b705696675?s=96&d=mm&r=g","caption":"Vincent Held"},"url":"https:\/\/hr4free.com\/fr\/author\/vincent\/"}]}},"_links":{"self":[{"href":"https:\/\/hr4free.com\/fr\/wp-json\/wp\/v2\/posts\/888","targetHints":{"allow":["GET"]}}],"collection":[{"href":"https:\/\/hr4free.com\/fr\/wp-json\/wp\/v2\/posts"}],"about":[{"href":"https:\/\/hr4free.com\/fr\/wp-json\/wp\/v2\/types\/post"}],"author":[{"embeddable":true,"href":"https:\/\/hr4free.com\/fr\/wp-json\/wp\/v2\/users\/2"}],"replies":[{"embeddable":true,"href":"https:\/\/hr4free.com\/fr\/wp-json\/wp\/v2\/comments?post=888"}],"version-history":[{"count":1,"href":"https:\/\/hr4free.com\/fr\/wp-json\/wp\/v2\/posts\/888\/revisions"}],"predecessor-version":[{"id":891,"href":"https:\/\/hr4free.com\/fr\/wp-json\/wp\/v2\/posts\/888\/revisions\/891"}],"wp:featuredmedia":[{"embeddable":true,"href":"https:\/\/hr4free.com\/fr\/wp-json\/wp\/v2\/media\/3963"}],"wp:attachment":[{"href":"https:\/\/hr4free.com\/fr\/wp-json\/wp\/v2\/media?parent=888"}],"wp:term":[{"taxonomy":"category","embeddable":true,"href":"https:\/\/hr4free.com\/fr\/wp-json\/wp\/v2\/categories?post=888"},{"taxonomy":"post_tag","embeddable":true,"href":"https:\/\/hr4free.com\/fr\/wp-json\/wp\/v2\/tags?post=888"}],"curies":[{"name":"wp","href":"https:\/\/api.w.org\/{rel}","templated":true}]}}