{"id":863,"date":"2019-02-13T21:02:56","date_gmt":"2019-02-13T21:02:56","guid":{"rendered":"http:\/\/hr4free.web-romandie.ch\/?p=863"},"modified":"2019-05-20T09:11:52","modified_gmt":"2019-05-20T09:11:52","slug":"restructurations-et-reorganisations-management-et-sante-equilibre-du-cadre-dans-un-contexte-de-mondialisation","status":"publish","type":"post","link":"https:\/\/hr4free.com\/fr\/Restructurations-et-r%C3%A9organisations\/Management-et-sant%C3%A9-%C3%A9quilibre-du-cadre-dans-un-contexte-de-mondialisation","title":{"rendered":"Favoriser la sant\u00e9 des cadres face aux cons\u00e9quences des r\u00e9organisations et restructurations"},"content":{"rendered":"<p>Nous avons vu dans l&rsquo;article\u00a0<strong><a href=\"https:\/\/hr4free.com\/fr\/Restructurations-et-r%C3%A9organisations\/Management-et-sant%C3%A9-stress-des-cadres-et-cons%C3%A9quences#overlay=fr\/node\/376\/edit\" target=\"_blank\" rel=\"noopener\" data-cke-saved-href=\"https:\/\/hr4free.com\/fr\/Restructurations-et-r%C3%A9organisations\/Management-et-sant%C3%A9-stress-des-cadres-et-cons%C3%A9quences#overlay=fr\/node\/376\/edit\">\u00ab\u00a0Les cons\u00e9quences des r\u00e9organisations et restructurations sur la sant\u00e9 des cadres\u00a0\u00bb,<\/a><\/strong>\u00a0que la\u00a0<em>mondialisation\u00a0<\/em>avec toutes ses cons\u00e9quences est incontournable actuellement.<strong>\u00a0Les pressions du march\u00e9 ainsi que l\u2019acc\u00e9l\u00e9ration du changement sont une donn\u00e9e avec laquelle il faut apprendre \u00e0 vivre\u00a0<\/strong>et surtout \u00e0 construire tout en \u00e9vitant les effets n\u00e9fastes sur les cadres et sur l\u2019environnement social.<\/p>\n<p><em>Par Liliane Held-Khawam, auteur du livre\u00a0<strong><a href=\"http:\/\/www.hr4free.com\/fr\/Management-Par-le-Coaching\/Livre-MPC%E2%84%A2\" target=\"_blank\" rel=\"noopener\" data-cke-saved-href=\"http:\/\/www.hr4free.com\/fr\/Management-Par-le-Coaching\/Livre-MPC%E2%84%A2\">\u00ab\u00a0Le Management Par le Coaching (MPC): le cadre \u00e0 la recherche de ses rep\u00e8res\u00a0\u00bb<\/a><\/strong><\/em><\/p>\n<p><strong>Voici quelques \u00e9l\u00e9ments de r\u00e9flexion non th\u00e9rapeutiques qui semblent porteurs de r\u00e9sultats.<\/strong>\u00a0L\u2019axe central consiste \u00e0\u00a0<em>red\u00e9finir le positionnement du cadre\u00a0<\/em>\u00e0 3 niveaux:<\/p>\n<p><em>I.\u00a0\u00a0 Niveau organisationnel<\/em><\/p>\n<p><em>II.\u00a0 Niveau du poste occup\u00e9<\/em><\/p>\n<p><em>III. Niveau de la gestion personnelle<\/em><\/p>\n<h5><strong>I. L&rsquo;axe organisationnel<\/strong><\/h5>\n<p><strong>L\u2019entreprise pourrait avoir \u00e0 c\u0153ur de favoriser le plus possible l\u2019int\u00e9gration des collaborateurs et notamment des cadres.<\/strong>\u00a0Ce d\u00e9veloppement touche principalement trois domaines:<\/p>\n<ol>\n<li><em>La transparence de la strat\u00e9gie<\/em><\/li>\n<li><em>Le d\u00e9veloppement d\u2019une culture unique adapt\u00e9e aux structures<\/em><\/li>\n<li><em>La tol\u00e9rance vigilante<\/em><\/li>\n<\/ol>\n<h5><em>La transparence de la strat\u00e9gie<\/em><\/h5>\n<p>Si l\u2019on veut que tout le monde \u00ab\u00a0tire \u00e0 la m\u00eame corde\u00a0\u00bb, il faudrait que les gens sachent qu\u2019il y a une corde et o\u00f9 elle se trouve. La\u00a0<strong>strat\u00e9gie<\/strong>\u00a0est un outil f\u00e9d\u00e9rateur fantastique. Encore faut-il l\u2019utiliser!\u00a0<strong>Si l\u2019entreprise d\u00e9cide de jouer la transparence au niveau de la strat\u00e9gie, elle va se confronter \u00e0 un probl\u00e8me: c\u2019est la capacit\u00e9 des cadres \u00e0 la comprendre et \u00e0 l\u2019int\u00e9grer.\u00a0<\/strong>Il s\u2019agit l\u00e0 d\u2019un probl\u00e8me pur de\u00a0<em>communication<\/em>. En effet, si les collaborateurs ont des pr\u00e9occupations d\u2019ordre purement \u00e9motionnelles, la transmission de la strat\u00e9gie n\u2019aura pas d\u2019\u00e9chos.<\/p>\n<p><strong>Si les cadres sont par exemple\u200b en col\u00e8re, ils ne seront pas r\u00e9ceptifs \u00e0 un langage \u00e9conomique ou rationnel.<\/strong>\u00a0Leur col\u00e8re est leur r\u00e9alit\u00e9, l\u2019avenir de l\u2019entreprise peut para\u00eetre secondaire. Les dirigeants doivent s\u2019appuyer sur les attentes et les frustrations de leurs cadres pour leur faire part de l\u2019orientation future de l\u2019entreprise. La mise en place d\u2019une strat\u00e9gie gagnerait donc \u00e0 d\u00e9marrer par une\u00a0<em>\u00e9coute des cadres<\/em>\u00a0(et des collaborateurs, id\u00e9alement).<\/p>\n<h5><em>Le d\u00e9veloppement d\u2019une culture unique adapt\u00e9e aux structures<\/em><\/h5>\n<p><strong>Le fait de modifier les structures influe sur la culture.<\/strong>\u00a0Cette derni\u00e8re constitue le terreau dans lequel \u00e9voluent les collaborateurs. Par ailleurs, un\u00a0<em>changement culturel\u00a0<\/em>n\u00e9cessite beaucoup plus de temps qu\u2019un\u00a0<em>changement de structures<\/em>.<\/p>\n<p><strong>Il est donc important de se donner les moyens au niveau de la communication et de la formation pour d\u00e9velopper une nouvelle culture<\/strong>, notamment dans le cadre d\u2019un\u00a0<em>processus de\u00a0reengineering\u00a0<\/em>ou de la<em>\u00a0modification de la taille de l\u2019entreprise<\/em>\u00a0(p.ex. fusion, \u00ab\u00a0d\u00e9graissage\u00a0\u00bb\u2026).<\/p>\n<p><em><strong>La tol\u00e9rance vigilante<\/strong><\/em><\/p>\n<p>Pourquoi la tol\u00e9rance vigilante? Tol\u00e9rance, parce que\u00a0<strong>l\u2019individu, n\u2019\u00e9tant pas une machine, aura besoin d\u2019un temps d\u2019adaptation \u00e0 la nouvelle structure durant lequel des erreurs peuvent appara\u00eetre<\/strong>. Vigilante, parce qu\u2019il est important de mettre des\u00a0<em>limites \u00e0 la tol\u00e9rance<\/em>. Des progr\u00e8s dans le comportement de l\u2019individu doivent \u00eatre per\u00e7us malgr\u00e9 les \u00e9ventuelles difficult\u00e9s li\u00e9es \u00e0 l\u2019adaptation et toute\u00a0<em>inertie\u00a0<\/em>devrait \u00eatre d\u00e9nonc\u00e9e.<\/p>\n<h5><strong>II. L\u2019axe du poste<\/strong><\/h5>\n<p><strong>La d\u00e9sorganisation et le flou sont des facteurs de stress importants.<\/strong>\u00a0Il est donc souhaitable que l\u2019entreprise d\u00e9finisse le plus possible les\u00a0<em>projets<\/em>\u00a0et les\u00a0<em>responsabilit\u00e9s<\/em>\u00a0attribu\u00e9es aux cadres.<\/p>\n<p>Nous avons vu que les\u00a0<em>objectifs quantitatifs et techniques<\/em>\u00a0sont g\u00e9n\u00e9ralement fix\u00e9s. Les difficult\u00e9s r\u00e9sident souvent dans les\u00a0<em>moyens<\/em>\u00a0et\u00a0<em>outils\u00a0<\/em>mis \u00e0 disposition.\u00a0<strong>Les objectifs qualitatifs et humains manq\u200buent trop souvent. L\u2019individu manque alors de vision sur l\u2019impact de son r\u00f4le sur les partenaires<\/strong>, notamment dans le cadre de\u00a0<em>structures mat\u00e9rielles<\/em>\u00a0et\/ou\u00a0<em>process<\/em>.<\/p>\n<p>Enfin,\u00a0<strong>la red\u00e9finition d\u2019un projet ou d\u2019un poste peut faire appel \u00e0 des comp\u00e9tences techniques ou comportementales nouvelles<\/strong>. Il est indispensable que l\u2019encadrement en tienne compte et offre une\u00a0<em>formation continue\u00a0<\/em>adapt\u00e9e.<\/p>\n<h5><strong>III. L\u2019axe de la gestion personnelle du cadre<\/strong><\/h5>\n<p><em>(Voir aussi l&rsquo;article:\u00a0<strong><a href=\"http:\/\/www.hr4free.com\/fr\/Gestion-du-stress\/Techniques-pour-apprivoiser-son-stress-dans-la-pratique\" target=\"_blank\" rel=\"noopener\" data-cke-saved-href=\"http:\/\/www.hr4free.com\/fr\/Gestion-du-stress\/Techniques-pour-apprivoiser-son-stress-dans-la-pratique\">\u00ab\u00a0Apprivoiser son stress sans forcer\u00a0\u00bb<\/a><\/strong>)<\/em><\/p>\n<p>Cet axe est fondamental. Il consiste \u00e0 mettre en valeur et \u00e0 renforcer la\u00a0<em>base personnelle<\/em>\u00a0du cadre. Cette derni\u00e8re va porter le potentiel et les comp\u00e9tences.\u00a0<strong>Si cette base est fragilis\u00e9e, les comp\u00e9tences auront du mal \u00e0 se concr\u00e9tiser.<\/strong>\u00a0Elle constitue le socle et la source qui permettront un appui et un\u00a0<em>\u00e9panouissement du potentiel<\/em>.<\/p>\n<p>On peut \u00e9tablir un\u00a0<em>processus de d\u00e9veloppement<\/em>\u00a0en trois \u00e9tapes:<\/p>\n<ol>\n<li><em>Une meilleure connaissance de soi<\/em><\/li>\n<li><em>Une d\u00e9finition de l\u2019\u00e9quilibre de vie<\/em><\/li>\n<li><em>Une red\u00e9finition du succ\u00e8s professionnel<\/em><\/li>\n<\/ol>\n<p><em><strong>Une meilleure connaissance de soi<\/strong><\/em><\/p>\n<p>La connaissance de soi est un processus d&rsquo;apprentissage qui ne finit jamais. On peut toutefois l\u2019aborder dans la vie professionnelle \u00e0 3 niveaux:<\/p>\n<ol>\n<li><em>Le potentiel et les comp\u00e9tences professionnelles<\/em><\/li>\n<li><em>La dimension affective et \u00e9motionnelle<\/em><\/li>\n<li><em>Les racines personnelles<\/em><\/li>\n<\/ol>\n<p><em>1) Potentiel des comp\u00e9tences professionnelles<\/em><\/p>\n<p>Cette partie se d\u00e9cline en trois composantes:<\/p>\n<ul>\n<li><em>Un potentiel physique<\/em>: r\u00e9sistance personnelle aux voyages, intemp\u00e9ries, look, prestance,\u2026<\/li>\n<li><em>Un potentiel technique<\/em>\u00a0ou le savoir-faire accumul\u00e9 au fil des ann\u00e9es<\/li>\n<li><em>Un potentiel personnel\u00a0<\/em>ou comportemental avec des capacit\u00e9s de communication, de management, de travail en \u00e9quipe.<\/li>\n<\/ul>\n<p><em>2) La dimension affective<\/em><\/p>\n<p><strong>Cette partie est souvent rejet\u00e9e par les cadres car elle est assimil\u00e9e \u00e0 la vuln\u00e9rabilit\u00e9 et donc \u00e0 une fragilit\u00e9.<\/strong>\u00a0Pourtant cette dimension affective porte en elle une force qui peut ouvrir les portes de l<em>\u2019intelligence du c\u0153ur,<\/em>\u00a0laquelle peut apporter beaucoup de subtilit\u00e9 et de chaleur \u00e0 l\u2019<em>intelligence rationnelle<\/em>. De toute mani\u00e8re, qu\u2019on veuille ou pas, cette dimension affective existe. La d\u00e9nier conduit souvent \u00e0 une \u00e9motivit\u00e9 g\u00eanante et, pour finir, envahissante.<\/p>\n<p><em>3) Les racines<\/em><\/p>\n<p><strong>Elles consistent dans l\u2019identit\u00e9 et l\u2019ancrage du cadre dans la vie.\u00a0<\/strong>Elles lui permettent de tenir d\u00e9bout malgr\u00e9 les chamboulements de l\u2019environnement. Le cadre s\u2019identifie \u00e0 lui-m\u00eame et non plus \u00e0 son \u00e9motivit\u00e9, il peut devenir ainsi plus autonome, cr\u00e9atif, responsable et intuitif.<\/p>\n<p>Cette identit\u00e9 lib\u00e8re des<em>\u00a0valeurs<\/em>\u00a0qui vont porter l\u2019expression du potentiel et permettre au cadre d\u2019agir de mani\u00e8re proactive tout en restant fid\u00e8le \u00e0 lui-m\u00eame. C\u2019est dans l\u2019expression r\u00e9guli\u00e8re de ces trois dimensions dans la vie professionnelle que le cadre va se r\u00e9aliser et donc travailler \u00e0 son bien-\u00eatre.<\/p>\n<h5><em>Une red\u00e9finition de l\u2019\u00e9quilibre de vie<\/em><\/h5>\n<p>L\u2019\u00e9quilibre de vie est une affaire strictement individuelle. Chaque personne doit d\u00e9finir \u00ab\u00a0son\u00a0\u00bb \u00e9quilibre de vie. Il se d\u00e9compose en trois tranches qu\u2019on peut appeler le\u00a0<em>\u00ab\u00a0mod\u00e8le des 3V\u00a0\u00bb<\/em>:<\/p>\n<ul>\n<li><em>La vie professionnelle<\/em><\/li>\n<li><em>La vie priv\u00e9e<\/em><\/li>\n<li><em>La vie sociale<\/em><\/li>\n<\/ul>\n<p>La r\u00e9partition et la pond\u00e9ration de ces trois tranches est personnelle et \u00e9volue avec l\u2019individu. Elle est fortement li\u00e9e aux racines et valeurs de l\u2019individu, mais aussi aux int\u00e9r\u00eats professionnels et personnels.\u00a0<strong>Un cadre peu\u200bt travailler 60 heures par semaine sans \u00eatre perturb\u00e9 alors qu\u2019un autre peut \u00eatre perturb\u00e9 parce que les 45 heures n\u00e9cessaires d\u00e9rangent sa vie priv\u00e9e.<\/strong><\/p>\n<p>Le cadre est donc invit\u00e9 \u00e0\u00a0<em>hi\u00e9rarchiser les \u00ab\u00a03V\u00a0\u00bb<\/em>\u00a0en les pond\u00e9rant les uns par rapport aux autres. Il en d\u00e9coulera une r\u00e9partition strictement personnelle. Cet\u00a0<em>\u00e9quilibre de vie\u00a0<\/em>r\u00e9pond \u00e0 la r\u00e9alit\u00e9 et aux besoins du cadre \u00e0 cet instant.<\/p>\n<h5><em>Une red\u00e9finition du succ\u00e8s professionnel<\/em><\/h5>\n<p><strong>Il est important que le cadre sorte d\u200bu sch\u00e9ma id\u00e9al du succ\u00e8s professionnel d\u00e9fini par son entreprise et\/ou par son environnement priv\u00e9<\/strong>. Il doit trouver son orientation professionnelle bas\u00e9e sur la connaissance qu\u2019il a de lui-m\u00eame (voir le paragraphe sur la \u00ab\u00a0meilleure connaissance de soi\u00a0\u00bb) et des\u00a0<em>int\u00e9r\u00eats\u00a0<\/em>d\u00e9finis par lui et qui participent \u00e0 son\u00a0<em>\u00e9quilibre de vie<\/em>.<\/p>\n<p><strong>Le succ\u00e8s professionnel implique aussi le bien-\u00eatre et la sant\u00e9 de la personne<\/strong>, afin qu\u2019elle puisse profiter un jour de sa retraite!<\/p>\n<p>Il est donc important d\u2019insister sur le fait que le succ\u00e8s professionnel est avant tout\u00a0<em>une question personnelle<\/em>;\u00a0<strong>les crit\u00e8res de succ\u00e8s changent d\u2019une personne \u00e0 l\u2019autre et \u00e9voluent au cours d\u2019une vie.<\/strong>\u00a0Le\u00a0<em>succ\u00e8s professionnel<\/em>\u00a0doit \u00eatre \u00e9tudi\u00e9 dans le cadre du\u00a0<em>succ\u00e8s global\u00a0<\/em>de l\u2019individu.<\/p>\n<h5><strong>Conclusion<\/strong><\/h5>\n<p>Management et sant\u00e9 sont deux concepts potentiellement compatibles.<strong>\u00a0La sant\u00e9 du management est un pilier central de la gestion d\u2019entreprise car elle d\u00e9termine la sant\u00e9 de l\u2019entreprise elle-m\u00eame.<\/strong>\u00a0En effet, la\u00a0<em>qualit\u00e9 des d\u00e9cisions<\/em>\u00a0est fortement li\u00e9e \u00e0 la\u00a0<em>sant\u00e9 des d\u00e9cideurs\u00a0<\/em>et va influencer l\u2019orientation et la\u00a0<em>qualit\u00e9 du climat de travail<\/em>\u00a0de l\u2019ensemble du groupe.<\/p>\n<p>Le d\u00e9veloppement de la sant\u00e9 du management ne peut \u00eatre l\u2019affaire exclusive des individus ou de l\u2019entreprise. Il se g\u00e8re autant au niveau organisationnel qu\u2019individuel. Le but final de la d\u00e9marche \u00e9tant le positionnement le plus clair et le plus coh\u00e9rent possible du cadre, tant dans sa\u00a0<em>vie professionnelle<\/em>\u00a0que dans sa\u00a0<em>vie priv\u00e9e<\/em>\u00a0en g\u00e9n\u00e9ral. La vie professionnelle du cadre doit, de plus en plus, s\u2019int\u00e9grer harmonieusement dans une approche visant l\u2019<em>\u00e9quilibre de la vie<\/em>.<\/p>\n<p>Quant \u00e0 l\u2019entreprise, son r\u00f4le est double \u00e0 ce stade. Elle est invit\u00e9e, d\u2019une part, \u00e0 donner aux cadres les moyens n\u00e9cessaires pour mieux d\u00e9finir leur\u00a0<em>r\u00f4le<\/em>\u00a0dans l\u2019entreprise. D\u2019autre part, elle gagnerait \u00e0 prendre conscience que la tentation de\u00a0<em>maximiser les efforts demand\u00e9s<\/em>\u00a0aux cadres est une politique \u00e0 court terme qui met en danger la sant\u00e9 de son management et donc la performance de l\u2019entreprise elle-m\u00eame.\u00a0<strong>Il s\u2019agit donc pour l\u2019entreprise de rechercher l\u2019optimisation plut\u00f4t que la maximisation de ses ressources et des efforts fournis.<\/strong>\u00a0C\u2019est ainsi que la sant\u00e9 du management sera assur\u00e9e et avec elle la p\u00e9rennit\u00e9 de l\u2019entreprise.<\/p>\n<div><em>A lire \u00e9galement:<\/em><\/div>\n<ul>\n<li><a href=\"https:\/\/hr4free.com\/fr\/Restructurations-et-r%C3%A9organisations\/Succ%C3%A8s-projet-professionnel-en-temps-de-crise-mondialisation\" target=\"_blank\" rel=\"noopener\" data-cke-saved-href=\"https:\/\/hr4free.com\/fr\/Restructurations-et-r%C3%A9organisations\/Succ%C3%A8s-projet-professionnel-en-temps-de-crise-mondialisation\"><strong>R\u00e9ussir son projet professionnel par temps de crise<\/strong><\/a><\/li>\n<li><a href=\"https:\/\/hr4free.com\/fr\/Restructurations-et-r%C3%A9organisations\/Le-processus-de-restructuration-causes-et-risques-organisation\" target=\"_blank\" rel=\"noopener\" data-cke-saved-href=\"https:\/\/hr4free.com\/fr\/Restructurations-et-r\u00e9organisations\/Le-processus-de-restructuration-causes-et-risques-organisation\"><strong>Processus de restructuration: les risques pour l&rsquo;organisation<\/strong><\/a><\/li>\n<li><a href=\"https:\/\/hr4free.com\/fr\/Restructurations-et-r%C3%A9organisations\/Outsourcing-risques-opportunit%C3%A9s-organisation-comp%C3%A9tititvit%C3%A9-d%C3%A9veloppement-des-comp%C3%A9tences\" target=\"_blank\" rel=\"noopener\" data-cke-saved-href=\"https:\/\/hr4free.com\/fr\/Restructurations-et-r%C3%A9organisations\/Outsourcing-risques-opportunit%C3%A9s-organisation-comp%C3%A9tititvit%C3%A9-d%C3%A9veloppement-des-comp%C3%A9tences\"><strong>Outsourcing: risques et opportunit\u00e9s<\/strong><\/a><\/li>\n<li><strong><a href=\"https:\/\/hr4free.com\/fr\/Gestion-sant%C3%A9-entreprise\/D%C3%A9velopper-un-%C3%A9quilibre-de-vie-en-entreprise-m%C3%A9thodes-non-th%C3%A9rapeutiques\" target=\"_blank\" rel=\"noopener\" data-cke-saved-href=\"https:\/\/hr4free.com\/fr\/Gestion-sant%C3%A9-entreprise\/D%C3%A9velopper-un-%C3%A9quilibre-de-vie-en-entreprise-m%C3%A9thodes-non-th%C3%A9rapeutiques\">Les principaux axes de d\u00e9veloppement de la sant\u00e9 en entreprise<\/a><\/strong><\/li>\n<\/ul>\n","protected":false},"excerpt":{"rendered":"<p>Nous avons vu dans l&rsquo;article\u00a0\u00ab\u00a0Les cons\u00e9quences des r\u00e9organisations et restructurations sur la sant\u00e9 des cadres\u00a0\u00bb,\u00a0que la\u00a0mondialisation\u00a0avec toutes ses cons\u00e9quences est incontournable actuellement.\u00a0Les pressions du march\u00e9 ainsi que l\u2019acc\u00e9l\u00e9ration du changement sont une donn\u00e9e avec laquelle il faut apprendre \u00e0 vivre\u00a0et surtout \u00e0 construire tout en \u00e9vitant les effets n\u00e9fastes sur les cadres et sur l\u2019environnement [&hellip;]<\/p>\n","protected":false},"author":2,"featured_media":842,"comment_status":"open","ping_status":"closed","sticky":false,"template":"","format":"standard","meta":{"footnotes":""},"categories":[86],"tags":[89,88,113],"class_list":["post-863","post","type-post","status-publish","format-standard","has-post-thumbnail","hentry","category-gestion-du-stress","tag-equilibre-de-vie","tag-gestion-du-stress","tag-satisfaction-au-travail"],"yoast_head":"<!-- This site is optimized with the Yoast SEO plugin v28.4 - https:\/\/yoast.com\/product\/yoast-seo-wordpress\/ -->\n<title>Favoriser la sant\u00e9 des cadres face aux cons\u00e9quences des r\u00e9organisations et restructurations - HR4Free<\/title>\n<meta name=\"robots\" content=\"noindex, follow, max-snippet:-1, max-image-preview:large, max-video-preview:-1\" \/>\n<meta property=\"og:locale\" content=\"fr_FR\" \/>\n<meta property=\"og:type\" content=\"article\" \/>\n<meta property=\"og:title\" content=\"Favoriser la sant\u00e9 des cadres face aux cons\u00e9quences des r\u00e9organisations et restructurations - HR4Free\" \/>\n<meta property=\"og:description\" content=\"Nous avons vu dans l&rsquo;article\u00a0\u00ab\u00a0Les cons\u00e9quences des r\u00e9organisations et restructurations sur la sant\u00e9 des cadres\u00a0\u00bb,\u00a0que la\u00a0mondialisation\u00a0avec toutes ses cons\u00e9quences est incontournable actuellement.\u00a0Les pressions du march\u00e9 ainsi que l\u2019acc\u00e9l\u00e9ration du changement sont une donn\u00e9e avec laquelle il faut apprendre \u00e0 vivre\u00a0et surtout \u00e0 construire tout en \u00e9vitant les effets n\u00e9fastes sur les cadres et sur l\u2019environnement [&hellip;]\" \/>\n<meta property=\"og:url\" content=\"https:\/\/hr4free.com\/fr\/Restructurations-et-r\u00e9organisations\/Management-et-sant\u00e9-\u00e9quilibre-du-cadre-dans-un-contexte-de-mondialisation\/\" \/>\n<meta property=\"og:site_name\" content=\"HR4Free\" \/>\n<meta property=\"article:published_time\" content=\"2019-02-13T21:02:56+00:00\" \/>\n<meta property=\"article:modified_time\" content=\"2019-05-20T09:11:52+00:00\" \/>\n<meta property=\"og:image\" content=\"https:\/\/hr4free.com\/wp-content\/uploads\/2019\/02\/african-american-3592198_1280.jpg\" \/>\n\t<meta property=\"og:image:width\" content=\"1280\" \/>\n\t<meta property=\"og:image:height\" content=\"853\" \/>\n\t<meta property=\"og:image:type\" content=\"image\/jpeg\" \/>\n<meta name=\"author\" content=\"Vincent Held\" \/>\n<meta name=\"twitter:card\" content=\"summary_large_image\" \/>\n<meta name=\"twitter:label1\" content=\"\u00c9crit par\" \/>\n\t<meta name=\"twitter:data1\" content=\"Vincent Held\" \/>\n\t<meta name=\"twitter:label2\" content=\"Dur\u00e9e de lecture estim\u00e9e\" \/>\n\t<meta name=\"twitter:data2\" content=\"9 minutes\" \/>\n<script type=\"application\/ld+json\" class=\"yoast-schema-graph\">{\"@context\":\"https:\\\/\\\/schema.org\",\"@graph\":[{\"@type\":\"Article\",\"@id\":\"https:\\\/\\\/hr4free.com\\\/fr\\\/Restructurations-et-r%C3%A9organisations\\\/Management-et-sant%C3%A9-%C3%A9quilibre-du-cadre-dans-un-contexte-de-mondialisation\\\/#article\",\"isPartOf\":{\"@id\":\"https:\\\/\\\/hr4free.com\\\/fr\\\/Restructurations-et-r%C3%A9organisations\\\/Management-et-sant%C3%A9-%C3%A9quilibre-du-cadre-dans-un-contexte-de-mondialisation\\\/\"},\"author\":{\"name\":\"Vincent Held\",\"@id\":\"https:\\\/\\\/hr4free.com\\\/fr\\\/#\\\/schema\\\/person\\\/84d24e645aa7c9881a9be32447ad1f0e\"},\"headline\":\"Favoriser la sant\u00e9 des cadres face aux cons\u00e9quences des r\u00e9organisations et restructurations\",\"datePublished\":\"2019-02-13T21:02:56+00:00\",\"dateModified\":\"2019-05-20T09:11:52+00:00\",\"mainEntityOfPage\":{\"@id\":\"https:\\\/\\\/hr4free.com\\\/fr\\\/Restructurations-et-r%C3%A9organisations\\\/Management-et-sant%C3%A9-%C3%A9quilibre-du-cadre-dans-un-contexte-de-mondialisation\\\/\"},\"wordCount\":1742,\"commentCount\":0,\"image\":{\"@id\":\"https:\\\/\\\/hr4free.com\\\/fr\\\/Restructurations-et-r%C3%A9organisations\\\/Management-et-sant%C3%A9-%C3%A9quilibre-du-cadre-dans-un-contexte-de-mondialisation\\\/#primaryimage\"},\"thumbnailUrl\":\"https:\\\/\\\/hr4free.com\\\/wp-content\\\/uploads\\\/2019\\\/02\\\/african-american-3592198_1280.jpg\",\"keywords\":[\"\u00e9quilibre de vie\",\"gestion du stress\",\"satisfaction au travail\"],\"articleSection\":[\"Gestion du stress \\\/ Bien-\u00eatre\"],\"inLanguage\":\"fr-FR\",\"potentialAction\":[{\"@type\":\"CommentAction\",\"name\":\"Comment\",\"target\":[\"https:\\\/\\\/hr4free.com\\\/fr\\\/Restructurations-et-r%C3%A9organisations\\\/Management-et-sant%C3%A9-%C3%A9quilibre-du-cadre-dans-un-contexte-de-mondialisation\\\/#respond\"]}]},{\"@type\":\"WebPage\",\"@id\":\"https:\\\/\\\/hr4free.com\\\/fr\\\/Restructurations-et-r%C3%A9organisations\\\/Management-et-sant%C3%A9-%C3%A9quilibre-du-cadre-dans-un-contexte-de-mondialisation\\\/\",\"url\":\"https:\\\/\\\/hr4free.com\\\/fr\\\/Restructurations-et-r%C3%A9organisations\\\/Management-et-sant%C3%A9-%C3%A9quilibre-du-cadre-dans-un-contexte-de-mondialisation\\\/\",\"name\":\"Favoriser la sant\u00e9 des cadres face aux cons\u00e9quences des r\u00e9organisations et restructurations - HR4Free\",\"isPartOf\":{\"@id\":\"https:\\\/\\\/hr4free.com\\\/fr\\\/#website\"},\"primaryImageOfPage\":{\"@id\":\"https:\\\/\\\/hr4free.com\\\/fr\\\/Restructurations-et-r%C3%A9organisations\\\/Management-et-sant%C3%A9-%C3%A9quilibre-du-cadre-dans-un-contexte-de-mondialisation\\\/#primaryimage\"},\"image\":{\"@id\":\"https:\\\/\\\/hr4free.com\\\/fr\\\/Restructurations-et-r%C3%A9organisations\\\/Management-et-sant%C3%A9-%C3%A9quilibre-du-cadre-dans-un-contexte-de-mondialisation\\\/#primaryimage\"},\"thumbnailUrl\":\"https:\\\/\\\/hr4free.com\\\/wp-content\\\/uploads\\\/2019\\\/02\\\/african-american-3592198_1280.jpg\",\"datePublished\":\"2019-02-13T21:02:56+00:00\",\"dateModified\":\"2019-05-20T09:11:52+00:00\",\"author\":{\"@id\":\"https:\\\/\\\/hr4free.com\\\/fr\\\/#\\\/schema\\\/person\\\/84d24e645aa7c9881a9be32447ad1f0e\"},\"breadcrumb\":{\"@id\":\"https:\\\/\\\/hr4free.com\\\/fr\\\/Restructurations-et-r%C3%A9organisations\\\/Management-et-sant%C3%A9-%C3%A9quilibre-du-cadre-dans-un-contexte-de-mondialisation\\\/#breadcrumb\"},\"inLanguage\":\"fr-FR\",\"potentialAction\":[{\"@type\":\"ReadAction\",\"target\":[\"https:\\\/\\\/hr4free.com\\\/fr\\\/Restructurations-et-r%C3%A9organisations\\\/Management-et-sant%C3%A9-%C3%A9quilibre-du-cadre-dans-un-contexte-de-mondialisation\\\/\"]}]},{\"@type\":\"ImageObject\",\"inLanguage\":\"fr-FR\",\"@id\":\"https:\\\/\\\/hr4free.com\\\/fr\\\/Restructurations-et-r%C3%A9organisations\\\/Management-et-sant%C3%A9-%C3%A9quilibre-du-cadre-dans-un-contexte-de-mondialisation\\\/#primaryimage\",\"url\":\"https:\\\/\\\/hr4free.com\\\/wp-content\\\/uploads\\\/2019\\\/02\\\/african-american-3592198_1280.jpg\",\"contentUrl\":\"https:\\\/\\\/hr4free.com\\\/wp-content\\\/uploads\\\/2019\\\/02\\\/african-american-3592198_1280.jpg\",\"width\":1280,\"height\":853},{\"@type\":\"BreadcrumbList\",\"@id\":\"https:\\\/\\\/hr4free.com\\\/fr\\\/Restructurations-et-r%C3%A9organisations\\\/Management-et-sant%C3%A9-%C3%A9quilibre-du-cadre-dans-un-contexte-de-mondialisation\\\/#breadcrumb\",\"itemListElement\":[{\"@type\":\"ListItem\",\"position\":1,\"name\":\"Accueil\",\"item\":\"https:\\\/\\\/hr4free.com\\\/fr\\\/\"},{\"@type\":\"ListItem\",\"position\":2,\"name\":\"Favoriser la sant\u00e9 des cadres face aux cons\u00e9quences des r\u00e9organisations et restructurations\"}]},{\"@type\":\"WebSite\",\"@id\":\"https:\\\/\\\/hr4free.com\\\/fr\\\/#website\",\"url\":\"https:\\\/\\\/hr4free.com\\\/fr\\\/\",\"name\":\"HR4Free\",\"description\":\"\",\"potentialAction\":[{\"@type\":\"SearchAction\",\"target\":{\"@type\":\"EntryPoint\",\"urlTemplate\":\"https:\\\/\\\/hr4free.com\\\/fr\\\/?s={search_term_string}\"},\"query-input\":{\"@type\":\"PropertyValueSpecification\",\"valueRequired\":true,\"valueName\":\"search_term_string\"}}],\"inLanguage\":\"fr-FR\"},{\"@type\":\"Person\",\"@id\":\"https:\\\/\\\/hr4free.com\\\/fr\\\/#\\\/schema\\\/person\\\/84d24e645aa7c9881a9be32447ad1f0e\",\"name\":\"Vincent Held\",\"image\":{\"@type\":\"ImageObject\",\"inLanguage\":\"fr-FR\",\"@id\":\"https:\\\/\\\/secure.gravatar.com\\\/avatar\\\/be36bf09642c9a45643e0c1448d76514bccae85470051c70db9496b705696675?s=96&d=mm&r=g\",\"url\":\"https:\\\/\\\/secure.gravatar.com\\\/avatar\\\/be36bf09642c9a45643e0c1448d76514bccae85470051c70db9496b705696675?s=96&d=mm&r=g\",\"contentUrl\":\"https:\\\/\\\/secure.gravatar.com\\\/avatar\\\/be36bf09642c9a45643e0c1448d76514bccae85470051c70db9496b705696675?s=96&d=mm&r=g\",\"caption\":\"Vincent Held\"},\"url\":\"https:\\\/\\\/hr4free.com\\\/fr\\\/author\\\/vincent\\\/\"}]}<\/script>\n<!-- \/ Yoast SEO plugin. -->","yoast_head_json":{"title":"Favoriser la sant\u00e9 des cadres face aux cons\u00e9quences des r\u00e9organisations et restructurations - HR4Free","robots":{"index":"noindex","follow":"follow","max-snippet":"max-snippet:-1","max-image-preview":"max-image-preview:large","max-video-preview":"max-video-preview:-1"},"og_locale":"fr_FR","og_type":"article","og_title":"Favoriser la sant\u00e9 des cadres face aux cons\u00e9quences des r\u00e9organisations et restructurations - HR4Free","og_description":"Nous avons vu dans l&rsquo;article\u00a0\u00ab\u00a0Les cons\u00e9quences des r\u00e9organisations et restructurations sur la sant\u00e9 des cadres\u00a0\u00bb,\u00a0que la\u00a0mondialisation\u00a0avec toutes ses cons\u00e9quences est incontournable actuellement.\u00a0Les pressions du march\u00e9 ainsi que l\u2019acc\u00e9l\u00e9ration du changement sont une donn\u00e9e avec laquelle il faut apprendre \u00e0 vivre\u00a0et surtout \u00e0 construire tout en \u00e9vitant les effets n\u00e9fastes sur les cadres et sur l\u2019environnement [&hellip;]","og_url":"https:\/\/hr4free.com\/fr\/Restructurations-et-r\u00e9organisations\/Management-et-sant\u00e9-\u00e9quilibre-du-cadre-dans-un-contexte-de-mondialisation\/","og_site_name":"HR4Free","article_published_time":"2019-02-13T21:02:56+00:00","article_modified_time":"2019-05-20T09:11:52+00:00","og_image":[{"width":1280,"height":853,"url":"https:\/\/hr4free.com\/wp-content\/uploads\/2019\/02\/african-american-3592198_1280.jpg","type":"image\/jpeg"}],"author":"Vincent Held","twitter_card":"summary_large_image","twitter_misc":{"\u00c9crit par":"Vincent Held","Dur\u00e9e de lecture estim\u00e9e":"9 minutes"},"schema":{"@context":"https:\/\/schema.org","@graph":[{"@type":"Article","@id":"https:\/\/hr4free.com\/fr\/Restructurations-et-r%C3%A9organisations\/Management-et-sant%C3%A9-%C3%A9quilibre-du-cadre-dans-un-contexte-de-mondialisation\/#article","isPartOf":{"@id":"https:\/\/hr4free.com\/fr\/Restructurations-et-r%C3%A9organisations\/Management-et-sant%C3%A9-%C3%A9quilibre-du-cadre-dans-un-contexte-de-mondialisation\/"},"author":{"name":"Vincent Held","@id":"https:\/\/hr4free.com\/fr\/#\/schema\/person\/84d24e645aa7c9881a9be32447ad1f0e"},"headline":"Favoriser la sant\u00e9 des cadres face aux cons\u00e9quences des r\u00e9organisations et restructurations","datePublished":"2019-02-13T21:02:56+00:00","dateModified":"2019-05-20T09:11:52+00:00","mainEntityOfPage":{"@id":"https:\/\/hr4free.com\/fr\/Restructurations-et-r%C3%A9organisations\/Management-et-sant%C3%A9-%C3%A9quilibre-du-cadre-dans-un-contexte-de-mondialisation\/"},"wordCount":1742,"commentCount":0,"image":{"@id":"https:\/\/hr4free.com\/fr\/Restructurations-et-r%C3%A9organisations\/Management-et-sant%C3%A9-%C3%A9quilibre-du-cadre-dans-un-contexte-de-mondialisation\/#primaryimage"},"thumbnailUrl":"https:\/\/hr4free.com\/wp-content\/uploads\/2019\/02\/african-american-3592198_1280.jpg","keywords":["\u00e9quilibre de vie","gestion du stress","satisfaction au travail"],"articleSection":["Gestion du stress \/ Bien-\u00eatre"],"inLanguage":"fr-FR","potentialAction":[{"@type":"CommentAction","name":"Comment","target":["https:\/\/hr4free.com\/fr\/Restructurations-et-r%C3%A9organisations\/Management-et-sant%C3%A9-%C3%A9quilibre-du-cadre-dans-un-contexte-de-mondialisation\/#respond"]}]},{"@type":"WebPage","@id":"https:\/\/hr4free.com\/fr\/Restructurations-et-r%C3%A9organisations\/Management-et-sant%C3%A9-%C3%A9quilibre-du-cadre-dans-un-contexte-de-mondialisation\/","url":"https:\/\/hr4free.com\/fr\/Restructurations-et-r%C3%A9organisations\/Management-et-sant%C3%A9-%C3%A9quilibre-du-cadre-dans-un-contexte-de-mondialisation\/","name":"Favoriser la sant\u00e9 des cadres face aux cons\u00e9quences des r\u00e9organisations et restructurations - HR4Free","isPartOf":{"@id":"https:\/\/hr4free.com\/fr\/#website"},"primaryImageOfPage":{"@id":"https:\/\/hr4free.com\/fr\/Restructurations-et-r%C3%A9organisations\/Management-et-sant%C3%A9-%C3%A9quilibre-du-cadre-dans-un-contexte-de-mondialisation\/#primaryimage"},"image":{"@id":"https:\/\/hr4free.com\/fr\/Restructurations-et-r%C3%A9organisations\/Management-et-sant%C3%A9-%C3%A9quilibre-du-cadre-dans-un-contexte-de-mondialisation\/#primaryimage"},"thumbnailUrl":"https:\/\/hr4free.com\/wp-content\/uploads\/2019\/02\/african-american-3592198_1280.jpg","datePublished":"2019-02-13T21:02:56+00:00","dateModified":"2019-05-20T09:11:52+00:00","author":{"@id":"https:\/\/hr4free.com\/fr\/#\/schema\/person\/84d24e645aa7c9881a9be32447ad1f0e"},"breadcrumb":{"@id":"https:\/\/hr4free.com\/fr\/Restructurations-et-r%C3%A9organisations\/Management-et-sant%C3%A9-%C3%A9quilibre-du-cadre-dans-un-contexte-de-mondialisation\/#breadcrumb"},"inLanguage":"fr-FR","potentialAction":[{"@type":"ReadAction","target":["https:\/\/hr4free.com\/fr\/Restructurations-et-r%C3%A9organisations\/Management-et-sant%C3%A9-%C3%A9quilibre-du-cadre-dans-un-contexte-de-mondialisation\/"]}]},{"@type":"ImageObject","inLanguage":"fr-FR","@id":"https:\/\/hr4free.com\/fr\/Restructurations-et-r%C3%A9organisations\/Management-et-sant%C3%A9-%C3%A9quilibre-du-cadre-dans-un-contexte-de-mondialisation\/#primaryimage","url":"https:\/\/hr4free.com\/wp-content\/uploads\/2019\/02\/african-american-3592198_1280.jpg","contentUrl":"https:\/\/hr4free.com\/wp-content\/uploads\/2019\/02\/african-american-3592198_1280.jpg","width":1280,"height":853},{"@type":"BreadcrumbList","@id":"https:\/\/hr4free.com\/fr\/Restructurations-et-r%C3%A9organisations\/Management-et-sant%C3%A9-%C3%A9quilibre-du-cadre-dans-un-contexte-de-mondialisation\/#breadcrumb","itemListElement":[{"@type":"ListItem","position":1,"name":"Accueil","item":"https:\/\/hr4free.com\/fr\/"},{"@type":"ListItem","position":2,"name":"Favoriser la sant\u00e9 des cadres face aux cons\u00e9quences des r\u00e9organisations et restructurations"}]},{"@type":"WebSite","@id":"https:\/\/hr4free.com\/fr\/#website","url":"https:\/\/hr4free.com\/fr\/","name":"HR4Free","description":"","potentialAction":[{"@type":"SearchAction","target":{"@type":"EntryPoint","urlTemplate":"https:\/\/hr4free.com\/fr\/?s={search_term_string}"},"query-input":{"@type":"PropertyValueSpecification","valueRequired":true,"valueName":"search_term_string"}}],"inLanguage":"fr-FR"},{"@type":"Person","@id":"https:\/\/hr4free.com\/fr\/#\/schema\/person\/84d24e645aa7c9881a9be32447ad1f0e","name":"Vincent Held","image":{"@type":"ImageObject","inLanguage":"fr-FR","@id":"https:\/\/secure.gravatar.com\/avatar\/be36bf09642c9a45643e0c1448d76514bccae85470051c70db9496b705696675?s=96&d=mm&r=g","url":"https:\/\/secure.gravatar.com\/avatar\/be36bf09642c9a45643e0c1448d76514bccae85470051c70db9496b705696675?s=96&d=mm&r=g","contentUrl":"https:\/\/secure.gravatar.com\/avatar\/be36bf09642c9a45643e0c1448d76514bccae85470051c70db9496b705696675?s=96&d=mm&r=g","caption":"Vincent Held"},"url":"https:\/\/hr4free.com\/fr\/author\/vincent\/"}]}},"_links":{"self":[{"href":"https:\/\/hr4free.com\/fr\/wp-json\/wp\/v2\/posts\/863","targetHints":{"allow":["GET"]}}],"collection":[{"href":"https:\/\/hr4free.com\/fr\/wp-json\/wp\/v2\/posts"}],"about":[{"href":"https:\/\/hr4free.com\/fr\/wp-json\/wp\/v2\/types\/post"}],"author":[{"embeddable":true,"href":"https:\/\/hr4free.com\/fr\/wp-json\/wp\/v2\/users\/2"}],"replies":[{"embeddable":true,"href":"https:\/\/hr4free.com\/fr\/wp-json\/wp\/v2\/comments?post=863"}],"version-history":[{"count":2,"href":"https:\/\/hr4free.com\/fr\/wp-json\/wp\/v2\/posts\/863\/revisions"}],"predecessor-version":[{"id":865,"href":"https:\/\/hr4free.com\/fr\/wp-json\/wp\/v2\/posts\/863\/revisions\/865"}],"wp:featuredmedia":[{"embeddable":true,"href":"https:\/\/hr4free.com\/fr\/wp-json\/wp\/v2\/media\/842"}],"wp:attachment":[{"href":"https:\/\/hr4free.com\/fr\/wp-json\/wp\/v2\/media?parent=863"}],"wp:term":[{"taxonomy":"category","embeddable":true,"href":"https:\/\/hr4free.com\/fr\/wp-json\/wp\/v2\/categories?post=863"},{"taxonomy":"post_tag","embeddable":true,"href":"https:\/\/hr4free.com\/fr\/wp-json\/wp\/v2\/tags?post=863"}],"curies":[{"name":"wp","href":"https:\/\/api.w.org\/{rel}","templated":true}]}}