{"id":860,"date":"2019-02-13T20:58:54","date_gmt":"2019-02-13T20:58:54","guid":{"rendered":"http:\/\/hr4free.web-romandie.ch\/?p=860"},"modified":"2019-07-24T12:38:39","modified_gmt":"2019-07-24T12:38:39","slug":"satisfaction-au-travail-etat-des-lieux-bien-etre-professionnel","status":"publish","type":"post","link":"https:\/\/hr4free.com\/fr\/Satisfaction-au-travail\/%C3%89tat-des-lieux-bien-%C3%AAtre-professionnel","title":{"rendered":"Satisfaction au travail 1\/2 &#8211; \u00c9tat des lieux de votre bien-\u00eatre professionnel"},"content":{"rendered":"<p><strong>Pas un jour ne passe sans apporter son lot de<\/strong><strong>\u00a0tensions.<\/strong>\u00a0L&rsquo;identit\u00e9 individuelle\u00a0e\u200bst soumise \u00e0 des attaques incessantes\u00a0venant d&rsquo;un environnement qui peut para\u00eetre de plus en plus hostile:<\/p>\n<ol>\n<li><em>Le flux d&rsquo;information v\u00e9hicul\u00e9 par les m\u00e9dias:\u00a0<\/em>politique, \u00e9conomie, guerres, pollution&#8230;les\u00a0mauvaises nouvelles s&rsquo;accumulent!<\/li>\n<li><em>Les contraintes li\u00e9es \u00e0 la vie priv\u00e9e:<\/em>\u00a0famille, amis, relations de voisinage, vie de couple&#8230;<\/li>\n<li><em>Les contraintes li\u00e9es \u00e0 la vie professionnelle:\u00a0<\/em>une \u00e9tude r\u00e9alis\u00e9e en f\u00e9vrier 2014 r\u00e9v\u00e9lait que\u00a0<strong><a href=\"http:\/\/www.lefigaro.fr\/emploi\/2014\/03\/07\/09005-20140307ARTFIG00027-deux-francais-sur-trois-ont-peur-le-matin-en-allant-au-travail.php\" target=\"_blank\" rel=\"noopener noreferrer\" data-cke-saved-href=\"https:\/\/hr4free.com\/fr\/Economie-et-Emploi\/Enqu\u00eate-M\u00e9t\u00e9ojob-peur-au-travail-France\">la peur au travail toucherait 2 Fran\u00e7ais sur 3 (enqu\u00eate M\u00e9t\u00e9ojob)<\/a><\/strong>, sans compter la peur de perdre son emploi \u00e0 br\u00e8ve \u00e9ch\u00e9ance, qui toucherait pr\u00e8s d&rsquo;une personne sur deux!<\/li>\n<\/ol>\n<p><strong>Comment l&rsquo;individu peut-il alors garder sa motivation?<\/strong>\u00a0Et s&rsquo;il est responsable d&rsquo;une \u00e9quipe,\u00a0comment peut-il agir pour maintenir la motivation de ses collaborateurs?<\/p>\n<p><strong>Nous vous invitons \u00e0 d\u00e9buter par un \u00e9tat des lieux de votre bien-\u00eatre<\/strong>, en identifiant les \u00e9l\u00e9ments qui p\u00e8sent sur votre satisfaction personnelle.<\/p>\n<h5 style=\"text-align: center;\"><b>EXERCICE PRATIQUE<\/b><\/h5>\n<p><strong>\u00c9tape 1:\u00a0<\/strong><b>\u200b<\/b>Faites la liste de tout ce qui vous p\u00e8se.<\/p>\n<p><em>Exemples:<\/em><\/p>\n<ul>\n<li>Peur de perdre votre travail<\/li>\n<li>Peur pour votre retraite<\/li>\n<li>Strat\u00e9gie pas tr\u00e8s claire de votre employeur<\/li>\n<li>Risques de d\u00e9localisations<\/li>\n<li>Sinistrose dans l&rsquo;\u00e9quipe<\/li>\n<li>Objectifs irr\u00e9alistes (temps, ressources)<\/li>\n<li>Vie professionnelle qui empi\u00e8te sur la vie priv\u00e9e (risque de divorce)<\/li>\n<li>Sentiment d&rsquo;appauvrissement de votre pays<\/li>\n<li>Sentiment de risque de guerre dans telle ou telle r\u00e9gion du monde<\/li>\n<li>Sentiment d&rsquo;incurie des milieux politiques<\/li>\n<li>&#8230;<\/li>\n<\/ul>\n<p><strong>\u00c9tape 2:\u00a0<\/strong><b>\u200b<\/b>Classez ces \u00e9l\u00e9ments en 3 cat\u00e9gories:<\/p>\n<ol>\n<li>Causes de d\u00e9motivation sur lesquelles vous n&rsquo;avez aucune influence<\/li>\n<li>Causes de d\u00e9motivation\u00a0que vous pouvez influencer par vos initiatives<\/li>\n<li>Causes de d\u00e9motivation\u00a0sur lesquelles vous pouvez agir directement<\/li>\n<\/ol>\n<p>\u200bCeci fait, nous vous invitons \u00e0 passer \u00e0 l&rsquo;\u00e9tape suivante\u00a0<a href=\"https:\/\/hr4free.com\/fr\/Satisfaction-au-travail\/Conseils-pratiques-bien-%C3%AAtre-professionnel\" target=\"_blank\" rel=\"noopener noreferrer\" data-cke-saved-href=\"https:\/\/hr4free.com\/fr\/Satisfaction-au-travail\/Conseils-pratiques-bien-\u00eatre-professionnel\"><strong>\u00ab\u00a0Conseil pratiques pour renforcer votre bien-\u00eatre professionnel\u00a0\u00bb<\/strong><\/a>.<\/p>\n","protected":false},"excerpt":{"rendered":"<p>Pas un jour ne passe sans apporter son lot de\u00a0tensions.\u00a0L&rsquo;identit\u00e9 individuelle\u00a0e\u200bst soumise \u00e0 des attaques incessantes\u00a0venant d&rsquo;un environnement qui peut para\u00eetre de plus en plus hostile: Le flux d&rsquo;information v\u00e9hicul\u00e9 par les m\u00e9dias:\u00a0politique, \u00e9conomie, guerres, pollution&#8230;les\u00a0mauvaises nouvelles s&rsquo;accumulent! Les contraintes li\u00e9es \u00e0 la vie priv\u00e9e:\u00a0famille, amis, relations de voisinage, vie de couple&#8230; Les contraintes li\u00e9es [&hellip;]<\/p>\n","protected":false},"author":2,"featured_media":836,"comment_status":"open","ping_status":"closed","sticky":false,"template":"","format":"standard","meta":{"footnotes":""},"categories":[86],"tags":[89,88,113],"class_list":["post-860","post","type-post","status-publish","format-standard","has-post-thumbnail","hentry","category-gestion-du-stress","tag-equilibre-de-vie","tag-gestion-du-stress","tag-satisfaction-au-travail"],"yoast_head":"<!-- This site is optimized with the Yoast SEO plugin v28.3 - https:\/\/yoast.com\/product\/yoast-seo-wordpress\/ -->\n<title>Satisfaction au travail 1\/2 - \u00c9tat des lieux de votre bien-\u00eatre professionnel - HR4Free<\/title>\n<meta name=\"robots\" content=\"noindex, follow, max-snippet:-1, max-image-preview:large, max-video-preview:-1\" \/>\n<meta property=\"og:locale\" content=\"fr_FR\" \/>\n<meta property=\"og:type\" content=\"article\" \/>\n<meta property=\"og:title\" content=\"Satisfaction au travail 1\/2 - \u00c9tat des lieux de votre bien-\u00eatre professionnel - HR4Free\" \/>\n<meta property=\"og:description\" content=\"Pas un jour ne passe sans apporter son lot de\u00a0tensions.\u00a0L&rsquo;identit\u00e9 individuelle\u00a0e\u200bst soumise \u00e0 des attaques incessantes\u00a0venant d&rsquo;un environnement qui peut para\u00eetre de plus en plus hostile: Le flux d&rsquo;information v\u00e9hicul\u00e9 par les m\u00e9dias:\u00a0politique, \u00e9conomie, guerres, pollution&#8230;les\u00a0mauvaises nouvelles s&rsquo;accumulent! Les contraintes li\u00e9es \u00e0 la vie priv\u00e9e:\u00a0famille, amis, relations de voisinage, vie de couple&#8230; Les contraintes li\u00e9es [&hellip;]\" \/>\n<meta property=\"og:url\" content=\"https:\/\/hr4free.com\/fr\/Satisfaction-au-travail\/\u00c9tat-des-lieux-bien-\u00eatre-professionnel\/\" \/>\n<meta property=\"og:site_name\" content=\"HR4Free\" \/>\n<meta property=\"article:published_time\" content=\"2019-02-13T20:58:54+00:00\" \/>\n<meta property=\"article:modified_time\" content=\"2019-07-24T12:38:39+00:00\" \/>\n<meta property=\"og:image\" content=\"https:\/\/hr4free.com\/wp-content\/uploads\/2019\/02\/bigstock-Sleeping-At-Work-5535498II.jpg\" \/>\n\t<meta property=\"og:image:width\" content=\"664\" \/>\n\t<meta property=\"og:image:height\" content=\"335\" \/>\n\t<meta property=\"og:image:type\" content=\"image\/jpeg\" \/>\n<meta name=\"author\" content=\"Vincent Held\" \/>\n<meta name=\"twitter:card\" content=\"summary_large_image\" \/>\n<meta name=\"twitter:label1\" content=\"\u00c9crit par\" \/>\n\t<meta name=\"twitter:data1\" content=\"Vincent Held\" \/>\n\t<meta name=\"twitter:label2\" content=\"Dur\u00e9e de lecture estim\u00e9e\" \/>\n\t<meta name=\"twitter:data2\" content=\"2 minutes\" \/>\n<script type=\"application\/ld+json\" class=\"yoast-schema-graph\">{\"@context\":\"https:\\\/\\\/schema.org\",\"@graph\":[{\"@type\":\"Article\",\"@id\":\"https:\\\/\\\/hr4free.com\\\/fr\\\/Satisfaction-au-travail\\\/%C3%89tat-des-lieux-bien-%C3%AAtre-professionnel\\\/#article\",\"isPartOf\":{\"@id\":\"https:\\\/\\\/hr4free.com\\\/fr\\\/Satisfaction-au-travail\\\/%C3%89tat-des-lieux-bien-%C3%AAtre-professionnel\\\/\"},\"author\":{\"name\":\"Vincent Held\",\"@id\":\"https:\\\/\\\/hr4free.com\\\/fr\\\/#\\\/schema\\\/person\\\/84d24e645aa7c9881a9be32447ad1f0e\"},\"headline\":\"Satisfaction au travail 1\\\/2 &#8211; \u00c9tat des lieux de votre bien-\u00eatre professionnel\",\"datePublished\":\"2019-02-13T20:58:54+00:00\",\"dateModified\":\"2019-07-24T12:38:39+00:00\",\"mainEntityOfPage\":{\"@id\":\"https:\\\/\\\/hr4free.com\\\/fr\\\/Satisfaction-au-travail\\\/%C3%89tat-des-lieux-bien-%C3%AAtre-professionnel\\\/\"},\"wordCount\":325,\"commentCount\":0,\"image\":{\"@id\":\"https:\\\/\\\/hr4free.com\\\/fr\\\/Satisfaction-au-travail\\\/%C3%89tat-des-lieux-bien-%C3%AAtre-professionnel\\\/#primaryimage\"},\"thumbnailUrl\":\"https:\\\/\\\/hr4free.com\\\/wp-content\\\/uploads\\\/2019\\\/02\\\/bigstock-Sleeping-At-Work-5535498II.jpg\",\"keywords\":[\"\u00e9quilibre de vie\",\"gestion du stress\",\"satisfaction au travail\"],\"articleSection\":[\"Gestion du stress \\\/ Bien-\u00eatre\"],\"inLanguage\":\"fr-FR\",\"potentialAction\":[{\"@type\":\"CommentAction\",\"name\":\"Comment\",\"target\":[\"https:\\\/\\\/hr4free.com\\\/fr\\\/Satisfaction-au-travail\\\/%C3%89tat-des-lieux-bien-%C3%AAtre-professionnel\\\/#respond\"]}]},{\"@type\":\"WebPage\",\"@id\":\"https:\\\/\\\/hr4free.com\\\/fr\\\/Satisfaction-au-travail\\\/%C3%89tat-des-lieux-bien-%C3%AAtre-professionnel\\\/\",\"url\":\"https:\\\/\\\/hr4free.com\\\/fr\\\/Satisfaction-au-travail\\\/%C3%89tat-des-lieux-bien-%C3%AAtre-professionnel\\\/\",\"name\":\"Satisfaction au travail 1\\\/2 - \u00c9tat des lieux de votre bien-\u00eatre professionnel - HR4Free\",\"isPartOf\":{\"@id\":\"https:\\\/\\\/hr4free.com\\\/fr\\\/#website\"},\"primaryImageOfPage\":{\"@id\":\"https:\\\/\\\/hr4free.com\\\/fr\\\/Satisfaction-au-travail\\\/%C3%89tat-des-lieux-bien-%C3%AAtre-professionnel\\\/#primaryimage\"},\"image\":{\"@id\":\"https:\\\/\\\/hr4free.com\\\/fr\\\/Satisfaction-au-travail\\\/%C3%89tat-des-lieux-bien-%C3%AAtre-professionnel\\\/#primaryimage\"},\"thumbnailUrl\":\"https:\\\/\\\/hr4free.com\\\/wp-content\\\/uploads\\\/2019\\\/02\\\/bigstock-Sleeping-At-Work-5535498II.jpg\",\"datePublished\":\"2019-02-13T20:58:54+00:00\",\"dateModified\":\"2019-07-24T12:38:39+00:00\",\"author\":{\"@id\":\"https:\\\/\\\/hr4free.com\\\/fr\\\/#\\\/schema\\\/person\\\/84d24e645aa7c9881a9be32447ad1f0e\"},\"breadcrumb\":{\"@id\":\"https:\\\/\\\/hr4free.com\\\/fr\\\/Satisfaction-au-travail\\\/%C3%89tat-des-lieux-bien-%C3%AAtre-professionnel\\\/#breadcrumb\"},\"inLanguage\":\"fr-FR\",\"potentialAction\":[{\"@type\":\"ReadAction\",\"target\":[\"https:\\\/\\\/hr4free.com\\\/fr\\\/Satisfaction-au-travail\\\/%C3%89tat-des-lieux-bien-%C3%AAtre-professionnel\\\/\"]}]},{\"@type\":\"ImageObject\",\"inLanguage\":\"fr-FR\",\"@id\":\"https:\\\/\\\/hr4free.com\\\/fr\\\/Satisfaction-au-travail\\\/%C3%89tat-des-lieux-bien-%C3%AAtre-professionnel\\\/#primaryimage\",\"url\":\"https:\\\/\\\/hr4free.com\\\/wp-content\\\/uploads\\\/2019\\\/02\\\/bigstock-Sleeping-At-Work-5535498II.jpg\",\"contentUrl\":\"https:\\\/\\\/hr4free.com\\\/wp-content\\\/uploads\\\/2019\\\/02\\\/bigstock-Sleeping-At-Work-5535498II.jpg\",\"width\":664,\"height\":335},{\"@type\":\"BreadcrumbList\",\"@id\":\"https:\\\/\\\/hr4free.com\\\/fr\\\/Satisfaction-au-travail\\\/%C3%89tat-des-lieux-bien-%C3%AAtre-professionnel\\\/#breadcrumb\",\"itemListElement\":[{\"@type\":\"ListItem\",\"position\":1,\"name\":\"Accueil\",\"item\":\"https:\\\/\\\/hr4free.com\\\/fr\\\/\"},{\"@type\":\"ListItem\",\"position\":2,\"name\":\"Satisfaction au travail 1\\\/2 &#8211; \u00c9tat des lieux de votre bien-\u00eatre professionnel\"}]},{\"@type\":\"WebSite\",\"@id\":\"https:\\\/\\\/hr4free.com\\\/fr\\\/#website\",\"url\":\"https:\\\/\\\/hr4free.com\\\/fr\\\/\",\"name\":\"HR4Free\",\"description\":\"\",\"potentialAction\":[{\"@type\":\"SearchAction\",\"target\":{\"@type\":\"EntryPoint\",\"urlTemplate\":\"https:\\\/\\\/hr4free.com\\\/fr\\\/?s={search_term_string}\"},\"query-input\":{\"@type\":\"PropertyValueSpecification\",\"valueRequired\":true,\"valueName\":\"search_term_string\"}}],\"inLanguage\":\"fr-FR\"},{\"@type\":\"Person\",\"@id\":\"https:\\\/\\\/hr4free.com\\\/fr\\\/#\\\/schema\\\/person\\\/84d24e645aa7c9881a9be32447ad1f0e\",\"name\":\"Vincent Held\",\"image\":{\"@type\":\"ImageObject\",\"inLanguage\":\"fr-FR\",\"@id\":\"https:\\\/\\\/secure.gravatar.com\\\/avatar\\\/be36bf09642c9a45643e0c1448d76514bccae85470051c70db9496b705696675?s=96&d=mm&r=g\",\"url\":\"https:\\\/\\\/secure.gravatar.com\\\/avatar\\\/be36bf09642c9a45643e0c1448d76514bccae85470051c70db9496b705696675?s=96&d=mm&r=g\",\"contentUrl\":\"https:\\\/\\\/secure.gravatar.com\\\/avatar\\\/be36bf09642c9a45643e0c1448d76514bccae85470051c70db9496b705696675?s=96&d=mm&r=g\",\"caption\":\"Vincent Held\"},\"url\":\"https:\\\/\\\/hr4free.com\\\/fr\\\/author\\\/vincent\\\/\"}]}<\/script>\n<!-- \/ Yoast SEO plugin. -->","yoast_head_json":{"title":"Satisfaction au travail 1\/2 - \u00c9tat des lieux de votre bien-\u00eatre professionnel - HR4Free","robots":{"index":"noindex","follow":"follow","max-snippet":"max-snippet:-1","max-image-preview":"max-image-preview:large","max-video-preview":"max-video-preview:-1"},"og_locale":"fr_FR","og_type":"article","og_title":"Satisfaction au travail 1\/2 - \u00c9tat des lieux de votre bien-\u00eatre professionnel - HR4Free","og_description":"Pas un jour ne passe sans apporter son lot de\u00a0tensions.\u00a0L&rsquo;identit\u00e9 individuelle\u00a0e\u200bst soumise \u00e0 des attaques incessantes\u00a0venant d&rsquo;un environnement qui peut para\u00eetre de plus en plus hostile: Le flux d&rsquo;information v\u00e9hicul\u00e9 par les m\u00e9dias:\u00a0politique, \u00e9conomie, guerres, pollution&#8230;les\u00a0mauvaises nouvelles s&rsquo;accumulent! Les contraintes li\u00e9es \u00e0 la vie priv\u00e9e:\u00a0famille, amis, relations de voisinage, vie de couple&#8230; Les contraintes li\u00e9es [&hellip;]","og_url":"https:\/\/hr4free.com\/fr\/Satisfaction-au-travail\/\u00c9tat-des-lieux-bien-\u00eatre-professionnel\/","og_site_name":"HR4Free","article_published_time":"2019-02-13T20:58:54+00:00","article_modified_time":"2019-07-24T12:38:39+00:00","og_image":[{"width":664,"height":335,"url":"https:\/\/hr4free.com\/wp-content\/uploads\/2019\/02\/bigstock-Sleeping-At-Work-5535498II.jpg","type":"image\/jpeg"}],"author":"Vincent Held","twitter_card":"summary_large_image","twitter_misc":{"\u00c9crit par":"Vincent Held","Dur\u00e9e de lecture estim\u00e9e":"2 minutes"},"schema":{"@context":"https:\/\/schema.org","@graph":[{"@type":"Article","@id":"https:\/\/hr4free.com\/fr\/Satisfaction-au-travail\/%C3%89tat-des-lieux-bien-%C3%AAtre-professionnel\/#article","isPartOf":{"@id":"https:\/\/hr4free.com\/fr\/Satisfaction-au-travail\/%C3%89tat-des-lieux-bien-%C3%AAtre-professionnel\/"},"author":{"name":"Vincent Held","@id":"https:\/\/hr4free.com\/fr\/#\/schema\/person\/84d24e645aa7c9881a9be32447ad1f0e"},"headline":"Satisfaction au travail 1\/2 &#8211; \u00c9tat des lieux de votre bien-\u00eatre professionnel","datePublished":"2019-02-13T20:58:54+00:00","dateModified":"2019-07-24T12:38:39+00:00","mainEntityOfPage":{"@id":"https:\/\/hr4free.com\/fr\/Satisfaction-au-travail\/%C3%89tat-des-lieux-bien-%C3%AAtre-professionnel\/"},"wordCount":325,"commentCount":0,"image":{"@id":"https:\/\/hr4free.com\/fr\/Satisfaction-au-travail\/%C3%89tat-des-lieux-bien-%C3%AAtre-professionnel\/#primaryimage"},"thumbnailUrl":"https:\/\/hr4free.com\/wp-content\/uploads\/2019\/02\/bigstock-Sleeping-At-Work-5535498II.jpg","keywords":["\u00e9quilibre de vie","gestion du stress","satisfaction au travail"],"articleSection":["Gestion du stress \/ Bien-\u00eatre"],"inLanguage":"fr-FR","potentialAction":[{"@type":"CommentAction","name":"Comment","target":["https:\/\/hr4free.com\/fr\/Satisfaction-au-travail\/%C3%89tat-des-lieux-bien-%C3%AAtre-professionnel\/#respond"]}]},{"@type":"WebPage","@id":"https:\/\/hr4free.com\/fr\/Satisfaction-au-travail\/%C3%89tat-des-lieux-bien-%C3%AAtre-professionnel\/","url":"https:\/\/hr4free.com\/fr\/Satisfaction-au-travail\/%C3%89tat-des-lieux-bien-%C3%AAtre-professionnel\/","name":"Satisfaction au travail 1\/2 - \u00c9tat des lieux de votre bien-\u00eatre professionnel - HR4Free","isPartOf":{"@id":"https:\/\/hr4free.com\/fr\/#website"},"primaryImageOfPage":{"@id":"https:\/\/hr4free.com\/fr\/Satisfaction-au-travail\/%C3%89tat-des-lieux-bien-%C3%AAtre-professionnel\/#primaryimage"},"image":{"@id":"https:\/\/hr4free.com\/fr\/Satisfaction-au-travail\/%C3%89tat-des-lieux-bien-%C3%AAtre-professionnel\/#primaryimage"},"thumbnailUrl":"https:\/\/hr4free.com\/wp-content\/uploads\/2019\/02\/bigstock-Sleeping-At-Work-5535498II.jpg","datePublished":"2019-02-13T20:58:54+00:00","dateModified":"2019-07-24T12:38:39+00:00","author":{"@id":"https:\/\/hr4free.com\/fr\/#\/schema\/person\/84d24e645aa7c9881a9be32447ad1f0e"},"breadcrumb":{"@id":"https:\/\/hr4free.com\/fr\/Satisfaction-au-travail\/%C3%89tat-des-lieux-bien-%C3%AAtre-professionnel\/#breadcrumb"},"inLanguage":"fr-FR","potentialAction":[{"@type":"ReadAction","target":["https:\/\/hr4free.com\/fr\/Satisfaction-au-travail\/%C3%89tat-des-lieux-bien-%C3%AAtre-professionnel\/"]}]},{"@type":"ImageObject","inLanguage":"fr-FR","@id":"https:\/\/hr4free.com\/fr\/Satisfaction-au-travail\/%C3%89tat-des-lieux-bien-%C3%AAtre-professionnel\/#primaryimage","url":"https:\/\/hr4free.com\/wp-content\/uploads\/2019\/02\/bigstock-Sleeping-At-Work-5535498II.jpg","contentUrl":"https:\/\/hr4free.com\/wp-content\/uploads\/2019\/02\/bigstock-Sleeping-At-Work-5535498II.jpg","width":664,"height":335},{"@type":"BreadcrumbList","@id":"https:\/\/hr4free.com\/fr\/Satisfaction-au-travail\/%C3%89tat-des-lieux-bien-%C3%AAtre-professionnel\/#breadcrumb","itemListElement":[{"@type":"ListItem","position":1,"name":"Accueil","item":"https:\/\/hr4free.com\/fr\/"},{"@type":"ListItem","position":2,"name":"Satisfaction au travail 1\/2 &#8211; \u00c9tat des lieux de votre bien-\u00eatre professionnel"}]},{"@type":"WebSite","@id":"https:\/\/hr4free.com\/fr\/#website","url":"https:\/\/hr4free.com\/fr\/","name":"HR4Free","description":"","potentialAction":[{"@type":"SearchAction","target":{"@type":"EntryPoint","urlTemplate":"https:\/\/hr4free.com\/fr\/?s={search_term_string}"},"query-input":{"@type":"PropertyValueSpecification","valueRequired":true,"valueName":"search_term_string"}}],"inLanguage":"fr-FR"},{"@type":"Person","@id":"https:\/\/hr4free.com\/fr\/#\/schema\/person\/84d24e645aa7c9881a9be32447ad1f0e","name":"Vincent Held","image":{"@type":"ImageObject","inLanguage":"fr-FR","@id":"https:\/\/secure.gravatar.com\/avatar\/be36bf09642c9a45643e0c1448d76514bccae85470051c70db9496b705696675?s=96&d=mm&r=g","url":"https:\/\/secure.gravatar.com\/avatar\/be36bf09642c9a45643e0c1448d76514bccae85470051c70db9496b705696675?s=96&d=mm&r=g","contentUrl":"https:\/\/secure.gravatar.com\/avatar\/be36bf09642c9a45643e0c1448d76514bccae85470051c70db9496b705696675?s=96&d=mm&r=g","caption":"Vincent Held"},"url":"https:\/\/hr4free.com\/fr\/author\/vincent\/"}]}},"_links":{"self":[{"href":"https:\/\/hr4free.com\/fr\/wp-json\/wp\/v2\/posts\/860","targetHints":{"allow":["GET"]}}],"collection":[{"href":"https:\/\/hr4free.com\/fr\/wp-json\/wp\/v2\/posts"}],"about":[{"href":"https:\/\/hr4free.com\/fr\/wp-json\/wp\/v2\/types\/post"}],"author":[{"embeddable":true,"href":"https:\/\/hr4free.com\/fr\/wp-json\/wp\/v2\/users\/2"}],"replies":[{"embeddable":true,"href":"https:\/\/hr4free.com\/fr\/wp-json\/wp\/v2\/comments?post=860"}],"version-history":[{"count":2,"href":"https:\/\/hr4free.com\/fr\/wp-json\/wp\/v2\/posts\/860\/revisions"}],"predecessor-version":[{"id":4078,"href":"https:\/\/hr4free.com\/fr\/wp-json\/wp\/v2\/posts\/860\/revisions\/4078"}],"wp:featuredmedia":[{"embeddable":true,"href":"https:\/\/hr4free.com\/fr\/wp-json\/wp\/v2\/media\/836"}],"wp:attachment":[{"href":"https:\/\/hr4free.com\/fr\/wp-json\/wp\/v2\/media?parent=860"}],"wp:term":[{"taxonomy":"category","embeddable":true,"href":"https:\/\/hr4free.com\/fr\/wp-json\/wp\/v2\/categories?post=860"},{"taxonomy":"post_tag","embeddable":true,"href":"https:\/\/hr4free.com\/fr\/wp-json\/wp\/v2\/tags?post=860"}],"curies":[{"name":"wp","href":"https:\/\/api.w.org\/{rel}","templated":true}]}}