{"id":748,"date":"2019-02-10T23:59:37","date_gmt":"2019-02-10T23:59:37","guid":{"rendered":"http:\/\/hr4free.web-romandie.ch\/?p=748"},"modified":"2019-06-26T09:07:45","modified_gmt":"2019-06-26T09:07:45","slug":"piloter-dans-lincertitude-le-manager-face-au-defi-des-restructurations","status":"publish","type":"post","link":"https:\/\/hr4free.com\/fr\/Restructurations-et-r%C3%A9organisations\/Optimisation-des-processus-et-organisation-en-flux","title":{"rendered":"Piloter dans l&rsquo;incertitude: le manager face au d\u00e9fi des restructurations"},"content":{"rendered":"<p><strong>Nous subissons tous actuellement un march\u00e9 en profondes mutations.\u00a0<\/strong>Les\u00a0<em>mod\u00e8les de gestion<\/em>\u00a0et les\u00a0<em>syst\u00e8mes d\u2019information<\/em>\u00a0du management utilis\u00e9s montrent leurs limites dans leur incapacit\u00e9 \u00e0 appr\u00e9hender les ph\u00e9nom\u00e8nes en cours ou dans leur port\u00e9e temporelle tr\u00e8s limit\u00e9e.<\/p>\n<p><em>Par Liliane Held-Khawam, auteur du livre\u00a0<strong><a href=\"https:\/\/hr4free.com\/fr\/Management-Par-le-Coaching\/Livre-MPC%E2%84%A2\" target=\"_blank\" rel=\"noopener\" data-cke-saved-href=\"https:\/\/hr4free.com\/fr\/Management-Par-le-Coaching\/Livre-MPC%E2%84%A2\">\u00ab\u00a0Le Management Par le Coaching (MPC): le cadre \u00e0 la recherche de ses rep\u00e8res\u00a0\u00bb<\/a><\/strong><\/em><\/p>\n<h5><strong>Les axes-cl\u00e9s de la gestion d&rsquo;entreprise<\/strong><\/h5>\n<p><strong>Dans un tel contexte, les exigences pos\u00e9es au management r\u00e9sident dans la capacit\u00e9 \u00e0 anticiper et g\u00e9rer la mouvance<\/strong>, \u00e0 prendre des risques dans l\u2019incertitude. En cons\u00e9quence, il s\u2019agit de ma\u00eetriser l\u2019interrelation des\u00a0<em>4 axes-cl\u00e9s de la gestion d\u2019entreprise<\/em>\u00a0qui \u00e9volue tr\u00e8s rapidement:<\/p>\n<ol>\n<li><strong><em>Axe des structures et outils organisationnels<\/em><\/strong><\/li>\n<li><strong><em>Axe de l\u2019environnement<\/em><\/strong><\/li>\n<li><strong><em>Axe des produits<\/em><\/strong><\/li>\n<li><strong><em>Axe du facteur humain (individus)<\/em><\/strong><\/li>\n<\/ol>\n<p><strong>Nous nous concentrerons particuli\u00e8rement sur les 2 axes des structures et individus.<\/strong>\u00a0Nous examinerons ensuite comment r\u00e9ussir une int\u00e9gration des structures et des individus afin d\u2019optimiser le potentiel humain et la ma\u00eetrise du march\u00e9.<\/p>\n<h5><strong>Restructurer pour r\u00e9pondre aux exigences du march\u00e9<\/strong><\/h5>\n<p><strong>Pour r\u00e9pondre \u00e0 cette dynamique du changement, bon nombre d\u2019entreprises se restructurent.\u00a0<\/strong>La mani\u00e8re dont le changement est conduit se r\u00e9v\u00e8le parfois tr\u00e8s d\u00e9stabilisante, source de stress pour les cadres et les collaborateurs de l\u2019entreprise, donc finalement inefficace.<\/p>\n<p>La principale caract\u00e9ristique des diff\u00e9rents mod\u00e8les mis en place est la<em>\u00a0souplesse\u00a0<\/em>et l\u2019<em>orientation-client\u00e8le<\/em>:<\/p>\n<h5><em>L\u2019assouplissement des structures<\/em><\/h5>\n<p><strong>Pour r\u00e9pondre \u00e0 un march\u00e9 en mouvance, les entreprises assouplissent leurs structures en cr\u00e9ant des unit\u00e9s autonome<\/strong>s, tendance qui peut aller jusqu\u2019\u00e0 l\u2019\u00e9clatement des grandes unit\u00e9s et \u00e0 la filialisation, en r\u00e9duisant le nombre d\u2019interm\u00e9diaires entre la Direction G\u00e9n\u00e9rale et la base.<\/p>\n<h5><em>L\u2019organisation de processus d\u2019activit\u00e9s<\/em><\/h5>\n<p><strong>Cette approche met le client au c\u0153ur de l\u2019entreprise.\u00a0<\/strong>Ainsi, les services s\u2019organisent autour du client. Dans une telle forme d\u2019organisation, la pyramide de l\u2019entreprise s\u2019aplatit. L\u2019<em>optimisation des flux<\/em>\u00a0entre le d\u00e9veloppement du produit et le client devient essentielle.<\/p>\n<p><strong>Chaque personne participant \u00e0 un tel processus occupe une fonction vitale<\/strong>: celle de r\u00e9pondre, de mani\u00e8re optimale, aux besoins de son propre client. Or, \u00e0 chaque modification du besoin du client final, d\u2019une composante fournie, \u00e0 chaque innovation dans le processus, une r\u00e9action rapide et appropri\u00e9e est indispensable. Ceci n\u00e9cessite donc une\u00a0<em>vigilance permanente<\/em>\u00a0de la part du collaborateur et un\u00a0<em>temps de r\u00e9action\u00a0<\/em>de plus en plus court dans le march\u00e9 actuel. Par ailleurs, le collaborateur peut de moins en moins compter sur le soutien de son sup\u00e9rieur, engag\u00e9 lui-m\u00eame sur plusieurs fronts \u00e0 la fois. Il est donc invit\u00e9 \u00e0 d\u00e9cider, \u00e0 assumer ses responsabilit\u00e9s, voire \u00e0 anticiper.<\/p>\n<p><strong>C\u2019est \u00e0 l\u2019individu de trouver des solutions nouvelles, de s\u2019adapter pour que sa r\u00e9ponse soit la meilleure possible.<\/strong>\u00a0Il doit donc faire preuve de comp\u00e9tence, d\u2019innovation et, surtout, d\u2019autonomie, tout en tenant compte de ses fournisseurs, de ses clients et du groupe dont il fait partie. Il ne peut donc plus attendre les solutions des autres, des structures, des syst\u00e8mes, des chefs. Les r\u00e9ponses apport\u00e9es seront bas\u00e9es sur l\u2019exp\u00e9rience, mais aussi sur le discernement et l\u2019initiative personnelle de chacun.<\/p>\n<h5><b>Les causes des difficult\u00e9s rencontr\u00e9es<\/b><\/h5>\n<p>Dans l\u2019<em>organisation en flux<\/em>, une responsabilit\u00e9 accrue, des capacit\u00e9s d\u2019adaptation, de coordination ainsi qu\u2019un esprit d\u2019initiative et d\u2019\u00e9quipe \u2013 \u00e9l\u00e9ments dont il avait moins besoin auparavant \u2013 seront demand\u00e9s au collaborateur.<\/p>\n<p><strong>Dans cet esprit, il est \u00e9vident que la performance de chacun va \u00eatre d\u00e9finie et \u00e9valu\u00e9e de mani\u00e8re de plus en plus pr\u00e9cise.<\/strong>\u00a0Des\u00a0<em>indicateurs de performance<\/em>\u00a0vont sanctionner le r\u00e9sultat beaucoup plus rapidement que dans l\u2019organisation pyramidale.<\/p>\n<p>La liaison fr\u00e9quente \u00e9tablie avec la\u00a0<em>r\u00e9mun\u00e9ration au m\u00e9rite peut<\/em>, dans certains cas de figure, accro\u00eetre encore le sentiment de vuln\u00e9rabilit\u00e9 d\u2019un bon nombre de collaborateurs. Il en r\u00e9sulte donc un sentiment de peur, lui-m\u00eame assez contagieux et qui conduit \u00e0 une ambiance de travail difficile, tendue, souvent n\u00e9gative.\u00a0<strong>Cette peur constitue certainement le facteur de blocage le plus important<\/strong>: il conduit \u00e0 l\u2019inertie, \u00e0 la recherche de protection, \u00e0 une minimisation des risques, plus qu\u2019\u00e0 l\u2019innovation, \u00e0 l\u2019initiative, \u00e0 l\u2019enthousiasme.<\/p>\n<p>D\u2019autres causes de dysfonctionnement peuvent \u00eatre relev\u00e9es:<\/p>\n<ul>\n<li>le<em>\u00a0manque d\u2019autonomie<\/em>\u00a0des collaborateurs;<\/li>\n<li>le\u00a0<em>manque de responsabilit\u00e9 individuelle<\/em>;<\/li>\n<li>un\u00a0<em>niveau de comp\u00e9tences\u00a0<\/em>insuffisamment tenu \u00e0 jour;<\/li>\n<li>un\u00a0<em>manque de coh\u00e9rence du management<\/em>\u00a0entre le mod\u00e8le organisationnel pr\u00e9conis\u00e9 et leur comportement;<\/li>\n<li>une\u00a0<em>pr\u00e9paration insuffisante<\/em>\u00a0du personnel pour le\u00a0<em>changement structurel<\/em>;<\/li>\n<li>les collaborateurs se sentent\u00a0<em>victimes<\/em>\u00a0du changement impos\u00e9 par la Direction et non\u00a0<em>acteurs et partenaires<\/em>\u00a0de celui-ci.<\/li>\n<\/ul>\n<p><strong>Ces causes de blocage sont li\u00e9es fondamentalement au facteur humain<\/strong>, au niveau psychologique, et \u00e0 celui des comp\u00e9tences r\u00e9elles.<\/p>\n<p>Les cons\u00e9quences possibles sont \u00e9videntes et d\u00e9sagr\u00e9ables:<\/p>\n<ul>\n<li>la relation de confiance se rompt avec le management;<\/li>\n<li>on d\u00e9courage et d\u00e9motive les gens;<\/li>\n<li>la r\u00e9sistance des collaborateurs;<\/li>\n<li>l\u2019ambiance de travail, le climat social peuvent se d\u00e9t\u00e9riorer de mani\u00e8re significative;<\/li>\n<li>les charges \u00e9motionnelles int\u00e9rioris\u00e9es;<\/li>\n<li>les r\u00e9sultats op\u00e9rationnels peuvent se d\u00e9t\u00e9riorer.<\/li>\n<\/ul>\n<p><strong>D\u00e8s lors, il est bien clair que la gestion de l\u2019humain est une question primordiale.\u00a0<\/strong>Il est beaucoup plus int\u00e9ressant de motiver les collaborateurs au changement et d\u2019en faire des partenaires plut\u00f4t que d\u2019imposer le changement et de cr\u00e9er une opposition.<\/p>\n<h5><strong>Les structures et les individus<\/strong><\/h5>\n<p><strong>La structure et les outils de gestion ne constituent que l\u2019un des aspects de la gestion d\u2019une entreprise.\u00a0<\/strong>Modifier les structures est tentant: le changement est compr\u00e9hensible et explicable. En revanche, les actions relatives \u00e0 l\u2019environnement, aux produits et au facteur humain sont nettement plus difficiles \u00e0 ma\u00eetriser. On a donc souvent tendance \u00e0 les n\u00e9gliger.<\/p>\n<table class=\" cke_show_border\" border=\"0\" cellspacing=\"1\" cellpadding=\"1\">\n<tbody>\n<tr>\n<td><b>Exemple de dysfonctionnement: le facteur humain n&rsquo;est pas orient\u00e9 vers les objectifs strat\u00e9giques<\/b><\/p>\n<p>Lorsqu&rsquo;il existe un \u00e9cart entre les comp\u00e9tences, les motivations, les valeurs ou la culture du facteur humain et les objectifs strat\u00e9giques de l&rsquo;organisation, ceci se traduira par des tensions et un stress proportionnels \u00e0 l&rsquo;ampleur de ces \u00e9carts.<\/td>\n<\/tr>\n<\/tbody>\n<\/table>\n<p><strong>Or, r\u00e9ussir le changement n\u00e9cessite d\u2019agir sur les quatre dimensions<\/strong>\u00a0(c.f. ci-dessus), et en tout cas d\u2019int\u00e9grer les structures et les individus de mani\u00e8re coh\u00e9rente et progressive.<\/p>\n<p>L\u2019important est donc plus l\u2019<em>ad\u00e9quation des structures<\/em>\u00a0par rapport au march\u00e9, \u00e0 l\u2019environnement et au potentiel humain disponible, que le mod\u00e8le th\u00e9orique de r\u00e9f\u00e9rence.<\/p>\n<p><strong>Tout \u00e9cart important entre les individus et les structures sera cause de stress<\/strong>, de dysfonctionnement, de perturbations, de peur et finalement de performances moyennes voire insuffisantes.<\/p>\n<h5><strong>Pr\u00e9parer le changement<\/strong><\/h5>\n<p><strong>Le changement se pr\u00e9pare et se g\u00e8re.<\/strong>\u00a0Id\u00e9alement, il s\u2019agit d\u2019un processus continu et endog\u00e8ne, c\u2019est-\u00e0-dire port\u00e9 et non subi par les collaborateurs qui ont la meilleure perception des probl\u00e8mes rencontr\u00e9s. Ils peuvent de ce fait \u00eatre des vecteurs importants de changements.<\/p>\n<p>Les restructurations peuvent se faire harmonieusement, si l\u2019on:<\/p>\n<ul>\n<li>d\u00e9finit une vision, une orientation strat\u00e9gique claire;<\/li>\n<li>fait un \u00e9tat des lieux actuels en identifiant ses propres forces, ses comp\u00e9tences de base et ses faiblesses, en relevant les blocages \u00e9ventuels, les dysfonctionnements, en s\u00e9riant les probl\u00e8mes et d\u00e9finissant les priorit\u00e9s;<\/li>\n<li>d\u00e9finit des mesures adapt\u00e9es \u00e0 la situation;<\/li>\n<li>analyse la capacit\u00e9 des collaborateurs \u00e0 int\u00e9grer ces mesures;<\/li>\n<li>d\u00e9cide et communique les mesures de la mani\u00e8re la plus transparente;<\/li>\n<li>donne aux collaborateurs les moyens de r\u00e9aliser le changement;<\/li>\n<li>joue la transparence dans la communication, la coh\u00e9rence entre les paroles et les actes, de mani\u00e8re \u00e0 reconstituer la cr\u00e9dibilit\u00e9 entam\u00e9e du management;<\/li>\n<li>se donne et donne aux autres le temps de mettre en \u0153uvre le changement.<\/li>\n<\/ul>\n<h5><strong>En guise de conclusion<\/strong><\/h5>\n<p>Le d\u00e9fi d\u2019une entreprise aujourd\u2019hui est de survivre, voire de progresser dans un march\u00e9 global, complexe et impitoyable.\u00a0<strong>Le changement doit \u00eatre permanent, de m\u00eame que l\u2019acquisition de comp\u00e9tences nouvelles.\u00a0<\/strong>La rapidit\u00e9 de r\u00e9action ne doit cependant pas signifier r\u00e9activit\u00e9, absence de vision et de strat\u00e9gie. Au contraire, c\u2019est dans ces p\u00e9riodes qu\u2019il s\u2019agit de d\u00e9finir et de r\u00e9aliser des axes strat\u00e9giques, en demandant aux collaborateurs d\u2019engager leur \u00e9nergie, leurs comp\u00e9tences, leur enthousiasme et leur cr\u00e9ativit\u00e9. Il s\u2019agit donc de mobiliser les \u00e9nergies humaines \u00e0 l\u2019int\u00e9rieur de l\u2019organisation.<\/p>\n<p><strong>Les entreprises ont souvent beaucoup investi dans les outils organisationnels<\/strong>, \u00e9galement dans la formation, mais rares sont celles qui se sont donn\u00e9es r\u00e9ellement les moyens de mobiliser leur capital humain.<\/p>\n<p><strong>Le d\u00e9fi du management consiste \u00e0 faire \u00e9maner le changement de l\u2019int\u00e9rieur de l\u2019entreprise<\/strong>\u00a0afin de mobiliser l\u2019\u00e9nergie humaine dans la construction, dans l\u2019action, d\u2019harmoniser les structures avec le potentiel humain disponible.<\/p>\n<p><strong>Le changement sera ainsi v\u00e9cu naturellement.<\/strong>\u00a0Il suffit d\u2019un peu de psychologie pour dynamiser les structures et \u00e9viter les blocages. Les collaborateurs auront le sentiment d\u2019\u00eatre\u00a0<em>acteurs dans un processus d\u2019\u00e9volution<\/em>, et non d\u2019\u00eatre les\u00a0<em>victimes d\u2019une r\u00e9volution<\/em>.<\/p>\n<p>Le changement ne peut donc qu\u2019\u00eatre une attitude fondamentale de l\u2019organisation, un comportement naturel, int\u00e9gr\u00e9, et surtout progressif, qui se fera par les Hommes et avec eux.<\/p>\n<p><em>A lire \u00e9galement:<\/em><\/p>\n<ul>\n<li><a href=\"https:\/\/hr4free.com\/fr\/Restructurations-et-r%C3%A9organisations\/Succ%C3%A8s-projet-professionnel-en-temps-de-crise-mondialisation\" target=\"_blank\" rel=\"noopener\" data-cke-saved-href=\"https:\/\/hr4free.com\/fr\/Restructurations-et-r%C3%A9organisations\/Succ%C3%A8s-projet-professionnel-en-temps-de-crise-mondialisation\"><strong>R\u00e9ussir son projet professionnel par temps de crise<\/strong><\/a><\/li>\n<li><a href=\"https:\/\/hr4free.com\/fr\/Restructurations-et-r%C3%A9organisations\/Le-processus-de-restructuration-causes-et-risques-organisation\" target=\"_blank\" rel=\"noopener\" data-cke-saved-href=\"https:\/\/hr4free.com\/fr\/Restructurations-et-r\u00e9organisations\/Le-processus-de-restructuration-causes-et-risques-organisation\"><strong>Processus de restructuration: les risques pour l&rsquo;organisation<\/strong><\/a><\/li>\n<li><a href=\"https:\/\/hr4free.com\/fr\/Restructurations-et-r%C3%A9organisations\/Outsourcing-risques-opportunit%C3%A9s-organisation-comp%C3%A9tititvit%C3%A9-d%C3%A9veloppement-des-comp%C3%A9tences\" target=\"_blank\" rel=\"noopener\" data-cke-saved-href=\"https:\/\/hr4free.com\/fr\/Restructurations-et-r%C3%A9organisations\/Outsourcing-risques-opportunit%C3%A9s-organisation-comp%C3%A9tititvit%C3%A9-d%C3%A9veloppement-des-comp%C3%A9tences\"><strong>Outsourcing: risques et opportunit\u00e9s pour l&rsquo;organisation<\/strong><\/a><\/li>\n<\/ul>\n","protected":false},"excerpt":{"rendered":"<p>Nous subissons tous actuellement un march\u00e9 en profondes mutations.\u00a0Les\u00a0mod\u00e8les de gestion\u00a0et les\u00a0syst\u00e8mes d\u2019information\u00a0du management utilis\u00e9s montrent leurs limites dans leur incapacit\u00e9 \u00e0 appr\u00e9hender les ph\u00e9nom\u00e8nes en cours ou dans leur port\u00e9e temporelle tr\u00e8s limit\u00e9e. Par Liliane Held-Khawam, auteur du livre\u00a0\u00ab\u00a0Le Management Par le Coaching (MPC): le cadre \u00e0 la recherche de ses rep\u00e8res\u00a0\u00bb Les axes-cl\u00e9s [&hellip;]<\/p>\n","protected":false},"author":2,"featured_media":3104,"comment_status":"open","ping_status":"closed","sticky":false,"template":"","format":"standard","meta":{"footnotes":""},"categories":[48],"tags":[90,79,103,99,104],"class_list":["post-748","post","type-post","status-publish","format-standard","has-post-thumbnail","hentry","category-restructurations-et-reorganisations","tag-coaching","tag-gestion-dentreprise","tag-gestion-de-la-sante","tag-management","tag-reorganisations"],"yoast_head":"<!-- This site is optimized with the Yoast SEO plugin v28.4 - https:\/\/yoast.com\/product\/yoast-seo-wordpress\/ -->\n<title>Piloter dans l&#039;incertitude: le manager face au d\u00e9fi des restructurations - HR4Free<\/title>\n<meta name=\"robots\" content=\"noindex, follow, max-snippet:-1, max-image-preview:large, max-video-preview:-1\" \/>\n<meta property=\"og:locale\" content=\"fr_FR\" \/>\n<meta property=\"og:type\" content=\"article\" \/>\n<meta property=\"og:title\" content=\"Piloter dans l&#039;incertitude: le manager face au d\u00e9fi des restructurations - HR4Free\" \/>\n<meta property=\"og:description\" content=\"Nous subissons tous actuellement un march\u00e9 en profondes mutations.\u00a0Les\u00a0mod\u00e8les de gestion\u00a0et les\u00a0syst\u00e8mes d\u2019information\u00a0du management utilis\u00e9s montrent leurs limites dans leur incapacit\u00e9 \u00e0 appr\u00e9hender les ph\u00e9nom\u00e8nes en cours ou dans leur port\u00e9e temporelle tr\u00e8s limit\u00e9e. Par Liliane Held-Khawam, auteur du livre\u00a0\u00ab\u00a0Le Management Par le Coaching (MPC): le cadre \u00e0 la recherche de ses rep\u00e8res\u00a0\u00bb Les axes-cl\u00e9s [&hellip;]\" \/>\n<meta property=\"og:url\" content=\"https:\/\/hr4free.com\/fr\/Restructurations-et-r\u00e9organisations\/Optimisation-des-processus-et-organisation-en-flux\/\" \/>\n<meta property=\"og:site_name\" content=\"HR4Free\" \/>\n<meta property=\"article:published_time\" content=\"2019-02-10T23:59:37+00:00\" \/>\n<meta property=\"article:modified_time\" content=\"2019-06-26T09:07:45+00:00\" \/>\n<meta property=\"og:image\" content=\"https:\/\/hr4free.com\/wp-content\/uploads\/2019\/02\/mark-516277_1280.jpg\" \/>\n\t<meta property=\"og:image:width\" content=\"1280\" \/>\n\t<meta property=\"og:image:height\" content=\"903\" \/>\n\t<meta property=\"og:image:type\" content=\"image\/jpeg\" \/>\n<meta name=\"author\" content=\"Vincent Held\" \/>\n<meta name=\"twitter:card\" content=\"summary_large_image\" \/>\n<meta name=\"twitter:label1\" content=\"\u00c9crit par\" \/>\n\t<meta name=\"twitter:data1\" content=\"Vincent Held\" \/>\n\t<meta name=\"twitter:label2\" content=\"Dur\u00e9e de lecture estim\u00e9e\" \/>\n\t<meta name=\"twitter:data2\" content=\"8 minutes\" \/>\n<script type=\"application\/ld+json\" class=\"yoast-schema-graph\">{\"@context\":\"https:\\\/\\\/schema.org\",\"@graph\":[{\"@type\":\"Article\",\"@id\":\"https:\\\/\\\/hr4free.com\\\/fr\\\/Restructurations-et-r%C3%A9organisations\\\/Optimisation-des-processus-et-organisation-en-flux\\\/#article\",\"isPartOf\":{\"@id\":\"https:\\\/\\\/hr4free.com\\\/fr\\\/Restructurations-et-r%C3%A9organisations\\\/Optimisation-des-processus-et-organisation-en-flux\\\/\"},\"author\":{\"name\":\"Vincent Held\",\"@id\":\"https:\\\/\\\/hr4free.com\\\/fr\\\/#\\\/schema\\\/person\\\/84d24e645aa7c9881a9be32447ad1f0e\"},\"headline\":\"Piloter dans l&rsquo;incertitude: le manager face au d\u00e9fi des restructurations\",\"datePublished\":\"2019-02-10T23:59:37+00:00\",\"dateModified\":\"2019-06-26T09:07:45+00:00\",\"mainEntityOfPage\":{\"@id\":\"https:\\\/\\\/hr4free.com\\\/fr\\\/Restructurations-et-r%C3%A9organisations\\\/Optimisation-des-processus-et-organisation-en-flux\\\/\"},\"wordCount\":1656,\"commentCount\":0,\"image\":{\"@id\":\"https:\\\/\\\/hr4free.com\\\/fr\\\/Restructurations-et-r%C3%A9organisations\\\/Optimisation-des-processus-et-organisation-en-flux\\\/#primaryimage\"},\"thumbnailUrl\":\"https:\\\/\\\/hr4free.com\\\/wp-content\\\/uploads\\\/2019\\\/02\\\/mark-516277_1280.jpg\",\"keywords\":[\"coaching\",\"gestion d'entreprise\",\"gestion de la sant\u00e9\",\"management\",\"r\u00e9organisations\"],\"articleSection\":[\"Changement organisationnel\"],\"inLanguage\":\"fr-FR\",\"potentialAction\":[{\"@type\":\"CommentAction\",\"name\":\"Comment\",\"target\":[\"https:\\\/\\\/hr4free.com\\\/fr\\\/Restructurations-et-r%C3%A9organisations\\\/Optimisation-des-processus-et-organisation-en-flux\\\/#respond\"]}]},{\"@type\":\"WebPage\",\"@id\":\"https:\\\/\\\/hr4free.com\\\/fr\\\/Restructurations-et-r%C3%A9organisations\\\/Optimisation-des-processus-et-organisation-en-flux\\\/\",\"url\":\"https:\\\/\\\/hr4free.com\\\/fr\\\/Restructurations-et-r%C3%A9organisations\\\/Optimisation-des-processus-et-organisation-en-flux\\\/\",\"name\":\"Piloter dans l'incertitude: le manager face au d\u00e9fi des restructurations - HR4Free\",\"isPartOf\":{\"@id\":\"https:\\\/\\\/hr4free.com\\\/fr\\\/#website\"},\"primaryImageOfPage\":{\"@id\":\"https:\\\/\\\/hr4free.com\\\/fr\\\/Restructurations-et-r%C3%A9organisations\\\/Optimisation-des-processus-et-organisation-en-flux\\\/#primaryimage\"},\"image\":{\"@id\":\"https:\\\/\\\/hr4free.com\\\/fr\\\/Restructurations-et-r%C3%A9organisations\\\/Optimisation-des-processus-et-organisation-en-flux\\\/#primaryimage\"},\"thumbnailUrl\":\"https:\\\/\\\/hr4free.com\\\/wp-content\\\/uploads\\\/2019\\\/02\\\/mark-516277_1280.jpg\",\"datePublished\":\"2019-02-10T23:59:37+00:00\",\"dateModified\":\"2019-06-26T09:07:45+00:00\",\"author\":{\"@id\":\"https:\\\/\\\/hr4free.com\\\/fr\\\/#\\\/schema\\\/person\\\/84d24e645aa7c9881a9be32447ad1f0e\"},\"breadcrumb\":{\"@id\":\"https:\\\/\\\/hr4free.com\\\/fr\\\/Restructurations-et-r%C3%A9organisations\\\/Optimisation-des-processus-et-organisation-en-flux\\\/#breadcrumb\"},\"inLanguage\":\"fr-FR\",\"potentialAction\":[{\"@type\":\"ReadAction\",\"target\":[\"https:\\\/\\\/hr4free.com\\\/fr\\\/Restructurations-et-r%C3%A9organisations\\\/Optimisation-des-processus-et-organisation-en-flux\\\/\"]}]},{\"@type\":\"ImageObject\",\"inLanguage\":\"fr-FR\",\"@id\":\"https:\\\/\\\/hr4free.com\\\/fr\\\/Restructurations-et-r%C3%A9organisations\\\/Optimisation-des-processus-et-organisation-en-flux\\\/#primaryimage\",\"url\":\"https:\\\/\\\/hr4free.com\\\/wp-content\\\/uploads\\\/2019\\\/02\\\/mark-516277_1280.jpg\",\"contentUrl\":\"https:\\\/\\\/hr4free.com\\\/wp-content\\\/uploads\\\/2019\\\/02\\\/mark-516277_1280.jpg\",\"width\":1280,\"height\":903},{\"@type\":\"BreadcrumbList\",\"@id\":\"https:\\\/\\\/hr4free.com\\\/fr\\\/Restructurations-et-r%C3%A9organisations\\\/Optimisation-des-processus-et-organisation-en-flux\\\/#breadcrumb\",\"itemListElement\":[{\"@type\":\"ListItem\",\"position\":1,\"name\":\"Accueil\",\"item\":\"https:\\\/\\\/hr4free.com\\\/fr\\\/\"},{\"@type\":\"ListItem\",\"position\":2,\"name\":\"Piloter dans l&rsquo;incertitude: le manager face au d\u00e9fi des restructurations\"}]},{\"@type\":\"WebSite\",\"@id\":\"https:\\\/\\\/hr4free.com\\\/fr\\\/#website\",\"url\":\"https:\\\/\\\/hr4free.com\\\/fr\\\/\",\"name\":\"HR4Free\",\"description\":\"\",\"potentialAction\":[{\"@type\":\"SearchAction\",\"target\":{\"@type\":\"EntryPoint\",\"urlTemplate\":\"https:\\\/\\\/hr4free.com\\\/fr\\\/?s={search_term_string}\"},\"query-input\":{\"@type\":\"PropertyValueSpecification\",\"valueRequired\":true,\"valueName\":\"search_term_string\"}}],\"inLanguage\":\"fr-FR\"},{\"@type\":\"Person\",\"@id\":\"https:\\\/\\\/hr4free.com\\\/fr\\\/#\\\/schema\\\/person\\\/84d24e645aa7c9881a9be32447ad1f0e\",\"name\":\"Vincent Held\",\"image\":{\"@type\":\"ImageObject\",\"inLanguage\":\"fr-FR\",\"@id\":\"https:\\\/\\\/secure.gravatar.com\\\/avatar\\\/be36bf09642c9a45643e0c1448d76514bccae85470051c70db9496b705696675?s=96&d=mm&r=g\",\"url\":\"https:\\\/\\\/secure.gravatar.com\\\/avatar\\\/be36bf09642c9a45643e0c1448d76514bccae85470051c70db9496b705696675?s=96&d=mm&r=g\",\"contentUrl\":\"https:\\\/\\\/secure.gravatar.com\\\/avatar\\\/be36bf09642c9a45643e0c1448d76514bccae85470051c70db9496b705696675?s=96&d=mm&r=g\",\"caption\":\"Vincent Held\"},\"url\":\"https:\\\/\\\/hr4free.com\\\/fr\\\/author\\\/vincent\\\/\"}]}<\/script>\n<!-- \/ Yoast SEO plugin. -->","yoast_head_json":{"title":"Piloter dans l'incertitude: le manager face au d\u00e9fi des restructurations - HR4Free","robots":{"index":"noindex","follow":"follow","max-snippet":"max-snippet:-1","max-image-preview":"max-image-preview:large","max-video-preview":"max-video-preview:-1"},"og_locale":"fr_FR","og_type":"article","og_title":"Piloter dans l'incertitude: le manager face au d\u00e9fi des restructurations - HR4Free","og_description":"Nous subissons tous actuellement un march\u00e9 en profondes mutations.\u00a0Les\u00a0mod\u00e8les de gestion\u00a0et les\u00a0syst\u00e8mes d\u2019information\u00a0du management utilis\u00e9s montrent leurs limites dans leur incapacit\u00e9 \u00e0 appr\u00e9hender les ph\u00e9nom\u00e8nes en cours ou dans leur port\u00e9e temporelle tr\u00e8s limit\u00e9e. Par Liliane Held-Khawam, auteur du livre\u00a0\u00ab\u00a0Le Management Par le Coaching (MPC): le cadre \u00e0 la recherche de ses rep\u00e8res\u00a0\u00bb Les axes-cl\u00e9s [&hellip;]","og_url":"https:\/\/hr4free.com\/fr\/Restructurations-et-r\u00e9organisations\/Optimisation-des-processus-et-organisation-en-flux\/","og_site_name":"HR4Free","article_published_time":"2019-02-10T23:59:37+00:00","article_modified_time":"2019-06-26T09:07:45+00:00","og_image":[{"width":1280,"height":903,"url":"https:\/\/hr4free.com\/wp-content\/uploads\/2019\/02\/mark-516277_1280.jpg","type":"image\/jpeg"}],"author":"Vincent Held","twitter_card":"summary_large_image","twitter_misc":{"\u00c9crit par":"Vincent Held","Dur\u00e9e de lecture estim\u00e9e":"8 minutes"},"schema":{"@context":"https:\/\/schema.org","@graph":[{"@type":"Article","@id":"https:\/\/hr4free.com\/fr\/Restructurations-et-r%C3%A9organisations\/Optimisation-des-processus-et-organisation-en-flux\/#article","isPartOf":{"@id":"https:\/\/hr4free.com\/fr\/Restructurations-et-r%C3%A9organisations\/Optimisation-des-processus-et-organisation-en-flux\/"},"author":{"name":"Vincent Held","@id":"https:\/\/hr4free.com\/fr\/#\/schema\/person\/84d24e645aa7c9881a9be32447ad1f0e"},"headline":"Piloter dans l&rsquo;incertitude: le manager face au d\u00e9fi des restructurations","datePublished":"2019-02-10T23:59:37+00:00","dateModified":"2019-06-26T09:07:45+00:00","mainEntityOfPage":{"@id":"https:\/\/hr4free.com\/fr\/Restructurations-et-r%C3%A9organisations\/Optimisation-des-processus-et-organisation-en-flux\/"},"wordCount":1656,"commentCount":0,"image":{"@id":"https:\/\/hr4free.com\/fr\/Restructurations-et-r%C3%A9organisations\/Optimisation-des-processus-et-organisation-en-flux\/#primaryimage"},"thumbnailUrl":"https:\/\/hr4free.com\/wp-content\/uploads\/2019\/02\/mark-516277_1280.jpg","keywords":["coaching","gestion d'entreprise","gestion de la sant\u00e9","management","r\u00e9organisations"],"articleSection":["Changement organisationnel"],"inLanguage":"fr-FR","potentialAction":[{"@type":"CommentAction","name":"Comment","target":["https:\/\/hr4free.com\/fr\/Restructurations-et-r%C3%A9organisations\/Optimisation-des-processus-et-organisation-en-flux\/#respond"]}]},{"@type":"WebPage","@id":"https:\/\/hr4free.com\/fr\/Restructurations-et-r%C3%A9organisations\/Optimisation-des-processus-et-organisation-en-flux\/","url":"https:\/\/hr4free.com\/fr\/Restructurations-et-r%C3%A9organisations\/Optimisation-des-processus-et-organisation-en-flux\/","name":"Piloter dans l'incertitude: le manager face au d\u00e9fi des restructurations - HR4Free","isPartOf":{"@id":"https:\/\/hr4free.com\/fr\/#website"},"primaryImageOfPage":{"@id":"https:\/\/hr4free.com\/fr\/Restructurations-et-r%C3%A9organisations\/Optimisation-des-processus-et-organisation-en-flux\/#primaryimage"},"image":{"@id":"https:\/\/hr4free.com\/fr\/Restructurations-et-r%C3%A9organisations\/Optimisation-des-processus-et-organisation-en-flux\/#primaryimage"},"thumbnailUrl":"https:\/\/hr4free.com\/wp-content\/uploads\/2019\/02\/mark-516277_1280.jpg","datePublished":"2019-02-10T23:59:37+00:00","dateModified":"2019-06-26T09:07:45+00:00","author":{"@id":"https:\/\/hr4free.com\/fr\/#\/schema\/person\/84d24e645aa7c9881a9be32447ad1f0e"},"breadcrumb":{"@id":"https:\/\/hr4free.com\/fr\/Restructurations-et-r%C3%A9organisations\/Optimisation-des-processus-et-organisation-en-flux\/#breadcrumb"},"inLanguage":"fr-FR","potentialAction":[{"@type":"ReadAction","target":["https:\/\/hr4free.com\/fr\/Restructurations-et-r%C3%A9organisations\/Optimisation-des-processus-et-organisation-en-flux\/"]}]},{"@type":"ImageObject","inLanguage":"fr-FR","@id":"https:\/\/hr4free.com\/fr\/Restructurations-et-r%C3%A9organisations\/Optimisation-des-processus-et-organisation-en-flux\/#primaryimage","url":"https:\/\/hr4free.com\/wp-content\/uploads\/2019\/02\/mark-516277_1280.jpg","contentUrl":"https:\/\/hr4free.com\/wp-content\/uploads\/2019\/02\/mark-516277_1280.jpg","width":1280,"height":903},{"@type":"BreadcrumbList","@id":"https:\/\/hr4free.com\/fr\/Restructurations-et-r%C3%A9organisations\/Optimisation-des-processus-et-organisation-en-flux\/#breadcrumb","itemListElement":[{"@type":"ListItem","position":1,"name":"Accueil","item":"https:\/\/hr4free.com\/fr\/"},{"@type":"ListItem","position":2,"name":"Piloter dans l&rsquo;incertitude: le manager face au d\u00e9fi des restructurations"}]},{"@type":"WebSite","@id":"https:\/\/hr4free.com\/fr\/#website","url":"https:\/\/hr4free.com\/fr\/","name":"HR4Free","description":"","potentialAction":[{"@type":"SearchAction","target":{"@type":"EntryPoint","urlTemplate":"https:\/\/hr4free.com\/fr\/?s={search_term_string}"},"query-input":{"@type":"PropertyValueSpecification","valueRequired":true,"valueName":"search_term_string"}}],"inLanguage":"fr-FR"},{"@type":"Person","@id":"https:\/\/hr4free.com\/fr\/#\/schema\/person\/84d24e645aa7c9881a9be32447ad1f0e","name":"Vincent Held","image":{"@type":"ImageObject","inLanguage":"fr-FR","@id":"https:\/\/secure.gravatar.com\/avatar\/be36bf09642c9a45643e0c1448d76514bccae85470051c70db9496b705696675?s=96&d=mm&r=g","url":"https:\/\/secure.gravatar.com\/avatar\/be36bf09642c9a45643e0c1448d76514bccae85470051c70db9496b705696675?s=96&d=mm&r=g","contentUrl":"https:\/\/secure.gravatar.com\/avatar\/be36bf09642c9a45643e0c1448d76514bccae85470051c70db9496b705696675?s=96&d=mm&r=g","caption":"Vincent Held"},"url":"https:\/\/hr4free.com\/fr\/author\/vincent\/"}]}},"_links":{"self":[{"href":"https:\/\/hr4free.com\/fr\/wp-json\/wp\/v2\/posts\/748","targetHints":{"allow":["GET"]}}],"collection":[{"href":"https:\/\/hr4free.com\/fr\/wp-json\/wp\/v2\/posts"}],"about":[{"href":"https:\/\/hr4free.com\/fr\/wp-json\/wp\/v2\/types\/post"}],"author":[{"embeddable":true,"href":"https:\/\/hr4free.com\/fr\/wp-json\/wp\/v2\/users\/2"}],"replies":[{"embeddable":true,"href":"https:\/\/hr4free.com\/fr\/wp-json\/wp\/v2\/comments?post=748"}],"version-history":[{"count":2,"href":"https:\/\/hr4free.com\/fr\/wp-json\/wp\/v2\/posts\/748\/revisions"}],"predecessor-version":[{"id":750,"href":"https:\/\/hr4free.com\/fr\/wp-json\/wp\/v2\/posts\/748\/revisions\/750"}],"wp:featuredmedia":[{"embeddable":true,"href":"https:\/\/hr4free.com\/fr\/wp-json\/wp\/v2\/media\/3104"}],"wp:attachment":[{"href":"https:\/\/hr4free.com\/fr\/wp-json\/wp\/v2\/media?parent=748"}],"wp:term":[{"taxonomy":"category","embeddable":true,"href":"https:\/\/hr4free.com\/fr\/wp-json\/wp\/v2\/categories?post=748"},{"taxonomy":"post_tag","embeddable":true,"href":"https:\/\/hr4free.com\/fr\/wp-json\/wp\/v2\/tags?post=748"}],"curies":[{"name":"wp","href":"https:\/\/api.w.org\/{rel}","templated":true}]}}