{"id":688,"date":"2019-04-10T13:16:11","date_gmt":"2019-04-10T13:16:11","guid":{"rendered":"http:\/\/hr4free.web-romandie.ch\/?p=688"},"modified":"2019-06-28T16:04:00","modified_gmt":"2019-06-28T16:04:00","slug":"gestion-sante-entreprise-outils-et-concepts-de-base-pour-le-management","status":"publish","type":"post","link":"https:\/\/hr4free.com\/fr\/Gestion-sant%C3%A9-entreprise\/Outils-et-concepts-de-base-pour-le-management","title":{"rendered":"Management et sant\u00e9: introduction \u00e0 la gestion de la sant\u00e9 en entreprise"},"content":{"rendered":"<p><strong>La sant\u00e9 du management est un pilier central de la gestion d\u2019entreprise<\/strong>\u00a0car elle d\u00e9termine la<em>\u00a0sant\u00e9 de l\u2019entreprise<\/em>\u00a0elle-m\u00eame. En effet, la\u00a0<em>qualit\u00e9 des d\u00e9cisions<\/em>\u00a0est fortement li\u00e9e \u00e0 la sant\u00e9 des d\u00e9cideurs et va influencer l\u2019orientation et la qualit\u00e9 du\u00a0<em>climat de travail<\/em>\u00a0de l\u2019ensemble du groupe. Management et sant\u00e9 sont donc deux concepts potentiellement compatibles.<\/p>\n<p><strong>Le d\u00e9veloppement de la sant\u00e9 du management ne peut ainsi \u00eatre l\u2019affaire exclusive des individus ou de l\u2019entreprise.<\/strong>\u00a0C\u2019est une question qui doit \u00eatre trait\u00e9e aussi bien au niveau organisationnel qu\u2019individuel. Le but final de la d\u00e9marche est d\u2019aboutir \u00e0 un positionnement le plus clair et le plus coh\u00e9rent possible du cadre, tant dans sa vie professionnelle que dans sa vie en g\u00e9n\u00e9ral. La vie professionnelle du collaborateur doit, de plus, s\u2019int\u00e9grer harmonieusement dans une approche visant l\u2019\u00e9quilibre de vie.<\/p>\n<p>Quant \u00e0 l\u2019entreprise, son r\u00f4le est double dans l&rsquo;\u00e9tablissement d&rsquo;un concept de sant\u00e9. Elle est invit\u00e9e \u00e0:<\/p>\n<ol>\n<li>donner aux cadres les\u00a0<u>moyens<\/u>\u00a0n\u00e9cessaires pour mieux d\u00e9finir leur r\u00f4le dans l\u2019entreprise<\/li>\n<li>prendre conscience que la\u00a0<u>tentation de maximiser les efforts<\/u>\u00a0demand\u00e9s aux collaborateurs est g\u00e9n\u00e9ralement une\u00a0<em>politique \u00e0 court terme\u00a0<\/em>qui met en danger la sant\u00e9 des managers et donc la performance de l\u2019entreprise elle-m\u00eame. Il s\u2019agit donc, pour l\u2019entreprise, de rechercher l\u2019optimisation plut\u00f4t que la maximisation de ses ressources et des efforts fournis.<\/li>\n<\/ol>\n<p><strong>Ce faisant, la r\u00e9flexion se fera \u00e0 tous les niveaux de dysfonctionnements possibles<\/strong>: organisation, poste de travail, gestion personnelle. C&rsquo;est seulement en int\u00e9grant ces diff\u00e9rents niveaux dans la r\u00e9flexion et en favorisant le concept d&rsquo;\u00e9quilibre de vie personnalis\u00e9 que la sant\u00e9 du management sera assur\u00e9e et, avec elle, la p\u00e9rennit\u00e9 de l\u2019entreprise. Pour nous en convaincre, commen\u00e7ons par \u00e9tudier\u00a0<a href=\"http:\/\/www.hr4free.com\/fr\/Gestion-sant%C3%A9-entreprise\/Cons%C3%A9quences-du-stress-sur-la-vie-professionnelle\" target=\"_blank\" rel=\"noopener\" data-cke-saved-href=\"http:\/\/www.hr4free.com\/fr\/Gestion-sant%C3%A9-entreprise\/Cons%C3%A9quences-du-stress-sur-la-vie-professionnelle\"><strong>\u00ab\u00a0Les cons\u00e9quences d&rsquo;un stress excessif sur la vie professionnelle\u00a0\u00bb<\/strong><\/a>.<\/p>\n<p><em>A lire \u00e9galement:<\/em><\/p>\n<ul>\n<li><a href=\"http:\/\/www.hr4free.com\/fr\/Gestion-sant%C3%A9-entreprise\/D%C3%A9velopper-un-%C3%A9quilibre-de-vie-en-entreprise-m%C3%A9thodes-non-th%C3%A9rapeutiques\" target=\"_blank\" rel=\"noopener\" data-cke-saved-href=\"http:\/\/www.hr4free.com\/fr\/Gestion-sant%C3%A9-entreprise\/D%C3%A9velopper-un-%C3%A9quilibre-de-vie-en-entreprise-m%C3%A9thodes-non-th%C3%A9rapeutiques\"><strong>D\u00e9velopper un \u00e9quilibre de vie en entreprise<\/strong><\/a><\/li>\n<li><a href=\"https:\/\/hr4free.com\/fr\/Restructurations-et-r%C3%A9organisations\/Management-et-sant%C3%A9-%C3%A9quilibre-du-cadre-dans-un-contexte-de-mondialisation\" target=\"_blank\" rel=\"noopener\" data-cke-saved-href=\"https:\/\/hr4free.com\/fr\/Restructurations-et-r\u00e9organisations\/Management-et-sant\u00e9-\u00e9quilibre-du-cadre-dans-un-contexte-de-mondialisation\"><strong>Favoriser l&rsquo;\u00e9quilibre du cadre apr\u00e8s les restructurations<\/strong><\/a><\/li>\n<\/ul>\n","protected":false},"excerpt":{"rendered":"<p>La sant\u00e9 du management est un pilier central de la gestion d\u2019entreprise\u00a0car elle d\u00e9termine la\u00a0sant\u00e9 de l\u2019entreprise\u00a0elle-m\u00eame. En effet, la\u00a0qualit\u00e9 des d\u00e9cisions\u00a0est fortement li\u00e9e \u00e0 la sant\u00e9 des d\u00e9cideurs et va influencer l\u2019orientation et la qualit\u00e9 du\u00a0climat de travail\u00a0de l\u2019ensemble du groupe. Management et sant\u00e9 sont donc deux concepts potentiellement compatibles. Le d\u00e9veloppement de la [&hellip;]<\/p>\n","protected":false},"author":2,"featured_media":1133,"comment_status":"open","ping_status":"closed","sticky":false,"template":"","format":"standard","meta":{"footnotes":""},"categories":[45],"tags":[90,89,88,91],"class_list":["post-688","post","type-post","status-publish","format-standard","has-post-thumbnail","hentry","category-gestion-sante-entreprise","tag-coaching","tag-equilibre-de-vie","tag-gestion-du-stress","tag-sante-au-travail"],"yoast_head":"<!-- This site is optimized with the Yoast SEO plugin v28.3 - https:\/\/yoast.com\/product\/yoast-seo-wordpress\/ -->\n<title>Management et sant\u00e9: introduction \u00e0 la gestion de la sant\u00e9 en entreprise - HR4Free<\/title>\n<meta name=\"robots\" content=\"noindex, follow, max-snippet:-1, max-image-preview:large, max-video-preview:-1\" \/>\n<meta property=\"og:locale\" content=\"fr_FR\" \/>\n<meta property=\"og:type\" content=\"article\" \/>\n<meta property=\"og:title\" content=\"Management et sant\u00e9: introduction \u00e0 la gestion de la sant\u00e9 en entreprise - HR4Free\" \/>\n<meta property=\"og:description\" content=\"La sant\u00e9 du management est un pilier central de la gestion d\u2019entreprise\u00a0car elle d\u00e9termine la\u00a0sant\u00e9 de l\u2019entreprise\u00a0elle-m\u00eame. En effet, la\u00a0qualit\u00e9 des d\u00e9cisions\u00a0est fortement li\u00e9e \u00e0 la sant\u00e9 des d\u00e9cideurs et va influencer l\u2019orientation et la qualit\u00e9 du\u00a0climat de travail\u00a0de l\u2019ensemble du groupe. Management et sant\u00e9 sont donc deux concepts potentiellement compatibles. Le d\u00e9veloppement de la [&hellip;]\" \/>\n<meta property=\"og:url\" content=\"https:\/\/hr4free.com\/fr\/Gestion-sant\u00e9-entreprise\/Outils-et-concepts-de-base-pour-le-management\/\" \/>\n<meta property=\"og:site_name\" content=\"HR4Free\" \/>\n<meta property=\"article:published_time\" content=\"2019-04-10T13:16:11+00:00\" \/>\n<meta property=\"article:modified_time\" content=\"2019-06-28T16:04:00+00:00\" \/>\n<meta property=\"og:image\" content=\"https:\/\/hr4free.com\/wp-content\/uploads\/2019\/05\/c25bb1bb3b.jpg\" \/>\n\t<meta property=\"og:image:width\" content=\"300\" \/>\n\t<meta property=\"og:image:height\" content=\"200\" \/>\n\t<meta property=\"og:image:type\" content=\"image\/jpeg\" \/>\n<meta name=\"author\" content=\"Vincent Held\" \/>\n<meta name=\"twitter:card\" content=\"summary_large_image\" \/>\n<meta name=\"twitter:label1\" content=\"\u00c9crit par\" \/>\n\t<meta name=\"twitter:data1\" content=\"Vincent Held\" \/>\n\t<meta name=\"twitter:label2\" content=\"Dur\u00e9e de lecture estim\u00e9e\" \/>\n\t<meta name=\"twitter:data2\" content=\"2 minutes\" \/>\n<script type=\"application\/ld+json\" class=\"yoast-schema-graph\">{\"@context\":\"https:\\\/\\\/schema.org\",\"@graph\":[{\"@type\":\"Article\",\"@id\":\"https:\\\/\\\/hr4free.com\\\/fr\\\/Gestion-sant%C3%A9-entreprise\\\/Outils-et-concepts-de-base-pour-le-management\\\/#article\",\"isPartOf\":{\"@id\":\"https:\\\/\\\/hr4free.com\\\/fr\\\/Gestion-sant%C3%A9-entreprise\\\/Outils-et-concepts-de-base-pour-le-management\\\/\"},\"author\":{\"name\":\"Vincent Held\",\"@id\":\"https:\\\/\\\/hr4free.com\\\/fr\\\/#\\\/schema\\\/person\\\/84d24e645aa7c9881a9be32447ad1f0e\"},\"headline\":\"Management et sant\u00e9: introduction \u00e0 la gestion de la sant\u00e9 en entreprise\",\"datePublished\":\"2019-04-10T13:16:11+00:00\",\"dateModified\":\"2019-06-28T16:04:00+00:00\",\"mainEntityOfPage\":{\"@id\":\"https:\\\/\\\/hr4free.com\\\/fr\\\/Gestion-sant%C3%A9-entreprise\\\/Outils-et-concepts-de-base-pour-le-management\\\/\"},\"wordCount\":367,\"commentCount\":0,\"image\":{\"@id\":\"https:\\\/\\\/hr4free.com\\\/fr\\\/Gestion-sant%C3%A9-entreprise\\\/Outils-et-concepts-de-base-pour-le-management\\\/#primaryimage\"},\"thumbnailUrl\":\"https:\\\/\\\/hr4free.com\\\/wp-content\\\/uploads\\\/2019\\\/05\\\/c25bb1bb3b.jpg\",\"keywords\":[\"coaching\",\"\u00e9quilibre de vie\",\"gestion du stress\",\"sant\u00e9 au travail\"],\"articleSection\":[\"Gestion de la sant\u00e9\"],\"inLanguage\":\"fr-FR\",\"potentialAction\":[{\"@type\":\"CommentAction\",\"name\":\"Comment\",\"target\":[\"https:\\\/\\\/hr4free.com\\\/fr\\\/Gestion-sant%C3%A9-entreprise\\\/Outils-et-concepts-de-base-pour-le-management\\\/#respond\"]}]},{\"@type\":\"WebPage\",\"@id\":\"https:\\\/\\\/hr4free.com\\\/fr\\\/Gestion-sant%C3%A9-entreprise\\\/Outils-et-concepts-de-base-pour-le-management\\\/\",\"url\":\"https:\\\/\\\/hr4free.com\\\/fr\\\/Gestion-sant%C3%A9-entreprise\\\/Outils-et-concepts-de-base-pour-le-management\\\/\",\"name\":\"Management et sant\u00e9: introduction \u00e0 la gestion de la sant\u00e9 en entreprise - HR4Free\",\"isPartOf\":{\"@id\":\"https:\\\/\\\/hr4free.com\\\/fr\\\/#website\"},\"primaryImageOfPage\":{\"@id\":\"https:\\\/\\\/hr4free.com\\\/fr\\\/Gestion-sant%C3%A9-entreprise\\\/Outils-et-concepts-de-base-pour-le-management\\\/#primaryimage\"},\"image\":{\"@id\":\"https:\\\/\\\/hr4free.com\\\/fr\\\/Gestion-sant%C3%A9-entreprise\\\/Outils-et-concepts-de-base-pour-le-management\\\/#primaryimage\"},\"thumbnailUrl\":\"https:\\\/\\\/hr4free.com\\\/wp-content\\\/uploads\\\/2019\\\/05\\\/c25bb1bb3b.jpg\",\"datePublished\":\"2019-04-10T13:16:11+00:00\",\"dateModified\":\"2019-06-28T16:04:00+00:00\",\"author\":{\"@id\":\"https:\\\/\\\/hr4free.com\\\/fr\\\/#\\\/schema\\\/person\\\/84d24e645aa7c9881a9be32447ad1f0e\"},\"breadcrumb\":{\"@id\":\"https:\\\/\\\/hr4free.com\\\/fr\\\/Gestion-sant%C3%A9-entreprise\\\/Outils-et-concepts-de-base-pour-le-management\\\/#breadcrumb\"},\"inLanguage\":\"fr-FR\",\"potentialAction\":[{\"@type\":\"ReadAction\",\"target\":[\"https:\\\/\\\/hr4free.com\\\/fr\\\/Gestion-sant%C3%A9-entreprise\\\/Outils-et-concepts-de-base-pour-le-management\\\/\"]}]},{\"@type\":\"ImageObject\",\"inLanguage\":\"fr-FR\",\"@id\":\"https:\\\/\\\/hr4free.com\\\/fr\\\/Gestion-sant%C3%A9-entreprise\\\/Outils-et-concepts-de-base-pour-le-management\\\/#primaryimage\",\"url\":\"https:\\\/\\\/hr4free.com\\\/wp-content\\\/uploads\\\/2019\\\/05\\\/c25bb1bb3b.jpg\",\"contentUrl\":\"https:\\\/\\\/hr4free.com\\\/wp-content\\\/uploads\\\/2019\\\/05\\\/c25bb1bb3b.jpg\",\"width\":300,\"height\":200},{\"@type\":\"BreadcrumbList\",\"@id\":\"https:\\\/\\\/hr4free.com\\\/fr\\\/Gestion-sant%C3%A9-entreprise\\\/Outils-et-concepts-de-base-pour-le-management\\\/#breadcrumb\",\"itemListElement\":[{\"@type\":\"ListItem\",\"position\":1,\"name\":\"Accueil\",\"item\":\"https:\\\/\\\/hr4free.com\\\/fr\\\/\"},{\"@type\":\"ListItem\",\"position\":2,\"name\":\"Management et sant\u00e9: introduction \u00e0 la gestion de la sant\u00e9 en entreprise\"}]},{\"@type\":\"WebSite\",\"@id\":\"https:\\\/\\\/hr4free.com\\\/fr\\\/#website\",\"url\":\"https:\\\/\\\/hr4free.com\\\/fr\\\/\",\"name\":\"HR4Free\",\"description\":\"\",\"potentialAction\":[{\"@type\":\"SearchAction\",\"target\":{\"@type\":\"EntryPoint\",\"urlTemplate\":\"https:\\\/\\\/hr4free.com\\\/fr\\\/?s={search_term_string}\"},\"query-input\":{\"@type\":\"PropertyValueSpecification\",\"valueRequired\":true,\"valueName\":\"search_term_string\"}}],\"inLanguage\":\"fr-FR\"},{\"@type\":\"Person\",\"@id\":\"https:\\\/\\\/hr4free.com\\\/fr\\\/#\\\/schema\\\/person\\\/84d24e645aa7c9881a9be32447ad1f0e\",\"name\":\"Vincent Held\",\"image\":{\"@type\":\"ImageObject\",\"inLanguage\":\"fr-FR\",\"@id\":\"https:\\\/\\\/secure.gravatar.com\\\/avatar\\\/be36bf09642c9a45643e0c1448d76514bccae85470051c70db9496b705696675?s=96&d=mm&r=g\",\"url\":\"https:\\\/\\\/secure.gravatar.com\\\/avatar\\\/be36bf09642c9a45643e0c1448d76514bccae85470051c70db9496b705696675?s=96&d=mm&r=g\",\"contentUrl\":\"https:\\\/\\\/secure.gravatar.com\\\/avatar\\\/be36bf09642c9a45643e0c1448d76514bccae85470051c70db9496b705696675?s=96&d=mm&r=g\",\"caption\":\"Vincent Held\"},\"url\":\"https:\\\/\\\/hr4free.com\\\/fr\\\/author\\\/vincent\\\/\"}]}<\/script>\n<!-- \/ Yoast SEO plugin. -->","yoast_head_json":{"title":"Management et sant\u00e9: introduction \u00e0 la gestion de la sant\u00e9 en entreprise - HR4Free","robots":{"index":"noindex","follow":"follow","max-snippet":"max-snippet:-1","max-image-preview":"max-image-preview:large","max-video-preview":"max-video-preview:-1"},"og_locale":"fr_FR","og_type":"article","og_title":"Management et sant\u00e9: introduction \u00e0 la gestion de la sant\u00e9 en entreprise - HR4Free","og_description":"La sant\u00e9 du management est un pilier central de la gestion d\u2019entreprise\u00a0car elle d\u00e9termine la\u00a0sant\u00e9 de l\u2019entreprise\u00a0elle-m\u00eame. En effet, la\u00a0qualit\u00e9 des d\u00e9cisions\u00a0est fortement li\u00e9e \u00e0 la sant\u00e9 des d\u00e9cideurs et va influencer l\u2019orientation et la qualit\u00e9 du\u00a0climat de travail\u00a0de l\u2019ensemble du groupe. Management et sant\u00e9 sont donc deux concepts potentiellement compatibles. Le d\u00e9veloppement de la [&hellip;]","og_url":"https:\/\/hr4free.com\/fr\/Gestion-sant\u00e9-entreprise\/Outils-et-concepts-de-base-pour-le-management\/","og_site_name":"HR4Free","article_published_time":"2019-04-10T13:16:11+00:00","article_modified_time":"2019-06-28T16:04:00+00:00","og_image":[{"width":300,"height":200,"url":"https:\/\/hr4free.com\/wp-content\/uploads\/2019\/05\/c25bb1bb3b.jpg","type":"image\/jpeg"}],"author":"Vincent Held","twitter_card":"summary_large_image","twitter_misc":{"\u00c9crit par":"Vincent Held","Dur\u00e9e de lecture estim\u00e9e":"2 minutes"},"schema":{"@context":"https:\/\/schema.org","@graph":[{"@type":"Article","@id":"https:\/\/hr4free.com\/fr\/Gestion-sant%C3%A9-entreprise\/Outils-et-concepts-de-base-pour-le-management\/#article","isPartOf":{"@id":"https:\/\/hr4free.com\/fr\/Gestion-sant%C3%A9-entreprise\/Outils-et-concepts-de-base-pour-le-management\/"},"author":{"name":"Vincent Held","@id":"https:\/\/hr4free.com\/fr\/#\/schema\/person\/84d24e645aa7c9881a9be32447ad1f0e"},"headline":"Management et sant\u00e9: introduction \u00e0 la gestion de la sant\u00e9 en entreprise","datePublished":"2019-04-10T13:16:11+00:00","dateModified":"2019-06-28T16:04:00+00:00","mainEntityOfPage":{"@id":"https:\/\/hr4free.com\/fr\/Gestion-sant%C3%A9-entreprise\/Outils-et-concepts-de-base-pour-le-management\/"},"wordCount":367,"commentCount":0,"image":{"@id":"https:\/\/hr4free.com\/fr\/Gestion-sant%C3%A9-entreprise\/Outils-et-concepts-de-base-pour-le-management\/#primaryimage"},"thumbnailUrl":"https:\/\/hr4free.com\/wp-content\/uploads\/2019\/05\/c25bb1bb3b.jpg","keywords":["coaching","\u00e9quilibre de vie","gestion du stress","sant\u00e9 au travail"],"articleSection":["Gestion de la sant\u00e9"],"inLanguage":"fr-FR","potentialAction":[{"@type":"CommentAction","name":"Comment","target":["https:\/\/hr4free.com\/fr\/Gestion-sant%C3%A9-entreprise\/Outils-et-concepts-de-base-pour-le-management\/#respond"]}]},{"@type":"WebPage","@id":"https:\/\/hr4free.com\/fr\/Gestion-sant%C3%A9-entreprise\/Outils-et-concepts-de-base-pour-le-management\/","url":"https:\/\/hr4free.com\/fr\/Gestion-sant%C3%A9-entreprise\/Outils-et-concepts-de-base-pour-le-management\/","name":"Management et sant\u00e9: introduction \u00e0 la gestion de la sant\u00e9 en entreprise - HR4Free","isPartOf":{"@id":"https:\/\/hr4free.com\/fr\/#website"},"primaryImageOfPage":{"@id":"https:\/\/hr4free.com\/fr\/Gestion-sant%C3%A9-entreprise\/Outils-et-concepts-de-base-pour-le-management\/#primaryimage"},"image":{"@id":"https:\/\/hr4free.com\/fr\/Gestion-sant%C3%A9-entreprise\/Outils-et-concepts-de-base-pour-le-management\/#primaryimage"},"thumbnailUrl":"https:\/\/hr4free.com\/wp-content\/uploads\/2019\/05\/c25bb1bb3b.jpg","datePublished":"2019-04-10T13:16:11+00:00","dateModified":"2019-06-28T16:04:00+00:00","author":{"@id":"https:\/\/hr4free.com\/fr\/#\/schema\/person\/84d24e645aa7c9881a9be32447ad1f0e"},"breadcrumb":{"@id":"https:\/\/hr4free.com\/fr\/Gestion-sant%C3%A9-entreprise\/Outils-et-concepts-de-base-pour-le-management\/#breadcrumb"},"inLanguage":"fr-FR","potentialAction":[{"@type":"ReadAction","target":["https:\/\/hr4free.com\/fr\/Gestion-sant%C3%A9-entreprise\/Outils-et-concepts-de-base-pour-le-management\/"]}]},{"@type":"ImageObject","inLanguage":"fr-FR","@id":"https:\/\/hr4free.com\/fr\/Gestion-sant%C3%A9-entreprise\/Outils-et-concepts-de-base-pour-le-management\/#primaryimage","url":"https:\/\/hr4free.com\/wp-content\/uploads\/2019\/05\/c25bb1bb3b.jpg","contentUrl":"https:\/\/hr4free.com\/wp-content\/uploads\/2019\/05\/c25bb1bb3b.jpg","width":300,"height":200},{"@type":"BreadcrumbList","@id":"https:\/\/hr4free.com\/fr\/Gestion-sant%C3%A9-entreprise\/Outils-et-concepts-de-base-pour-le-management\/#breadcrumb","itemListElement":[{"@type":"ListItem","position":1,"name":"Accueil","item":"https:\/\/hr4free.com\/fr\/"},{"@type":"ListItem","position":2,"name":"Management et sant\u00e9: introduction \u00e0 la gestion de la sant\u00e9 en entreprise"}]},{"@type":"WebSite","@id":"https:\/\/hr4free.com\/fr\/#website","url":"https:\/\/hr4free.com\/fr\/","name":"HR4Free","description":"","potentialAction":[{"@type":"SearchAction","target":{"@type":"EntryPoint","urlTemplate":"https:\/\/hr4free.com\/fr\/?s={search_term_string}"},"query-input":{"@type":"PropertyValueSpecification","valueRequired":true,"valueName":"search_term_string"}}],"inLanguage":"fr-FR"},{"@type":"Person","@id":"https:\/\/hr4free.com\/fr\/#\/schema\/person\/84d24e645aa7c9881a9be32447ad1f0e","name":"Vincent Held","image":{"@type":"ImageObject","inLanguage":"fr-FR","@id":"https:\/\/secure.gravatar.com\/avatar\/be36bf09642c9a45643e0c1448d76514bccae85470051c70db9496b705696675?s=96&d=mm&r=g","url":"https:\/\/secure.gravatar.com\/avatar\/be36bf09642c9a45643e0c1448d76514bccae85470051c70db9496b705696675?s=96&d=mm&r=g","contentUrl":"https:\/\/secure.gravatar.com\/avatar\/be36bf09642c9a45643e0c1448d76514bccae85470051c70db9496b705696675?s=96&d=mm&r=g","caption":"Vincent Held"},"url":"https:\/\/hr4free.com\/fr\/author\/vincent\/"}]}},"_links":{"self":[{"href":"https:\/\/hr4free.com\/fr\/wp-json\/wp\/v2\/posts\/688","targetHints":{"allow":["GET"]}}],"collection":[{"href":"https:\/\/hr4free.com\/fr\/wp-json\/wp\/v2\/posts"}],"about":[{"href":"https:\/\/hr4free.com\/fr\/wp-json\/wp\/v2\/types\/post"}],"author":[{"embeddable":true,"href":"https:\/\/hr4free.com\/fr\/wp-json\/wp\/v2\/users\/2"}],"replies":[{"embeddable":true,"href":"https:\/\/hr4free.com\/fr\/wp-json\/wp\/v2\/comments?post=688"}],"version-history":[{"count":1,"href":"https:\/\/hr4free.com\/fr\/wp-json\/wp\/v2\/posts\/688\/revisions"}],"predecessor-version":[{"id":689,"href":"https:\/\/hr4free.com\/fr\/wp-json\/wp\/v2\/posts\/688\/revisions\/689"}],"wp:featuredmedia":[{"embeddable":true,"href":"https:\/\/hr4free.com\/fr\/wp-json\/wp\/v2\/media\/1133"}],"wp:attachment":[{"href":"https:\/\/hr4free.com\/fr\/wp-json\/wp\/v2\/media?parent=688"}],"wp:term":[{"taxonomy":"category","embeddable":true,"href":"https:\/\/hr4free.com\/fr\/wp-json\/wp\/v2\/categories?post=688"},{"taxonomy":"post_tag","embeddable":true,"href":"https:\/\/hr4free.com\/fr\/wp-json\/wp\/v2\/tags?post=688"}],"curies":[{"name":"wp","href":"https:\/\/api.w.org\/{rel}","templated":true}]}}