{"id":678,"date":"2019-02-10T13:07:30","date_gmt":"2019-02-10T13:07:30","guid":{"rendered":"http:\/\/hr4free.web-romandie.ch\/?p=678"},"modified":"2019-05-20T09:09:58","modified_gmt":"2019-05-20T09:09:58","slug":"gestion-sante-entreprise-consequences-du-stress-sur-la-vie-professionnelle","status":"publish","type":"post","link":"https:\/\/hr4free.com\/fr\/Gestion-sant%C3%A9-entreprise\/Cons%C3%A9quences-du-stress-sur-la-vie-professionnelle","title":{"rendered":"Management et sant\u00e9: les cons\u00e9quences d\u2019un stress excessif sur la vie professionnelle"},"content":{"rendered":"<p>Comme nous l&rsquo;avons vu en introduction, les cadres d\u00e9stabilis\u00e9s par les changements dus \u00e0 la\u00a0<em>mondialisation<\/em>\u00a0et la\u00a0<em>rapidit\u00e9 de l\u2019innovation\u00a0<\/em>technologique\u00a0<strong><a href=\"http:\/\/www.hr4free.com\/fr\/Gestion-sant%C3%A9-entreprise\/Outils-et-concepts-de-base-pour-le-management\" target=\"_blank\" rel=\"noopener\" data-cke-saved-href=\"http:\/\/www.hr4free.com\/fr\/Gestion-sant%C3%A9-entreprise\/Outils-et-concepts-de-base-pour-le-management\">(introduction \u00e0 la gestion de la sant\u00e9 en entreprise)<\/a>\u00a0<\/strong>r\u00e9agissent de diff\u00e9rentes mani\u00e8res, tant sur le plan professionnel que personnel.<\/p>\n<p>Bien que ces r\u00e9actions soient tr\u00e8s personnelles, elles sont toutes des cons\u00e9quences d\u2019un\u00a0<em>stress excessif<\/em>\u00a0et d\u2019une difficult\u00e9 \u00e0 \u00e9voluer et agir dans un contexte de pressions accrues.<\/p>\n<p><strong>On voit ainsi se d\u00e9velopper des d\u00e9pendances de toutes sortes<\/strong>\u00a0(travail, alcool, tabac, drogues, m\u00e9dicaments&#8230;), une\u00a0<em>perte de concentration<\/em>, des\u00a0<em>d\u00e9pressions nerveuses<\/em>\u00a0(allant jusqu\u2019au burn-out), des difficult\u00e9s dans la vie priv\u00e9e&#8230;<\/p>\n<p>L\u2019impact sur la vie professionnelle peut ainsi \u00eatre tr\u00e8s vari\u00e9. D&rsquo;une part, certains cadres peuvent devenir \u00ab\u00a0accros\u00a0\u00bb au travail &#8211; ce qui va augmenter leur niveau de fatigue et le risque d\u2019erreurs.\u00a0<strong>On peut assister \u00e0 l&rsquo;\u00e9mergence d&rsquo;un cercle vicieux<\/strong>: plus de travail, donc plus de fatigue, donc plus d&rsquo;erreurs \u2013 et pour compenser, plus de travail!<\/p>\n<p><strong>D\u2019autres vont, au contraire, r\u00e9duire leurs efforts au maximum pour tenter d&rsquo;\u00e9conomiser leurs forces.<\/strong>\u00a0Or cette inertie va\u00a0 n\u00e9cessairement se r\u00e9percuter sur la motivation de leur(s) \u00e9quipe(s). Certaines personnes vont, par exemple,\u00a0<em>bloquer l\u2019information<\/em>, g\u00e9n\u00e9rant ainsi des conflits interpersonnels &#8211; voire un accroissement du\u00a0<em>turnover<\/em>\u00a0de leurs collaborateurs. On peut aussi citer le cas de ce Directeur, qui de peur que son ignorance des nouvelles technologies ne soit r\u00e9v\u00e9l\u00e9e, faisait pression sur une partie du Conseil de Direction pour l\u2019inciter \u00e0 r\u00e9sister \u00e0 l\u2019introduction d\u2019une certaine technique de production!<\/p>\n<p><strong>Dans les cas extr\u00eames, certaines personnes tendent \u00e0 reporter leurs lacunes ou leur responsabilit\u00e9 sur les \u00e9paules de leurs collaborateurs<\/strong>, ce qui peut conduire \u00e0 une situation de\u00a0<em>harc\u00e8lement moral<\/em>\u00a0ou psychologique. Concr\u00e8tement, on peut imaginer le cas d&rsquo;un responsable commercial qui bl\u00e2me ses collaborateurs chaque fois que le chiffre des ventes n&rsquo;atteint pas le niveau escompt\u00e9 et qui s\u2019attribue le m\u00e9rite lorsque les r\u00e9sultats sont positifs.\u00a0<u>Le malaise du cadre se retrouve alors rapidement transf\u00e9r\u00e9 chez ses collaborateurs<\/u>, peut-\u00eatre m\u00eame sous une forme amplifi\u00e9e. En plus, toute l&rsquo;analyse de l&rsquo;environnement et des causes de la baisse des ventes sera omise!<\/p>\n<p><strong>Dans tous les cas, ces malaises li\u00e9s au stress r\u00e9duisent la capacit\u00e9 d\u2019adaptation du collaborateur<\/strong>, que ce soit vis-\u00e0-vis du changement du march\u00e9 ou des nouvelles technologies. Les cons\u00e9quences de cette attitude de crispation se feront sentir aussi bien sur le plan personnel que professionnel et, \u00e0 la longue, ceci aura un impact sur la\u00a0<em>vie priv\u00e9e<\/em>\u00a0de la personne.<\/p>\n<p>Aucune solution simple ne peut \u00eatre donn\u00e9e \u00e0 ces questions. Il convient en effet de travailler simultan\u00e9ment sur diff\u00e9rents axes de d\u00e9veloppement, comme nous le verrons dans l&rsquo;article\u00a0<a href=\"http:\/\/www.hr4free.com\/fr\/Gestion-sant%C3%A9-entreprise\/Axes-de-d%C3%A9veloppement-pour-cadres-et-collaborateurs\" target=\"_blank\" rel=\"noopener\" data-cke-saved-href=\"http:\/\/www.hr4free.com\/fr\/Gestion-sant%C3%A9-entreprise\/Axes-de-d%C3%A9veloppement-pour-cadres-et-collaborateurs\"><strong>\u00ab\u00a0Les principaux axes de d\u00e9veloppement de la sant\u00e9 en entreprise\u00a0\u00bb<\/strong><\/a>.<\/p>\n<p><em>Autres articles:<\/em><\/p>\n<ul>\n<li><a href=\"http:\/\/www.hr4free.com\/fr\/Gestion-sant%C3%A9-entreprise\/D%C3%A9velopper-un-%C3%A9quilibre-de-vie-en-entreprise-m%C3%A9thodes-non-th%C3%A9rapeutiques\" target=\"_blank\" rel=\"noopener\" data-cke-saved-href=\"http:\/\/www.hr4free.com\/fr\/Gestion-sant%C3%A9-entreprise\/D%C3%A9velopper-un-%C3%A9quilibre-de-vie-en-entreprise-m%C3%A9thodes-non-th%C3%A9rapeutiques\"><strong>D\u00e9velopper un \u00e9quilibre de vie en entreprise<\/strong><\/a><\/li>\n<li><a href=\"https:\/\/hr4free.com\/fr\/Restructurations-et-r%C3%A9organisations\/Management-et-sant%C3%A9-%C3%A9quilibre-du-cadre-dans-un-contexte-de-mondialisation\" target=\"_blank\" rel=\"noopener\" data-cke-saved-href=\"https:\/\/hr4free.com\/fr\/Restructurations-et-r\u00e9organisations\/Management-et-sant\u00e9-\u00e9quilibre-du-cadre-dans-un-contexte-de-mondialisation\"><strong>Favoriser l&rsquo;\u00e9quilibre du cadre apr\u00e8s les restructurations<\/strong><\/a><\/li>\n<\/ul>\n","protected":false},"excerpt":{"rendered":"<p>Comme nous l&rsquo;avons vu en introduction, les cadres d\u00e9stabilis\u00e9s par les changements dus \u00e0 la\u00a0mondialisation\u00a0et la\u00a0rapidit\u00e9 de l\u2019innovation\u00a0technologique\u00a0(introduction \u00e0 la gestion de la sant\u00e9 en entreprise)\u00a0r\u00e9agissent de diff\u00e9rentes mani\u00e8res, tant sur le plan professionnel que personnel. Bien que ces r\u00e9actions soient tr\u00e8s personnelles, elles sont toutes des cons\u00e9quences d\u2019un\u00a0stress excessif\u00a0et d\u2019une difficult\u00e9 \u00e0 \u00e9voluer et [&hellip;]<\/p>\n","protected":false},"author":2,"featured_media":664,"comment_status":"open","ping_status":"closed","sticky":false,"template":"","format":"standard","meta":{"footnotes":""},"categories":[45],"tags":[90,88,91],"class_list":["post-678","post","type-post","status-publish","format-standard","has-post-thumbnail","hentry","category-gestion-sante-entreprise","tag-coaching","tag-gestion-du-stress","tag-sante-au-travail"],"yoast_head":"<!-- This site is optimized with the Yoast SEO plugin v28.3 - https:\/\/yoast.com\/product\/yoast-seo-wordpress\/ -->\n<title>Management et sant\u00e9: les cons\u00e9quences d\u2019un stress excessif sur la vie professionnelle - HR4Free<\/title>\n<meta name=\"robots\" content=\"noindex, follow, max-snippet:-1, max-image-preview:large, max-video-preview:-1\" \/>\n<meta property=\"og:locale\" content=\"fr_FR\" \/>\n<meta property=\"og:type\" content=\"article\" \/>\n<meta property=\"og:title\" content=\"Management et sant\u00e9: les cons\u00e9quences d\u2019un stress excessif sur la vie professionnelle - HR4Free\" \/>\n<meta property=\"og:description\" content=\"Comme nous l&rsquo;avons vu en introduction, les cadres d\u00e9stabilis\u00e9s par les changements dus \u00e0 la\u00a0mondialisation\u00a0et la\u00a0rapidit\u00e9 de l\u2019innovation\u00a0technologique\u00a0(introduction \u00e0 la gestion de la sant\u00e9 en entreprise)\u00a0r\u00e9agissent de diff\u00e9rentes mani\u00e8res, tant sur le plan professionnel que personnel. Bien que ces r\u00e9actions soient tr\u00e8s personnelles, elles sont toutes des cons\u00e9quences d\u2019un\u00a0stress excessif\u00a0et d\u2019une difficult\u00e9 \u00e0 \u00e9voluer et [&hellip;]\" \/>\n<meta property=\"og:url\" content=\"https:\/\/hr4free.com\/fr\/Gestion-sant\u00e9-entreprise\/Cons\u00e9quences-du-stress-sur-la-vie-professionnelle\/\" \/>\n<meta property=\"og:site_name\" content=\"HR4Free\" \/>\n<meta property=\"article:published_time\" content=\"2019-02-10T13:07:30+00:00\" \/>\n<meta property=\"article:modified_time\" content=\"2019-05-20T09:09:58+00:00\" \/>\n<meta property=\"og:image\" content=\"https:\/\/hr4free.com\/wp-content\/uploads\/2019\/02\/MP900401567.jpg\" \/>\n\t<meta property=\"og:image:width\" content=\"664\" \/>\n\t<meta property=\"og:image:height\" content=\"335\" \/>\n\t<meta property=\"og:image:type\" content=\"image\/jpeg\" \/>\n<meta name=\"author\" content=\"Vincent Held\" \/>\n<meta name=\"twitter:card\" content=\"summary_large_image\" \/>\n<meta name=\"twitter:label1\" content=\"\u00c9crit par\" \/>\n\t<meta name=\"twitter:data1\" content=\"Vincent Held\" \/>\n\t<meta name=\"twitter:label2\" content=\"Dur\u00e9e de lecture estim\u00e9e\" \/>\n\t<meta name=\"twitter:data2\" content=\"3 minutes\" \/>\n<script type=\"application\/ld+json\" class=\"yoast-schema-graph\">{\"@context\":\"https:\\\/\\\/schema.org\",\"@graph\":[{\"@type\":\"Article\",\"@id\":\"https:\\\/\\\/hr4free.com\\\/fr\\\/Gestion-sant%C3%A9-entreprise\\\/Cons%C3%A9quences-du-stress-sur-la-vie-professionnelle\\\/#article\",\"isPartOf\":{\"@id\":\"https:\\\/\\\/hr4free.com\\\/fr\\\/Gestion-sant%C3%A9-entreprise\\\/Cons%C3%A9quences-du-stress-sur-la-vie-professionnelle\\\/\"},\"author\":{\"name\":\"Vincent Held\",\"@id\":\"https:\\\/\\\/hr4free.com\\\/fr\\\/#\\\/schema\\\/person\\\/84d24e645aa7c9881a9be32447ad1f0e\"},\"headline\":\"Management et sant\u00e9: les cons\u00e9quences d\u2019un stress excessif sur la vie professionnelle\",\"datePublished\":\"2019-02-10T13:07:30+00:00\",\"dateModified\":\"2019-05-20T09:09:58+00:00\",\"mainEntityOfPage\":{\"@id\":\"https:\\\/\\\/hr4free.com\\\/fr\\\/Gestion-sant%C3%A9-entreprise\\\/Cons%C3%A9quences-du-stress-sur-la-vie-professionnelle\\\/\"},\"wordCount\":538,\"commentCount\":0,\"image\":{\"@id\":\"https:\\\/\\\/hr4free.com\\\/fr\\\/Gestion-sant%C3%A9-entreprise\\\/Cons%C3%A9quences-du-stress-sur-la-vie-professionnelle\\\/#primaryimage\"},\"thumbnailUrl\":\"https:\\\/\\\/hr4free.com\\\/wp-content\\\/uploads\\\/2019\\\/02\\\/MP900401567.jpg\",\"keywords\":[\"coaching\",\"gestion du stress\",\"sant\u00e9 au travail\"],\"articleSection\":[\"Gestion de la sant\u00e9\"],\"inLanguage\":\"fr-FR\",\"potentialAction\":[{\"@type\":\"CommentAction\",\"name\":\"Comment\",\"target\":[\"https:\\\/\\\/hr4free.com\\\/fr\\\/Gestion-sant%C3%A9-entreprise\\\/Cons%C3%A9quences-du-stress-sur-la-vie-professionnelle\\\/#respond\"]}]},{\"@type\":\"WebPage\",\"@id\":\"https:\\\/\\\/hr4free.com\\\/fr\\\/Gestion-sant%C3%A9-entreprise\\\/Cons%C3%A9quences-du-stress-sur-la-vie-professionnelle\\\/\",\"url\":\"https:\\\/\\\/hr4free.com\\\/fr\\\/Gestion-sant%C3%A9-entreprise\\\/Cons%C3%A9quences-du-stress-sur-la-vie-professionnelle\\\/\",\"name\":\"Management et sant\u00e9: les cons\u00e9quences d\u2019un stress excessif sur la vie professionnelle - HR4Free\",\"isPartOf\":{\"@id\":\"https:\\\/\\\/hr4free.com\\\/fr\\\/#website\"},\"primaryImageOfPage\":{\"@id\":\"https:\\\/\\\/hr4free.com\\\/fr\\\/Gestion-sant%C3%A9-entreprise\\\/Cons%C3%A9quences-du-stress-sur-la-vie-professionnelle\\\/#primaryimage\"},\"image\":{\"@id\":\"https:\\\/\\\/hr4free.com\\\/fr\\\/Gestion-sant%C3%A9-entreprise\\\/Cons%C3%A9quences-du-stress-sur-la-vie-professionnelle\\\/#primaryimage\"},\"thumbnailUrl\":\"https:\\\/\\\/hr4free.com\\\/wp-content\\\/uploads\\\/2019\\\/02\\\/MP900401567.jpg\",\"datePublished\":\"2019-02-10T13:07:30+00:00\",\"dateModified\":\"2019-05-20T09:09:58+00:00\",\"author\":{\"@id\":\"https:\\\/\\\/hr4free.com\\\/fr\\\/#\\\/schema\\\/person\\\/84d24e645aa7c9881a9be32447ad1f0e\"},\"breadcrumb\":{\"@id\":\"https:\\\/\\\/hr4free.com\\\/fr\\\/Gestion-sant%C3%A9-entreprise\\\/Cons%C3%A9quences-du-stress-sur-la-vie-professionnelle\\\/#breadcrumb\"},\"inLanguage\":\"fr-FR\",\"potentialAction\":[{\"@type\":\"ReadAction\",\"target\":[\"https:\\\/\\\/hr4free.com\\\/fr\\\/Gestion-sant%C3%A9-entreprise\\\/Cons%C3%A9quences-du-stress-sur-la-vie-professionnelle\\\/\"]}]},{\"@type\":\"ImageObject\",\"inLanguage\":\"fr-FR\",\"@id\":\"https:\\\/\\\/hr4free.com\\\/fr\\\/Gestion-sant%C3%A9-entreprise\\\/Cons%C3%A9quences-du-stress-sur-la-vie-professionnelle\\\/#primaryimage\",\"url\":\"https:\\\/\\\/hr4free.com\\\/wp-content\\\/uploads\\\/2019\\\/02\\\/MP900401567.jpg\",\"contentUrl\":\"https:\\\/\\\/hr4free.com\\\/wp-content\\\/uploads\\\/2019\\\/02\\\/MP900401567.jpg\",\"width\":664,\"height\":335},{\"@type\":\"BreadcrumbList\",\"@id\":\"https:\\\/\\\/hr4free.com\\\/fr\\\/Gestion-sant%C3%A9-entreprise\\\/Cons%C3%A9quences-du-stress-sur-la-vie-professionnelle\\\/#breadcrumb\",\"itemListElement\":[{\"@type\":\"ListItem\",\"position\":1,\"name\":\"Accueil\",\"item\":\"https:\\\/\\\/hr4free.com\\\/fr\\\/\"},{\"@type\":\"ListItem\",\"position\":2,\"name\":\"Management et sant\u00e9: les cons\u00e9quences d\u2019un stress excessif sur la vie professionnelle\"}]},{\"@type\":\"WebSite\",\"@id\":\"https:\\\/\\\/hr4free.com\\\/fr\\\/#website\",\"url\":\"https:\\\/\\\/hr4free.com\\\/fr\\\/\",\"name\":\"HR4Free\",\"description\":\"\",\"potentialAction\":[{\"@type\":\"SearchAction\",\"target\":{\"@type\":\"EntryPoint\",\"urlTemplate\":\"https:\\\/\\\/hr4free.com\\\/fr\\\/?s={search_term_string}\"},\"query-input\":{\"@type\":\"PropertyValueSpecification\",\"valueRequired\":true,\"valueName\":\"search_term_string\"}}],\"inLanguage\":\"fr-FR\"},{\"@type\":\"Person\",\"@id\":\"https:\\\/\\\/hr4free.com\\\/fr\\\/#\\\/schema\\\/person\\\/84d24e645aa7c9881a9be32447ad1f0e\",\"name\":\"Vincent Held\",\"image\":{\"@type\":\"ImageObject\",\"inLanguage\":\"fr-FR\",\"@id\":\"https:\\\/\\\/secure.gravatar.com\\\/avatar\\\/be36bf09642c9a45643e0c1448d76514bccae85470051c70db9496b705696675?s=96&d=mm&r=g\",\"url\":\"https:\\\/\\\/secure.gravatar.com\\\/avatar\\\/be36bf09642c9a45643e0c1448d76514bccae85470051c70db9496b705696675?s=96&d=mm&r=g\",\"contentUrl\":\"https:\\\/\\\/secure.gravatar.com\\\/avatar\\\/be36bf09642c9a45643e0c1448d76514bccae85470051c70db9496b705696675?s=96&d=mm&r=g\",\"caption\":\"Vincent Held\"},\"url\":\"https:\\\/\\\/hr4free.com\\\/fr\\\/author\\\/vincent\\\/\"}]}<\/script>\n<!-- \/ Yoast SEO plugin. -->","yoast_head_json":{"title":"Management et sant\u00e9: les cons\u00e9quences d\u2019un stress excessif sur la vie professionnelle - HR4Free","robots":{"index":"noindex","follow":"follow","max-snippet":"max-snippet:-1","max-image-preview":"max-image-preview:large","max-video-preview":"max-video-preview:-1"},"og_locale":"fr_FR","og_type":"article","og_title":"Management et sant\u00e9: les cons\u00e9quences d\u2019un stress excessif sur la vie professionnelle - HR4Free","og_description":"Comme nous l&rsquo;avons vu en introduction, les cadres d\u00e9stabilis\u00e9s par les changements dus \u00e0 la\u00a0mondialisation\u00a0et la\u00a0rapidit\u00e9 de l\u2019innovation\u00a0technologique\u00a0(introduction \u00e0 la gestion de la sant\u00e9 en entreprise)\u00a0r\u00e9agissent de diff\u00e9rentes mani\u00e8res, tant sur le plan professionnel que personnel. Bien que ces r\u00e9actions soient tr\u00e8s personnelles, elles sont toutes des cons\u00e9quences d\u2019un\u00a0stress excessif\u00a0et d\u2019une difficult\u00e9 \u00e0 \u00e9voluer et [&hellip;]","og_url":"https:\/\/hr4free.com\/fr\/Gestion-sant\u00e9-entreprise\/Cons\u00e9quences-du-stress-sur-la-vie-professionnelle\/","og_site_name":"HR4Free","article_published_time":"2019-02-10T13:07:30+00:00","article_modified_time":"2019-05-20T09:09:58+00:00","og_image":[{"width":664,"height":335,"url":"https:\/\/hr4free.com\/wp-content\/uploads\/2019\/02\/MP900401567.jpg","type":"image\/jpeg"}],"author":"Vincent Held","twitter_card":"summary_large_image","twitter_misc":{"\u00c9crit par":"Vincent Held","Dur\u00e9e de lecture estim\u00e9e":"3 minutes"},"schema":{"@context":"https:\/\/schema.org","@graph":[{"@type":"Article","@id":"https:\/\/hr4free.com\/fr\/Gestion-sant%C3%A9-entreprise\/Cons%C3%A9quences-du-stress-sur-la-vie-professionnelle\/#article","isPartOf":{"@id":"https:\/\/hr4free.com\/fr\/Gestion-sant%C3%A9-entreprise\/Cons%C3%A9quences-du-stress-sur-la-vie-professionnelle\/"},"author":{"name":"Vincent Held","@id":"https:\/\/hr4free.com\/fr\/#\/schema\/person\/84d24e645aa7c9881a9be32447ad1f0e"},"headline":"Management et sant\u00e9: les cons\u00e9quences d\u2019un stress excessif sur la vie professionnelle","datePublished":"2019-02-10T13:07:30+00:00","dateModified":"2019-05-20T09:09:58+00:00","mainEntityOfPage":{"@id":"https:\/\/hr4free.com\/fr\/Gestion-sant%C3%A9-entreprise\/Cons%C3%A9quences-du-stress-sur-la-vie-professionnelle\/"},"wordCount":538,"commentCount":0,"image":{"@id":"https:\/\/hr4free.com\/fr\/Gestion-sant%C3%A9-entreprise\/Cons%C3%A9quences-du-stress-sur-la-vie-professionnelle\/#primaryimage"},"thumbnailUrl":"https:\/\/hr4free.com\/wp-content\/uploads\/2019\/02\/MP900401567.jpg","keywords":["coaching","gestion du stress","sant\u00e9 au travail"],"articleSection":["Gestion de la sant\u00e9"],"inLanguage":"fr-FR","potentialAction":[{"@type":"CommentAction","name":"Comment","target":["https:\/\/hr4free.com\/fr\/Gestion-sant%C3%A9-entreprise\/Cons%C3%A9quences-du-stress-sur-la-vie-professionnelle\/#respond"]}]},{"@type":"WebPage","@id":"https:\/\/hr4free.com\/fr\/Gestion-sant%C3%A9-entreprise\/Cons%C3%A9quences-du-stress-sur-la-vie-professionnelle\/","url":"https:\/\/hr4free.com\/fr\/Gestion-sant%C3%A9-entreprise\/Cons%C3%A9quences-du-stress-sur-la-vie-professionnelle\/","name":"Management et sant\u00e9: les cons\u00e9quences d\u2019un stress excessif sur la vie professionnelle - HR4Free","isPartOf":{"@id":"https:\/\/hr4free.com\/fr\/#website"},"primaryImageOfPage":{"@id":"https:\/\/hr4free.com\/fr\/Gestion-sant%C3%A9-entreprise\/Cons%C3%A9quences-du-stress-sur-la-vie-professionnelle\/#primaryimage"},"image":{"@id":"https:\/\/hr4free.com\/fr\/Gestion-sant%C3%A9-entreprise\/Cons%C3%A9quences-du-stress-sur-la-vie-professionnelle\/#primaryimage"},"thumbnailUrl":"https:\/\/hr4free.com\/wp-content\/uploads\/2019\/02\/MP900401567.jpg","datePublished":"2019-02-10T13:07:30+00:00","dateModified":"2019-05-20T09:09:58+00:00","author":{"@id":"https:\/\/hr4free.com\/fr\/#\/schema\/person\/84d24e645aa7c9881a9be32447ad1f0e"},"breadcrumb":{"@id":"https:\/\/hr4free.com\/fr\/Gestion-sant%C3%A9-entreprise\/Cons%C3%A9quences-du-stress-sur-la-vie-professionnelle\/#breadcrumb"},"inLanguage":"fr-FR","potentialAction":[{"@type":"ReadAction","target":["https:\/\/hr4free.com\/fr\/Gestion-sant%C3%A9-entreprise\/Cons%C3%A9quences-du-stress-sur-la-vie-professionnelle\/"]}]},{"@type":"ImageObject","inLanguage":"fr-FR","@id":"https:\/\/hr4free.com\/fr\/Gestion-sant%C3%A9-entreprise\/Cons%C3%A9quences-du-stress-sur-la-vie-professionnelle\/#primaryimage","url":"https:\/\/hr4free.com\/wp-content\/uploads\/2019\/02\/MP900401567.jpg","contentUrl":"https:\/\/hr4free.com\/wp-content\/uploads\/2019\/02\/MP900401567.jpg","width":664,"height":335},{"@type":"BreadcrumbList","@id":"https:\/\/hr4free.com\/fr\/Gestion-sant%C3%A9-entreprise\/Cons%C3%A9quences-du-stress-sur-la-vie-professionnelle\/#breadcrumb","itemListElement":[{"@type":"ListItem","position":1,"name":"Accueil","item":"https:\/\/hr4free.com\/fr\/"},{"@type":"ListItem","position":2,"name":"Management et sant\u00e9: les cons\u00e9quences d\u2019un stress excessif sur la vie professionnelle"}]},{"@type":"WebSite","@id":"https:\/\/hr4free.com\/fr\/#website","url":"https:\/\/hr4free.com\/fr\/","name":"HR4Free","description":"","potentialAction":[{"@type":"SearchAction","target":{"@type":"EntryPoint","urlTemplate":"https:\/\/hr4free.com\/fr\/?s={search_term_string}"},"query-input":{"@type":"PropertyValueSpecification","valueRequired":true,"valueName":"search_term_string"}}],"inLanguage":"fr-FR"},{"@type":"Person","@id":"https:\/\/hr4free.com\/fr\/#\/schema\/person\/84d24e645aa7c9881a9be32447ad1f0e","name":"Vincent Held","image":{"@type":"ImageObject","inLanguage":"fr-FR","@id":"https:\/\/secure.gravatar.com\/avatar\/be36bf09642c9a45643e0c1448d76514bccae85470051c70db9496b705696675?s=96&d=mm&r=g","url":"https:\/\/secure.gravatar.com\/avatar\/be36bf09642c9a45643e0c1448d76514bccae85470051c70db9496b705696675?s=96&d=mm&r=g","contentUrl":"https:\/\/secure.gravatar.com\/avatar\/be36bf09642c9a45643e0c1448d76514bccae85470051c70db9496b705696675?s=96&d=mm&r=g","caption":"Vincent Held"},"url":"https:\/\/hr4free.com\/fr\/author\/vincent\/"}]}},"_links":{"self":[{"href":"https:\/\/hr4free.com\/fr\/wp-json\/wp\/v2\/posts\/678","targetHints":{"allow":["GET"]}}],"collection":[{"href":"https:\/\/hr4free.com\/fr\/wp-json\/wp\/v2\/posts"}],"about":[{"href":"https:\/\/hr4free.com\/fr\/wp-json\/wp\/v2\/types\/post"}],"author":[{"embeddable":true,"href":"https:\/\/hr4free.com\/fr\/wp-json\/wp\/v2\/users\/2"}],"replies":[{"embeddable":true,"href":"https:\/\/hr4free.com\/fr\/wp-json\/wp\/v2\/comments?post=678"}],"version-history":[{"count":1,"href":"https:\/\/hr4free.com\/fr\/wp-json\/wp\/v2\/posts\/678\/revisions"}],"predecessor-version":[{"id":679,"href":"https:\/\/hr4free.com\/fr\/wp-json\/wp\/v2\/posts\/678\/revisions\/679"}],"wp:featuredmedia":[{"embeddable":true,"href":"https:\/\/hr4free.com\/fr\/wp-json\/wp\/v2\/media\/664"}],"wp:attachment":[{"href":"https:\/\/hr4free.com\/fr\/wp-json\/wp\/v2\/media?parent=678"}],"wp:term":[{"taxonomy":"category","embeddable":true,"href":"https:\/\/hr4free.com\/fr\/wp-json\/wp\/v2\/categories?post=678"},{"taxonomy":"post_tag","embeddable":true,"href":"https:\/\/hr4free.com\/fr\/wp-json\/wp\/v2\/tags?post=678"}],"curies":[{"name":"wp","href":"https:\/\/api.w.org\/{rel}","templated":true}]}}