{"id":661,"date":"2019-02-11T13:04:58","date_gmt":"2019-02-11T13:04:58","guid":{"rendered":"http:\/\/hr4free.web-romandie.ch\/?p=661"},"modified":"2019-06-28T16:04:43","modified_gmt":"2019-06-28T16:04:43","slug":"gestion-sante-entreprise-axes-de-developpement-pour-cadres-et-collaborateurs","status":"publish","type":"post","link":"https:\/\/hr4free.com\/fr\/Gestion-sant%C3%A9-entreprise\/Axes-de-d%C3%A9veloppement-pour-cadres-et-collaborateurs","title":{"rendered":"Gestion de la sant\u00e9 en entreprise: les principaux axes de d\u00e9veloppement"},"content":{"rendered":"<p>Nous l&rsquo;avons vu dans l&rsquo;article<strong>\u00a0<a href=\"http:\/\/www.hr4free.com\/fr\/Gestion-sant%C3%A9-entreprise\/Outils-et-concepts-de-base-pour-le-management\" target=\"_blank\" rel=\"noopener\" data-cke-saved-href=\"http:\/\/www.hr4free.com\/fr\/Gestion-sant%C3%A9-entreprise\/Outils-et-concepts-de-base-pour-le-management\">\u00ab\u00a0Introduction \u00e0 la gestion de la sant\u00e9 en entreprise\u00a0\u00bb<\/a><\/strong>, que la mondialisation, avec ses cons\u00e9quences en termes d\u2019<em>accroissement de la concurrence<\/em>\u00a0et d\u2019<em>acc\u00e9l\u00e9ration du changement<\/em>, sont des donn\u00e9es avec lesquelles il faut apprendre \u00e0 vivre. Toute la question est de voir comment en \u00e9viter les effets n\u00e9fastes tant pour l\u2019individu que pour l\u2019organisation dans son ensemble. Voici quelques \u00e9l\u00e9ments de r\u00e9flexion qui semblent porteurs de r\u00e9sultats.\u00a0<strong>L\u2019axe central du d\u00e9veloppement de la sant\u00e9 en entreprise consiste \u00e0 red\u00e9finir le\u00a0<a href=\"http:\/\/www.hr4free.com\/PDF_Files\/Blog_Management_Concept_Sant%C3%A9_Espace.pdf\" target=\"_blank\" rel=\"noopener\" data-cke-saved-href=\"http:\/\/www.hr4free.com\/PDF_Files\/Blog_Management_Concept_Sant\u00e9_Espace.pdf\">positionnement du collaborateur dans l&rsquo;entreprise (illustration)<\/a><\/strong>, et ce<strong>\u00a0<\/strong>\u00e0 3 niveaux :<\/p>\n<ol>\n<li><strong>Au niveau organisationnel\u00a0<\/strong>(\u00ab\u00a0mon environnement professionnel\u00a0\u00bb)<\/li>\n<li><strong>Au niveau de son poste<\/strong>\u00a0(\u00ab\u00a0ce que je fais\u00a0\u00bb)<\/li>\n<li><strong>Au niveau de la gestion personnelle\u00a0<\/strong>(\u00ab\u00a0ce que je suis\u00a0\u00bb)<\/li>\n<\/ol>\n<h5 style=\"text-align: center;\"><strong>I. AXE ORGANISATIONNEL<\/strong><\/h5>\n<p><strong>Au niveau organisationnel, l\u2019entreprise pourrait avoir \u00e0 c\u0153ur de favoriser le plus possible l\u2019int\u00e9gration des collaborateurs<\/strong>\u00a0\u2013 et notamment celle des cadres. Ce d\u00e9veloppement touche principalement trois domaines :<\/p>\n<p><strong>1. La transparence de la strat\u00e9gie:<\/strong>\u00a0Si l\u2019on veut que tout le monde \u00ab\u00a0tire \u00e0 la m\u00eame corde\u00a0\u00bb, il faudrait que les gens sachent qu&rsquo;il y a une corde et o\u00f9 elle se trouve. En d\u2019autres mots: si la strat\u00e9gie est un outil f\u00e9d\u00e9rateur fantastique, encore faut-il l\u2019utiliser !<\/p>\n<p>Si l\u2019entreprise d\u00e9cide de jouer la transparence au niveau de la strat\u00e9gie, elle va se confronter \u00e0 un probl\u00e8me: c\u2019est la capacit\u00e9 des cadres et des collaborateurs \u00e0 la comprendre et \u00e0 l\u2019int\u00e9grer. Il s\u2019agit l\u00e0 d\u2019un probl\u00e8me de communication pur. En effet, si les cadres et les collaborateurs ont des pr\u00e9occupations d\u2019ordre purement \u00e9motionnel, la transmission de la strat\u00e9gie n\u2019aura pas d\u2019\u00e9chos.<\/p>\n<p><strong>Si les cadres sont par exemple en col\u00e8re, ils ne seront pas r\u00e9ceptifs \u00e0 un langage \u00e9conomique ou rationnel.<\/strong>\u00a0Leur col\u00e8re est leur r\u00e9alit\u00e9 \u2013 l\u2019avenir de l\u2019entreprise peut para\u00eetre secondaire. Les dirigeants doivent s\u2019appuyer sur les attentes et les frustrations de leurs collaborateurs pour leur faire part de l\u2019orientation future de l\u2019entreprise. La mise en place d\u2019une strat\u00e9gie gagnerait donc, id\u00e9alement, \u00e0 d\u00e9marrer par une\u00a0<em>\u00e9coute des cadres et des collaborateurs<\/em>. Elle sera suivie par une r\u00e9ponse de la Direction, qui porte la strat\u00e9gie.<\/p>\n<p><strong>2. Le d\u00e9veloppement d\u2019une culture unique adapt\u00e9e aux structures:<\/strong><strong>\u00a0<\/strong>Le fait de modifier les structures influe sur la culture de l\u2019organisation. Or, celle-ci constitue le \u00ab\u00a0terreau\u00a0\u00bb dans lequel \u00e9voluent les collaborateurs. Par ailleurs, un\u00a0<em>changement culturel<\/em>\u00a0n\u00e9cessite beaucoup plus de temps qu\u2019un\u00a0<em>changement de structures<\/em>. Il est donc important, lors d\u2019une r\u00e9organisation (processus de \u00ab\u00a0reengineering\u00a0\u00bb, fusion, suppression de postes\u2026), de se donner des moyens au niveau de la communication et de la formation pour d\u00e9velopper une nouvelle culture.<\/p>\n<p><strong>3. La tol\u00e9rance vigilante:<\/strong>\u00a0Pourquoi la tol\u00e9rance vigilante?\u00a0<em>La tol\u00e9rance<\/em>, parce que l\u2019individu n\u2019\u00e9tant pas une machine, il aura besoin d\u2019un temps d\u2019adaptation \u00e0 la nouvelle structure durant lequel des erreurs peuvent appara\u00eetre.\u00a0<em>La vigilance<\/em>, parce qu\u2019il est important de mettre des\u00a0<em>limites \u00e0 la tol\u00e9rance<\/em>. Des progr\u00e8s dans le comportement de l\u2019individu doivent \u00eatre per\u00e7us malgr\u00e9 les \u00e9ventuelles difficult\u00e9s li\u00e9es \u00e0 l\u2019adaptation et toute inertie devrait \u00eatre d\u00e9nonc\u00e9e.<\/p>\n<h5 style=\"text-align: center;\"><strong>II. AXE DU POSTE<\/strong><\/h5>\n<p><strong>La d\u00e9sorganisation et le manque de clart\u00e9 sont des facteurs de stress importants en entreprise<\/strong>. Il est donc souhaitable que l\u2019entreprise d\u00e9finisse de la mani\u00e8re la plus pr\u00e9cise possible les\u00a0<u>projets<\/u>\u00a0et les\u00a0<u>responsabilit\u00e9s<\/u>\u00a0attribu\u00e9s aux cadres.<\/p>\n<ul>\n<li>Nous avons vu que les\u00a0<em>objectifs quantitatifs et techniques<\/em>\u00a0sont g\u00e9n\u00e9ralement fix\u00e9s. Les difficult\u00e9s r\u00e9sident souvent soit dans le\u00a0<em>r\u00e9alisme des objectifs<\/em>, soit dans les\u00a0<em>moyens et outils mis \u00e0 disposition<\/em>.<\/li>\n<li>En revanche, les\u00a0<em>objectifs qualitatifs et humains<\/em>\u00a0sont trop souvent absents. L\u2019individu manque alors de vision sur le r\u00f4le qu\u2019il joue dans l\u2019organisation et son impact sur les partenaires.<\/li>\n<\/ul>\n<p><strong>Enfin, la red\u00e9finition d\u2019un projet ou d\u2019un poste peut faire appel \u00e0 des comp\u00e9tences techniques ou comportementales nouvelles.<\/strong>\u00a0Il est alors indispensable que l&rsquo;encadrement en tienne compte et qu\u2019un\u00a0<em>programme de formation continue<\/em>\u00a0adapt\u00e9 soit mise en place.<\/p>\n<h5 style=\"text-align: center;\"><strong>III. AXE DE LA GESTION PERSONNELLE<\/strong><\/h5>\n<p>Cet axe est fondamental. Il consiste \u00e0\u00a0<strong>mettre en valeur et \u00e0 renforcer la base personnelle du collaborateur<\/strong>, soit le socle qui va porter le\u00a0<em>potentiel<\/em>\u00a0et les\u00a0<em>comp\u00e9tences<\/em>. Si cette base est fragilis\u00e9e, les comp\u00e9tences auront du mal \u00e0 se concr\u00e9tiser. Elle constitue le socle et la source qui permettront un appui et un \u00e9panouissement du potentiel.\u00a0<strong>On peut \u00e9tablir un processus de d\u00e9veloppement en trois \u00e9tapes:<\/strong><\/p>\n<p><strong>1. Une meilleure connaissance de soi:<\/strong>\u00a0La connaissance de soi est un processus d&rsquo;apprentissage qui ne finit jamais. On peut toutefois l\u2019aborder dans la vie professionnelle \u00e0 3 niveaux :<\/p>\n<p>a) Un potentiel et des comp\u00e9tences professionnelles :<\/p>\n<ol>\n<li><em>Un potentiel physique<\/em>\u00a0: r\u00e9sistance personnelle aux voyages,\u00a0 look, prestance&#8230;<\/li>\n<li><em>Un potentiel technique<\/em>\u00a0ou le savoir-faire accumul\u00e9 au fil des ann\u00e9es<\/li>\n<li><em>Un potentiel personnel<\/em>\u00a0ou\u00a0<em>comportemental<\/em>\u00a0avec les capacit\u00e9s de communication, de management, de travail en \u00e9quipe.<\/li>\n<\/ol>\n<p>b) Une dimension affective et \u00e9motionnelle : c\u2019est \u00ab\u00a0l\u2019intelligence du c\u0153ur\u00a0\u00bb, par opposition \u00e0 la rationalit\u00e9 pure<\/p>\n<p>c) Des racines personnelles : identit\u00e9 et valeurs<\/p>\n<p>C\u2019est dans l\u2019expression r\u00e9guli\u00e8re de ces trois dimensions dans la vie professionnelle que le cadre comme le collaborateur va se r\u00e9aliser et donc travailler \u00e0 son\u00a0<em>bien-\u00eatre<\/em>.<\/p>\n<p><strong>2. Une d\u00e9finition de l\u2019\u00e9quilibre de vie:<\/strong><strong>\u00a0<\/strong>L\u2019\u00e9quilibre de vie est une affaire strictement individuelle.\u00a0<u>Chaque personne doit d\u00e9finir son propre \u00e9quilibre de vie<\/u>, compos\u00e9 des 3 \u00e9l\u00e9ments suivants (aussi appel\u00e9s \u00ab\u00a03V\u00a0\u00bb):<\/p>\n<ol>\n<li>La vie professionnelle<\/li>\n<li>La vie priv\u00e9e<\/li>\n<li>La vie sociale<\/li>\n<\/ol>\n<p>La r\u00e9partition et la pond\u00e9ration de ces trois tranches est donc personnelle. Elle est en effet fortement li\u00e9e aux\u00a0<em>racines<\/em>\u00a0et valeurs de l\u2019individu, mais aussi aux\u00a0<em>int\u00e9r\u00eats professionnels et personnels<\/em>. Par exemple, un cadre peut travailler 60 heures par semaine sans \u00eatre perturb\u00e9 alors qu\u2019un autre peut \u00eatre perturb\u00e9 parce que les 45 heures n\u00e9cessaires d\u00e9rangent sa vie priv\u00e9e.<\/p>\n<p><strong>3. Une red\u00e9finition du succ\u00e8s professionnel:<\/strong><strong>\u00a0<\/strong>Il est important que le collaborateur sorte du\u00a0<em>sch\u00e9ma id\u00e9al du succ\u00e8s professionnel<\/em>\u00a0d\u00e9fini par son entreprise et\/ou son environnement priv\u00e9. Il doit trouver sa propre orientation professionnelle, bas\u00e9e sur la connaissance qu\u2019il a de lui-m\u00eame et sur les<strong>\u00a0<\/strong><em>int\u00e9r\u00eats<\/em>\u00a0et\u00a0<em>d\u00e9sirs<\/em>\u00a0qui lui sont propres.<\/p>\n<p><strong>Le succ\u00e8s professionnel est donc avant tout une question personnelle<\/strong>; les\u00a0<em>crit\u00e8res de succ\u00e8s<\/em>\u00a0changent d\u2019une personne \u00e0 l\u2019autre et \u00e9voluent au cours d\u2019une vie. En outre,\u00a0<strong>le succ\u00e8s professionnel implique le bien-\u00eatre et la sant\u00e9 de la personne<\/strong>, afin que celle-ci puisse profiter un jour de sa retraite!<\/p>\n<p><em>A lire \u00e9galement :<\/em><\/p>\n<ul>\n<li><strong><a href=\"http:\/\/www.hr4free.com\/fr\/Gestion-sant%C3%A9-entreprise\/Cons%C3%A9quences-du-stress-sur-la-vie-professionnelle\" target=\"_blank\" rel=\"noopener\" data-cke-saved-href=\"http:\/\/www.hr4free.com\/fr\/Gestion-sant%C3%A9-entreprise\/Cons%C3%A9quences-du-stress-sur-la-vie-professionnelle\">Management et Sant\u00e9: les cons\u00e9quences d&rsquo;un stress excessif sur la vie professionnelle<\/a><\/strong><\/li>\n<li><a href=\"http:\/\/www.hr4free.com\/fr\/Gestion-sant%C3%A9-entreprise\/D%C3%A9velopper-un-%C3%A9quilibre-de-vie-en-entreprise-m%C3%A9thodes-non-th%C3%A9rapeutiques\" target=\"_blank\" rel=\"noopener\" data-cke-saved-href=\"http:\/\/www.hr4free.com\/fr\/Gestion-sant%C3%A9-entreprise\/D%C3%A9velopper-un-%C3%A9quilibre-de-vie-en-entreprise-m%C3%A9thodes-non-th%C3%A9rapeutiques\"><strong>Management et Sant\u00e9: d\u00e9velopper un \u00e9quilibre de vie en entreprise (m\u00e9thodes non-th\u00e9rapeutiques)<\/strong><\/a><\/li>\n<\/ul>\n","protected":false},"excerpt":{"rendered":"<p>Nous l&rsquo;avons vu dans l&rsquo;article\u00a0\u00ab\u00a0Introduction \u00e0 la gestion de la sant\u00e9 en entreprise\u00a0\u00bb, que la mondialisation, avec ses cons\u00e9quences en termes d\u2019accroissement de la concurrence\u00a0et d\u2019acc\u00e9l\u00e9ration du changement, sont des donn\u00e9es avec lesquelles il faut apprendre \u00e0 vivre. Toute la question est de voir comment en \u00e9viter les effets n\u00e9fastes tant pour l\u2019individu que pour [&hellip;]<\/p>\n","protected":false},"author":2,"featured_media":672,"comment_status":"open","ping_status":"closed","sticky":false,"template":"","format":"standard","meta":{"footnotes":""},"categories":[45],"tags":[89,103,88],"class_list":["post-661","post","type-post","status-publish","format-standard","has-post-thumbnail","hentry","category-gestion-sante-entreprise","tag-equilibre-de-vie","tag-gestion-de-la-sante","tag-gestion-du-stress"],"yoast_head":"<!-- This site is optimized with the Yoast SEO plugin v28.3 - https:\/\/yoast.com\/product\/yoast-seo-wordpress\/ -->\n<title>Gestion de la sant\u00e9 en entreprise: les principaux axes de d\u00e9veloppement - HR4Free<\/title>\n<meta name=\"robots\" content=\"noindex, follow, max-snippet:-1, max-image-preview:large, max-video-preview:-1\" \/>\n<meta property=\"og:locale\" content=\"fr_FR\" \/>\n<meta property=\"og:type\" content=\"article\" \/>\n<meta property=\"og:title\" content=\"Gestion de la sant\u00e9 en entreprise: les principaux axes de d\u00e9veloppement - HR4Free\" \/>\n<meta property=\"og:description\" content=\"Nous l&rsquo;avons vu dans l&rsquo;article\u00a0\u00ab\u00a0Introduction \u00e0 la gestion de la sant\u00e9 en entreprise\u00a0\u00bb, que la mondialisation, avec ses cons\u00e9quences en termes d\u2019accroissement de la concurrence\u00a0et d\u2019acc\u00e9l\u00e9ration du changement, sont des donn\u00e9es avec lesquelles il faut apprendre \u00e0 vivre. Toute la question est de voir comment en \u00e9viter les effets n\u00e9fastes tant pour l\u2019individu que pour [&hellip;]\" \/>\n<meta property=\"og:url\" content=\"https:\/\/hr4free.com\/fr\/Gestion-sant\u00e9-entreprise\/Axes-de-d\u00e9veloppement-pour-cadres-et-collaborateurs\/\" \/>\n<meta property=\"og:site_name\" content=\"HR4Free\" \/>\n<meta property=\"article:published_time\" content=\"2019-02-11T13:04:58+00:00\" \/>\n<meta property=\"article:modified_time\" content=\"2019-06-28T16:04:43+00:00\" \/>\n<meta property=\"og:image\" content=\"https:\/\/hr4free.com\/wp-content\/uploads\/2019\/02\/bigstock-Group-of-happy-young-business-38908093_1.jpg\" \/>\n\t<meta property=\"og:image:width\" content=\"664\" \/>\n\t<meta property=\"og:image:height\" content=\"335\" \/>\n\t<meta property=\"og:image:type\" content=\"image\/jpeg\" \/>\n<meta name=\"author\" content=\"Vincent Held\" \/>\n<meta name=\"twitter:card\" content=\"summary_large_image\" \/>\n<meta name=\"twitter:label1\" content=\"\u00c9crit par\" \/>\n\t<meta name=\"twitter:data1\" content=\"Vincent Held\" \/>\n\t<meta name=\"twitter:label2\" content=\"Dur\u00e9e de lecture estim\u00e9e\" \/>\n\t<meta name=\"twitter:data2\" content=\"6 minutes\" \/>\n<script type=\"application\/ld+json\" class=\"yoast-schema-graph\">{\"@context\":\"https:\\\/\\\/schema.org\",\"@graph\":[{\"@type\":\"Article\",\"@id\":\"https:\\\/\\\/hr4free.com\\\/fr\\\/Gestion-sant%C3%A9-entreprise\\\/Axes-de-d%C3%A9veloppement-pour-cadres-et-collaborateurs\\\/#article\",\"isPartOf\":{\"@id\":\"https:\\\/\\\/hr4free.com\\\/fr\\\/Gestion-sant%C3%A9-entreprise\\\/Axes-de-d%C3%A9veloppement-pour-cadres-et-collaborateurs\\\/\"},\"author\":{\"name\":\"Vincent Held\",\"@id\":\"https:\\\/\\\/hr4free.com\\\/fr\\\/#\\\/schema\\\/person\\\/84d24e645aa7c9881a9be32447ad1f0e\"},\"headline\":\"Gestion de la sant\u00e9 en entreprise: les principaux axes de d\u00e9veloppement\",\"datePublished\":\"2019-02-11T13:04:58+00:00\",\"dateModified\":\"2019-06-28T16:04:43+00:00\",\"mainEntityOfPage\":{\"@id\":\"https:\\\/\\\/hr4free.com\\\/fr\\\/Gestion-sant%C3%A9-entreprise\\\/Axes-de-d%C3%A9veloppement-pour-cadres-et-collaborateurs\\\/\"},\"wordCount\":1210,\"commentCount\":0,\"image\":{\"@id\":\"https:\\\/\\\/hr4free.com\\\/fr\\\/Gestion-sant%C3%A9-entreprise\\\/Axes-de-d%C3%A9veloppement-pour-cadres-et-collaborateurs\\\/#primaryimage\"},\"thumbnailUrl\":\"https:\\\/\\\/hr4free.com\\\/wp-content\\\/uploads\\\/2019\\\/02\\\/bigstock-Group-of-happy-young-business-38908093_1.jpg\",\"keywords\":[\"\u00e9quilibre de vie\",\"gestion de la sant\u00e9\",\"gestion du stress\"],\"articleSection\":[\"Gestion de la sant\u00e9\"],\"inLanguage\":\"fr-FR\",\"potentialAction\":[{\"@type\":\"CommentAction\",\"name\":\"Comment\",\"target\":[\"https:\\\/\\\/hr4free.com\\\/fr\\\/Gestion-sant%C3%A9-entreprise\\\/Axes-de-d%C3%A9veloppement-pour-cadres-et-collaborateurs\\\/#respond\"]}]},{\"@type\":\"WebPage\",\"@id\":\"https:\\\/\\\/hr4free.com\\\/fr\\\/Gestion-sant%C3%A9-entreprise\\\/Axes-de-d%C3%A9veloppement-pour-cadres-et-collaborateurs\\\/\",\"url\":\"https:\\\/\\\/hr4free.com\\\/fr\\\/Gestion-sant%C3%A9-entreprise\\\/Axes-de-d%C3%A9veloppement-pour-cadres-et-collaborateurs\\\/\",\"name\":\"Gestion de la sant\u00e9 en entreprise: les principaux axes de d\u00e9veloppement - HR4Free\",\"isPartOf\":{\"@id\":\"https:\\\/\\\/hr4free.com\\\/fr\\\/#website\"},\"primaryImageOfPage\":{\"@id\":\"https:\\\/\\\/hr4free.com\\\/fr\\\/Gestion-sant%C3%A9-entreprise\\\/Axes-de-d%C3%A9veloppement-pour-cadres-et-collaborateurs\\\/#primaryimage\"},\"image\":{\"@id\":\"https:\\\/\\\/hr4free.com\\\/fr\\\/Gestion-sant%C3%A9-entreprise\\\/Axes-de-d%C3%A9veloppement-pour-cadres-et-collaborateurs\\\/#primaryimage\"},\"thumbnailUrl\":\"https:\\\/\\\/hr4free.com\\\/wp-content\\\/uploads\\\/2019\\\/02\\\/bigstock-Group-of-happy-young-business-38908093_1.jpg\",\"datePublished\":\"2019-02-11T13:04:58+00:00\",\"dateModified\":\"2019-06-28T16:04:43+00:00\",\"author\":{\"@id\":\"https:\\\/\\\/hr4free.com\\\/fr\\\/#\\\/schema\\\/person\\\/84d24e645aa7c9881a9be32447ad1f0e\"},\"breadcrumb\":{\"@id\":\"https:\\\/\\\/hr4free.com\\\/fr\\\/Gestion-sant%C3%A9-entreprise\\\/Axes-de-d%C3%A9veloppement-pour-cadres-et-collaborateurs\\\/#breadcrumb\"},\"inLanguage\":\"fr-FR\",\"potentialAction\":[{\"@type\":\"ReadAction\",\"target\":[\"https:\\\/\\\/hr4free.com\\\/fr\\\/Gestion-sant%C3%A9-entreprise\\\/Axes-de-d%C3%A9veloppement-pour-cadres-et-collaborateurs\\\/\"]}]},{\"@type\":\"ImageObject\",\"inLanguage\":\"fr-FR\",\"@id\":\"https:\\\/\\\/hr4free.com\\\/fr\\\/Gestion-sant%C3%A9-entreprise\\\/Axes-de-d%C3%A9veloppement-pour-cadres-et-collaborateurs\\\/#primaryimage\",\"url\":\"https:\\\/\\\/hr4free.com\\\/wp-content\\\/uploads\\\/2019\\\/02\\\/bigstock-Group-of-happy-young-business-38908093_1.jpg\",\"contentUrl\":\"https:\\\/\\\/hr4free.com\\\/wp-content\\\/uploads\\\/2019\\\/02\\\/bigstock-Group-of-happy-young-business-38908093_1.jpg\",\"width\":664,\"height\":335},{\"@type\":\"BreadcrumbList\",\"@id\":\"https:\\\/\\\/hr4free.com\\\/fr\\\/Gestion-sant%C3%A9-entreprise\\\/Axes-de-d%C3%A9veloppement-pour-cadres-et-collaborateurs\\\/#breadcrumb\",\"itemListElement\":[{\"@type\":\"ListItem\",\"position\":1,\"name\":\"Accueil\",\"item\":\"https:\\\/\\\/hr4free.com\\\/fr\\\/\"},{\"@type\":\"ListItem\",\"position\":2,\"name\":\"Gestion de la sant\u00e9 en entreprise: les principaux axes de d\u00e9veloppement\"}]},{\"@type\":\"WebSite\",\"@id\":\"https:\\\/\\\/hr4free.com\\\/fr\\\/#website\",\"url\":\"https:\\\/\\\/hr4free.com\\\/fr\\\/\",\"name\":\"HR4Free\",\"description\":\"\",\"potentialAction\":[{\"@type\":\"SearchAction\",\"target\":{\"@type\":\"EntryPoint\",\"urlTemplate\":\"https:\\\/\\\/hr4free.com\\\/fr\\\/?s={search_term_string}\"},\"query-input\":{\"@type\":\"PropertyValueSpecification\",\"valueRequired\":true,\"valueName\":\"search_term_string\"}}],\"inLanguage\":\"fr-FR\"},{\"@type\":\"Person\",\"@id\":\"https:\\\/\\\/hr4free.com\\\/fr\\\/#\\\/schema\\\/person\\\/84d24e645aa7c9881a9be32447ad1f0e\",\"name\":\"Vincent Held\",\"image\":{\"@type\":\"ImageObject\",\"inLanguage\":\"fr-FR\",\"@id\":\"https:\\\/\\\/secure.gravatar.com\\\/avatar\\\/be36bf09642c9a45643e0c1448d76514bccae85470051c70db9496b705696675?s=96&d=mm&r=g\",\"url\":\"https:\\\/\\\/secure.gravatar.com\\\/avatar\\\/be36bf09642c9a45643e0c1448d76514bccae85470051c70db9496b705696675?s=96&d=mm&r=g\",\"contentUrl\":\"https:\\\/\\\/secure.gravatar.com\\\/avatar\\\/be36bf09642c9a45643e0c1448d76514bccae85470051c70db9496b705696675?s=96&d=mm&r=g\",\"caption\":\"Vincent Held\"},\"url\":\"https:\\\/\\\/hr4free.com\\\/fr\\\/author\\\/vincent\\\/\"}]}<\/script>\n<!-- \/ Yoast SEO plugin. -->","yoast_head_json":{"title":"Gestion de la sant\u00e9 en entreprise: les principaux axes de d\u00e9veloppement - HR4Free","robots":{"index":"noindex","follow":"follow","max-snippet":"max-snippet:-1","max-image-preview":"max-image-preview:large","max-video-preview":"max-video-preview:-1"},"og_locale":"fr_FR","og_type":"article","og_title":"Gestion de la sant\u00e9 en entreprise: les principaux axes de d\u00e9veloppement - HR4Free","og_description":"Nous l&rsquo;avons vu dans l&rsquo;article\u00a0\u00ab\u00a0Introduction \u00e0 la gestion de la sant\u00e9 en entreprise\u00a0\u00bb, que la mondialisation, avec ses cons\u00e9quences en termes d\u2019accroissement de la concurrence\u00a0et d\u2019acc\u00e9l\u00e9ration du changement, sont des donn\u00e9es avec lesquelles il faut apprendre \u00e0 vivre. Toute la question est de voir comment en \u00e9viter les effets n\u00e9fastes tant pour l\u2019individu que pour [&hellip;]","og_url":"https:\/\/hr4free.com\/fr\/Gestion-sant\u00e9-entreprise\/Axes-de-d\u00e9veloppement-pour-cadres-et-collaborateurs\/","og_site_name":"HR4Free","article_published_time":"2019-02-11T13:04:58+00:00","article_modified_time":"2019-06-28T16:04:43+00:00","og_image":[{"width":664,"height":335,"url":"https:\/\/hr4free.com\/wp-content\/uploads\/2019\/02\/bigstock-Group-of-happy-young-business-38908093_1.jpg","type":"image\/jpeg"}],"author":"Vincent Held","twitter_card":"summary_large_image","twitter_misc":{"\u00c9crit par":"Vincent Held","Dur\u00e9e de lecture estim\u00e9e":"6 minutes"},"schema":{"@context":"https:\/\/schema.org","@graph":[{"@type":"Article","@id":"https:\/\/hr4free.com\/fr\/Gestion-sant%C3%A9-entreprise\/Axes-de-d%C3%A9veloppement-pour-cadres-et-collaborateurs\/#article","isPartOf":{"@id":"https:\/\/hr4free.com\/fr\/Gestion-sant%C3%A9-entreprise\/Axes-de-d%C3%A9veloppement-pour-cadres-et-collaborateurs\/"},"author":{"name":"Vincent Held","@id":"https:\/\/hr4free.com\/fr\/#\/schema\/person\/84d24e645aa7c9881a9be32447ad1f0e"},"headline":"Gestion de la sant\u00e9 en entreprise: les principaux axes de d\u00e9veloppement","datePublished":"2019-02-11T13:04:58+00:00","dateModified":"2019-06-28T16:04:43+00:00","mainEntityOfPage":{"@id":"https:\/\/hr4free.com\/fr\/Gestion-sant%C3%A9-entreprise\/Axes-de-d%C3%A9veloppement-pour-cadres-et-collaborateurs\/"},"wordCount":1210,"commentCount":0,"image":{"@id":"https:\/\/hr4free.com\/fr\/Gestion-sant%C3%A9-entreprise\/Axes-de-d%C3%A9veloppement-pour-cadres-et-collaborateurs\/#primaryimage"},"thumbnailUrl":"https:\/\/hr4free.com\/wp-content\/uploads\/2019\/02\/bigstock-Group-of-happy-young-business-38908093_1.jpg","keywords":["\u00e9quilibre de vie","gestion de la sant\u00e9","gestion du stress"],"articleSection":["Gestion de la sant\u00e9"],"inLanguage":"fr-FR","potentialAction":[{"@type":"CommentAction","name":"Comment","target":["https:\/\/hr4free.com\/fr\/Gestion-sant%C3%A9-entreprise\/Axes-de-d%C3%A9veloppement-pour-cadres-et-collaborateurs\/#respond"]}]},{"@type":"WebPage","@id":"https:\/\/hr4free.com\/fr\/Gestion-sant%C3%A9-entreprise\/Axes-de-d%C3%A9veloppement-pour-cadres-et-collaborateurs\/","url":"https:\/\/hr4free.com\/fr\/Gestion-sant%C3%A9-entreprise\/Axes-de-d%C3%A9veloppement-pour-cadres-et-collaborateurs\/","name":"Gestion de la sant\u00e9 en entreprise: les principaux axes de d\u00e9veloppement - HR4Free","isPartOf":{"@id":"https:\/\/hr4free.com\/fr\/#website"},"primaryImageOfPage":{"@id":"https:\/\/hr4free.com\/fr\/Gestion-sant%C3%A9-entreprise\/Axes-de-d%C3%A9veloppement-pour-cadres-et-collaborateurs\/#primaryimage"},"image":{"@id":"https:\/\/hr4free.com\/fr\/Gestion-sant%C3%A9-entreprise\/Axes-de-d%C3%A9veloppement-pour-cadres-et-collaborateurs\/#primaryimage"},"thumbnailUrl":"https:\/\/hr4free.com\/wp-content\/uploads\/2019\/02\/bigstock-Group-of-happy-young-business-38908093_1.jpg","datePublished":"2019-02-11T13:04:58+00:00","dateModified":"2019-06-28T16:04:43+00:00","author":{"@id":"https:\/\/hr4free.com\/fr\/#\/schema\/person\/84d24e645aa7c9881a9be32447ad1f0e"},"breadcrumb":{"@id":"https:\/\/hr4free.com\/fr\/Gestion-sant%C3%A9-entreprise\/Axes-de-d%C3%A9veloppement-pour-cadres-et-collaborateurs\/#breadcrumb"},"inLanguage":"fr-FR","potentialAction":[{"@type":"ReadAction","target":["https:\/\/hr4free.com\/fr\/Gestion-sant%C3%A9-entreprise\/Axes-de-d%C3%A9veloppement-pour-cadres-et-collaborateurs\/"]}]},{"@type":"ImageObject","inLanguage":"fr-FR","@id":"https:\/\/hr4free.com\/fr\/Gestion-sant%C3%A9-entreprise\/Axes-de-d%C3%A9veloppement-pour-cadres-et-collaborateurs\/#primaryimage","url":"https:\/\/hr4free.com\/wp-content\/uploads\/2019\/02\/bigstock-Group-of-happy-young-business-38908093_1.jpg","contentUrl":"https:\/\/hr4free.com\/wp-content\/uploads\/2019\/02\/bigstock-Group-of-happy-young-business-38908093_1.jpg","width":664,"height":335},{"@type":"BreadcrumbList","@id":"https:\/\/hr4free.com\/fr\/Gestion-sant%C3%A9-entreprise\/Axes-de-d%C3%A9veloppement-pour-cadres-et-collaborateurs\/#breadcrumb","itemListElement":[{"@type":"ListItem","position":1,"name":"Accueil","item":"https:\/\/hr4free.com\/fr\/"},{"@type":"ListItem","position":2,"name":"Gestion de la sant\u00e9 en entreprise: les principaux axes de d\u00e9veloppement"}]},{"@type":"WebSite","@id":"https:\/\/hr4free.com\/fr\/#website","url":"https:\/\/hr4free.com\/fr\/","name":"HR4Free","description":"","potentialAction":[{"@type":"SearchAction","target":{"@type":"EntryPoint","urlTemplate":"https:\/\/hr4free.com\/fr\/?s={search_term_string}"},"query-input":{"@type":"PropertyValueSpecification","valueRequired":true,"valueName":"search_term_string"}}],"inLanguage":"fr-FR"},{"@type":"Person","@id":"https:\/\/hr4free.com\/fr\/#\/schema\/person\/84d24e645aa7c9881a9be32447ad1f0e","name":"Vincent Held","image":{"@type":"ImageObject","inLanguage":"fr-FR","@id":"https:\/\/secure.gravatar.com\/avatar\/be36bf09642c9a45643e0c1448d76514bccae85470051c70db9496b705696675?s=96&d=mm&r=g","url":"https:\/\/secure.gravatar.com\/avatar\/be36bf09642c9a45643e0c1448d76514bccae85470051c70db9496b705696675?s=96&d=mm&r=g","contentUrl":"https:\/\/secure.gravatar.com\/avatar\/be36bf09642c9a45643e0c1448d76514bccae85470051c70db9496b705696675?s=96&d=mm&r=g","caption":"Vincent Held"},"url":"https:\/\/hr4free.com\/fr\/author\/vincent\/"}]}},"_links":{"self":[{"href":"https:\/\/hr4free.com\/fr\/wp-json\/wp\/v2\/posts\/661","targetHints":{"allow":["GET"]}}],"collection":[{"href":"https:\/\/hr4free.com\/fr\/wp-json\/wp\/v2\/posts"}],"about":[{"href":"https:\/\/hr4free.com\/fr\/wp-json\/wp\/v2\/types\/post"}],"author":[{"embeddable":true,"href":"https:\/\/hr4free.com\/fr\/wp-json\/wp\/v2\/users\/2"}],"replies":[{"embeddable":true,"href":"https:\/\/hr4free.com\/fr\/wp-json\/wp\/v2\/comments?post=661"}],"version-history":[{"count":2,"href":"https:\/\/hr4free.com\/fr\/wp-json\/wp\/v2\/posts\/661\/revisions"}],"predecessor-version":[{"id":2385,"href":"https:\/\/hr4free.com\/fr\/wp-json\/wp\/v2\/posts\/661\/revisions\/2385"}],"wp:featuredmedia":[{"embeddable":true,"href":"https:\/\/hr4free.com\/fr\/wp-json\/wp\/v2\/media\/672"}],"wp:attachment":[{"href":"https:\/\/hr4free.com\/fr\/wp-json\/wp\/v2\/media?parent=661"}],"wp:term":[{"taxonomy":"category","embeddable":true,"href":"https:\/\/hr4free.com\/fr\/wp-json\/wp\/v2\/categories?post=661"},{"taxonomy":"post_tag","embeddable":true,"href":"https:\/\/hr4free.com\/fr\/wp-json\/wp\/v2\/tags?post=661"}],"curies":[{"name":"wp","href":"https:\/\/api.w.org\/{rel}","templated":true}]}}