{"id":590,"date":"2019-07-27T14:33:44","date_gmt":"2019-07-27T14:33:44","guid":{"rendered":"http:\/\/hr4free.web-romandie.ch\/?p=590"},"modified":"2019-07-27T12:42:54","modified_gmt":"2019-07-27T12:42:54","slug":"gestion-des-conflits-definition-affirmation-de-soi-en-entreprise","status":"publish","type":"post","link":"https:\/\/hr4free.com\/fr\/Gestion-des-conflits\/D%C3%A9finition-affirmation-de-soi-en-entreprise","title":{"rendered":"D\u00e9finition de \u00ab\u00a0l&rsquo;affirmation pacifi\u00e9e\u00a0\u00bb"},"content":{"rendered":"<p><strong>Dans le milieu professionnel, les relations humaines nous font p\u00e9n\u00e9trer dans un monde incertain, contradictoire et conflictuel.\u00a0<\/strong>Chacun d\u00e9fend ses\u00a0int\u00e9r\u00eats\u00a0; la \u00ab\u00a0bonne foi\u00a0\u00bb des uns est \u00ab\u00a0la mauvaise foi\u00a0\u00bb des autres.<\/p>\n<p><strong>En outre, l&rsquo;harmonie \u00e0 l&rsquo;int\u00e9rieur des entreprises n&rsquo;est pas naturelle.<\/strong>\u00a0Elle n&rsquo;est d\u2019ailleurs pas souhaitable, car elle peut d\u00e9boucher sur le\u00a0<em>conformisme<\/em>\u00a0et la\u00a0<em>st\u00e9rilisation des id\u00e9es<\/em>. Une dose de\u00a0conflit\u00a0est donc n\u00e9cessaire pour assurer le progr\u00e8s de l&rsquo;entreprise.<\/p>\n<h5 style=\"text-align: center;\"><strong>D\u00c9FINITION DE \u00ab\u00a0L&rsquo;AFFIRMATION PACIFI\u00c9E\u00a0\u00bb<\/strong><\/h5>\n<p><strong>La notion \u00ab\u00a0d&rsquo;affirmation pacifi\u00e9e\u00a0\u00bb peut \u00eatre d\u00e9finie comme l&rsquo;attitude id\u00e9ale\u00a0dans une situation difficile et\/ou conflictuelle<\/strong>. Elle consiste \u00e0 exprimer clairement ses objectifs tout en acceptant la contradiction et la recherche du compromis.\u00a0<u>L\u2019affirmation pacifi\u00e9e, c&rsquo;est donc l\u2019art d\u2019exprimer ses sentiments, ses id\u00e9es, ses droits ou ses besoins, tout en respectant les autres et en tenant compte de leurs propres d\u00e9sirs et objectifs.<\/u><\/p>\n<p>Elle consiste \u00e0 pratiquer l&rsquo;<em>affirmation de soi<\/em>\u00a0tout en respectant les autres, ce qui permet d&rsquo;<em>exprimer un d\u00e9saccord<\/em>,\u00a0<em>faire une critique<\/em>\u00a0\u00e0 quelqu\u2019un,\u00a0<em>dire \u00ab\u00a0non\u00a0\u00bb<\/em>\u00a0ou\u00a0<em>r\u00e9sister \u00e0 une tentative de manipulation<\/em>, sans pour autant rompre la relation.<\/p>\n<p><strong>En bref, bien g\u00e9rer les conflits, c&rsquo;est jouer la\u00a0confiance\u00a0chaque fois que c&rsquo;est possible.<\/strong>\u00a0Nous verrons dans l&rsquo;article\u00a0<strong><a href=\"https:\/\/hr4free.com\/fr\/Gestion-des-conflits\/Principales-attitudes-et-affirmation-de-soi\" target=\"_blank\" rel=\"noopener noreferrer\" data-cke-saved-href=\"https:\/\/hr4free.com\/fr\/Gestion-des-conflits\/Principales-attitudes-et-affirmation-de-soi\">\u00ab\u00a0Les principales attitudes face au conflit\u00a0\u00bb<\/a><\/strong>\u00a0que ce n&rsquo;est de loin pas la seule mani\u00e8re d&rsquo;aborder les situations difficiles!<\/p>\n","protected":false},"excerpt":{"rendered":"<p>Dans le milieu professionnel, les relations humaines nous font p\u00e9n\u00e9trer dans un monde incertain, contradictoire et conflictuel.\u00a0Chacun d\u00e9fend ses\u00a0int\u00e9r\u00eats\u00a0; la \u00ab\u00a0bonne foi\u00a0\u00bb des uns est \u00ab\u00a0la mauvaise foi\u00a0\u00bb des autres. En outre, l&rsquo;harmonie \u00e0 l&rsquo;int\u00e9rieur des entreprises n&rsquo;est pas naturelle.\u00a0Elle n&rsquo;est d\u2019ailleurs pas souhaitable, car elle peut d\u00e9boucher sur le\u00a0conformisme\u00a0et la\u00a0st\u00e9rilisation des id\u00e9es. Une dose [&hellip;]<\/p>\n","protected":false},"author":2,"featured_media":3328,"comment_status":"open","ping_status":"closed","sticky":false,"template":"","format":"standard","meta":{"footnotes":""},"categories":[51],"tags":[93,77,69],"class_list":["post-590","post","type-post","status-publish","format-standard","has-post-thumbnail","hentry","category-gestion-des-conflits","tag-affirmation-de-soi","tag-gestion-de-conflits","tag-techniques-de-communication"],"yoast_head":"<!-- This site is optimized with the Yoast SEO plugin v28.3 - https:\/\/yoast.com\/product\/yoast-seo-wordpress\/ -->\n<title>D\u00e9finition de &quot;l&#039;affirmation pacifi\u00e9e&quot; - HR4Free<\/title>\n<meta name=\"robots\" content=\"noindex, follow, max-snippet:-1, max-image-preview:large, max-video-preview:-1\" \/>\n<meta property=\"og:locale\" content=\"fr_FR\" \/>\n<meta property=\"og:type\" content=\"article\" \/>\n<meta property=\"og:title\" content=\"D\u00e9finition de &quot;l&#039;affirmation pacifi\u00e9e&quot; - HR4Free\" \/>\n<meta property=\"og:description\" content=\"Dans le milieu professionnel, les relations humaines nous font p\u00e9n\u00e9trer dans un monde incertain, contradictoire et conflictuel.\u00a0Chacun d\u00e9fend ses\u00a0int\u00e9r\u00eats\u00a0; la \u00ab\u00a0bonne foi\u00a0\u00bb des uns est \u00ab\u00a0la mauvaise foi\u00a0\u00bb des autres. En outre, l&rsquo;harmonie \u00e0 l&rsquo;int\u00e9rieur des entreprises n&rsquo;est pas naturelle.\u00a0Elle n&rsquo;est d\u2019ailleurs pas souhaitable, car elle peut d\u00e9boucher sur le\u00a0conformisme\u00a0et la\u00a0st\u00e9rilisation des id\u00e9es. Une dose [&hellip;]\" \/>\n<meta property=\"og:url\" content=\"https:\/\/hr4free.com\/fr\/Gestion-des-conflits\/D\u00e9finition-affirmation-de-soi-en-entreprise\/\" \/>\n<meta property=\"og:site_name\" content=\"HR4Free\" \/>\n<meta property=\"article:published_time\" content=\"2019-07-27T14:33:44+00:00\" \/>\n<meta property=\"og:image\" content=\"https:\/\/hr4free.com\/wp-content\/uploads\/2019\/02\/brainstorming-3503419_1280-e1561738076205-II-1.jpg\" \/>\n\t<meta property=\"og:image:width\" content=\"1280\" \/>\n\t<meta property=\"og:image:height\" content=\"906\" \/>\n\t<meta property=\"og:image:type\" content=\"image\/jpeg\" \/>\n<meta name=\"author\" content=\"Vincent Held\" \/>\n<meta name=\"twitter:card\" content=\"summary_large_image\" \/>\n<meta name=\"twitter:label1\" content=\"\u00c9crit par\" \/>\n\t<meta name=\"twitter:data1\" content=\"Vincent Held\" \/>\n\t<meta name=\"twitter:label2\" content=\"Dur\u00e9e de lecture estim\u00e9e\" \/>\n\t<meta name=\"twitter:data2\" content=\"1 minute\" \/>\n<script type=\"application\/ld+json\" class=\"yoast-schema-graph\">{\"@context\":\"https:\\\/\\\/schema.org\",\"@graph\":[{\"@type\":\"Article\",\"@id\":\"https:\\\/\\\/hr4free.com\\\/fr\\\/Gestion-des-conflits\\\/D%C3%A9finition-affirmation-de-soi-en-entreprise\\\/#article\",\"isPartOf\":{\"@id\":\"https:\\\/\\\/hr4free.com\\\/fr\\\/Gestion-des-conflits\\\/D%C3%A9finition-affirmation-de-soi-en-entreprise\\\/\"},\"author\":{\"name\":\"Vincent Held\",\"@id\":\"https:\\\/\\\/hr4free.com\\\/fr\\\/#\\\/schema\\\/person\\\/84d24e645aa7c9881a9be32447ad1f0e\"},\"headline\":\"D\u00e9finition de \u00ab\u00a0l&rsquo;affirmation pacifi\u00e9e\u00a0\u00bb\",\"datePublished\":\"2019-07-27T14:33:44+00:00\",\"mainEntityOfPage\":{\"@id\":\"https:\\\/\\\/hr4free.com\\\/fr\\\/Gestion-des-conflits\\\/D%C3%A9finition-affirmation-de-soi-en-entreprise\\\/\"},\"wordCount\":262,\"commentCount\":0,\"image\":{\"@id\":\"https:\\\/\\\/hr4free.com\\\/fr\\\/Gestion-des-conflits\\\/D%C3%A9finition-affirmation-de-soi-en-entreprise\\\/#primaryimage\"},\"thumbnailUrl\":\"https:\\\/\\\/hr4free.com\\\/wp-content\\\/uploads\\\/2019\\\/02\\\/brainstorming-3503419_1280-e1561738076205-II-1.jpg\",\"keywords\":[\"affirmation de soi\",\"gestion de conflits\",\"techniques de communication\"],\"articleSection\":[\"Gestion des conflits\"],\"inLanguage\":\"fr-FR\",\"potentialAction\":[{\"@type\":\"CommentAction\",\"name\":\"Comment\",\"target\":[\"https:\\\/\\\/hr4free.com\\\/fr\\\/Gestion-des-conflits\\\/D%C3%A9finition-affirmation-de-soi-en-entreprise\\\/#respond\"]}]},{\"@type\":\"WebPage\",\"@id\":\"https:\\\/\\\/hr4free.com\\\/fr\\\/Gestion-des-conflits\\\/D%C3%A9finition-affirmation-de-soi-en-entreprise\\\/\",\"url\":\"https:\\\/\\\/hr4free.com\\\/fr\\\/Gestion-des-conflits\\\/D%C3%A9finition-affirmation-de-soi-en-entreprise\\\/\",\"name\":\"D\u00e9finition de \\\"l'affirmation pacifi\u00e9e\\\" - HR4Free\",\"isPartOf\":{\"@id\":\"https:\\\/\\\/hr4free.com\\\/fr\\\/#website\"},\"primaryImageOfPage\":{\"@id\":\"https:\\\/\\\/hr4free.com\\\/fr\\\/Gestion-des-conflits\\\/D%C3%A9finition-affirmation-de-soi-en-entreprise\\\/#primaryimage\"},\"image\":{\"@id\":\"https:\\\/\\\/hr4free.com\\\/fr\\\/Gestion-des-conflits\\\/D%C3%A9finition-affirmation-de-soi-en-entreprise\\\/#primaryimage\"},\"thumbnailUrl\":\"https:\\\/\\\/hr4free.com\\\/wp-content\\\/uploads\\\/2019\\\/02\\\/brainstorming-3503419_1280-e1561738076205-II-1.jpg\",\"datePublished\":\"2019-07-27T14:33:44+00:00\",\"author\":{\"@id\":\"https:\\\/\\\/hr4free.com\\\/fr\\\/#\\\/schema\\\/person\\\/84d24e645aa7c9881a9be32447ad1f0e\"},\"breadcrumb\":{\"@id\":\"https:\\\/\\\/hr4free.com\\\/fr\\\/Gestion-des-conflits\\\/D%C3%A9finition-affirmation-de-soi-en-entreprise\\\/#breadcrumb\"},\"inLanguage\":\"fr-FR\",\"potentialAction\":[{\"@type\":\"ReadAction\",\"target\":[\"https:\\\/\\\/hr4free.com\\\/fr\\\/Gestion-des-conflits\\\/D%C3%A9finition-affirmation-de-soi-en-entreprise\\\/\"]}]},{\"@type\":\"ImageObject\",\"inLanguage\":\"fr-FR\",\"@id\":\"https:\\\/\\\/hr4free.com\\\/fr\\\/Gestion-des-conflits\\\/D%C3%A9finition-affirmation-de-soi-en-entreprise\\\/#primaryimage\",\"url\":\"https:\\\/\\\/hr4free.com\\\/wp-content\\\/uploads\\\/2019\\\/02\\\/brainstorming-3503419_1280-e1561738076205-II-1.jpg\",\"contentUrl\":\"https:\\\/\\\/hr4free.com\\\/wp-content\\\/uploads\\\/2019\\\/02\\\/brainstorming-3503419_1280-e1561738076205-II-1.jpg\",\"width\":1280,\"height\":906},{\"@type\":\"BreadcrumbList\",\"@id\":\"https:\\\/\\\/hr4free.com\\\/fr\\\/Gestion-des-conflits\\\/D%C3%A9finition-affirmation-de-soi-en-entreprise\\\/#breadcrumb\",\"itemListElement\":[{\"@type\":\"ListItem\",\"position\":1,\"name\":\"Accueil\",\"item\":\"https:\\\/\\\/hr4free.com\\\/fr\\\/\"},{\"@type\":\"ListItem\",\"position\":2,\"name\":\"D\u00e9finition de \u00ab\u00a0l&rsquo;affirmation pacifi\u00e9e\u00a0\u00bb\"}]},{\"@type\":\"WebSite\",\"@id\":\"https:\\\/\\\/hr4free.com\\\/fr\\\/#website\",\"url\":\"https:\\\/\\\/hr4free.com\\\/fr\\\/\",\"name\":\"HR4Free\",\"description\":\"\",\"potentialAction\":[{\"@type\":\"SearchAction\",\"target\":{\"@type\":\"EntryPoint\",\"urlTemplate\":\"https:\\\/\\\/hr4free.com\\\/fr\\\/?s={search_term_string}\"},\"query-input\":{\"@type\":\"PropertyValueSpecification\",\"valueRequired\":true,\"valueName\":\"search_term_string\"}}],\"inLanguage\":\"fr-FR\"},{\"@type\":\"Person\",\"@id\":\"https:\\\/\\\/hr4free.com\\\/fr\\\/#\\\/schema\\\/person\\\/84d24e645aa7c9881a9be32447ad1f0e\",\"name\":\"Vincent Held\",\"image\":{\"@type\":\"ImageObject\",\"inLanguage\":\"fr-FR\",\"@id\":\"https:\\\/\\\/secure.gravatar.com\\\/avatar\\\/be36bf09642c9a45643e0c1448d76514bccae85470051c70db9496b705696675?s=96&d=mm&r=g\",\"url\":\"https:\\\/\\\/secure.gravatar.com\\\/avatar\\\/be36bf09642c9a45643e0c1448d76514bccae85470051c70db9496b705696675?s=96&d=mm&r=g\",\"contentUrl\":\"https:\\\/\\\/secure.gravatar.com\\\/avatar\\\/be36bf09642c9a45643e0c1448d76514bccae85470051c70db9496b705696675?s=96&d=mm&r=g\",\"caption\":\"Vincent Held\"},\"url\":\"https:\\\/\\\/hr4free.com\\\/fr\\\/author\\\/vincent\\\/\"}]}<\/script>\n<!-- \/ Yoast SEO plugin. -->","yoast_head_json":{"title":"D\u00e9finition de \"l'affirmation pacifi\u00e9e\" - HR4Free","robots":{"index":"noindex","follow":"follow","max-snippet":"max-snippet:-1","max-image-preview":"max-image-preview:large","max-video-preview":"max-video-preview:-1"},"og_locale":"fr_FR","og_type":"article","og_title":"D\u00e9finition de \"l'affirmation pacifi\u00e9e\" - HR4Free","og_description":"Dans le milieu professionnel, les relations humaines nous font p\u00e9n\u00e9trer dans un monde incertain, contradictoire et conflictuel.\u00a0Chacun d\u00e9fend ses\u00a0int\u00e9r\u00eats\u00a0; la \u00ab\u00a0bonne foi\u00a0\u00bb des uns est \u00ab\u00a0la mauvaise foi\u00a0\u00bb des autres. En outre, l&rsquo;harmonie \u00e0 l&rsquo;int\u00e9rieur des entreprises n&rsquo;est pas naturelle.\u00a0Elle n&rsquo;est d\u2019ailleurs pas souhaitable, car elle peut d\u00e9boucher sur le\u00a0conformisme\u00a0et la\u00a0st\u00e9rilisation des id\u00e9es. Une dose [&hellip;]","og_url":"https:\/\/hr4free.com\/fr\/Gestion-des-conflits\/D\u00e9finition-affirmation-de-soi-en-entreprise\/","og_site_name":"HR4Free","article_published_time":"2019-07-27T14:33:44+00:00","og_image":[{"width":1280,"height":906,"url":"https:\/\/hr4free.com\/wp-content\/uploads\/2019\/02\/brainstorming-3503419_1280-e1561738076205-II-1.jpg","type":"image\/jpeg"}],"author":"Vincent Held","twitter_card":"summary_large_image","twitter_misc":{"\u00c9crit par":"Vincent Held","Dur\u00e9e de lecture estim\u00e9e":"1 minute"},"schema":{"@context":"https:\/\/schema.org","@graph":[{"@type":"Article","@id":"https:\/\/hr4free.com\/fr\/Gestion-des-conflits\/D%C3%A9finition-affirmation-de-soi-en-entreprise\/#article","isPartOf":{"@id":"https:\/\/hr4free.com\/fr\/Gestion-des-conflits\/D%C3%A9finition-affirmation-de-soi-en-entreprise\/"},"author":{"name":"Vincent Held","@id":"https:\/\/hr4free.com\/fr\/#\/schema\/person\/84d24e645aa7c9881a9be32447ad1f0e"},"headline":"D\u00e9finition de \u00ab\u00a0l&rsquo;affirmation pacifi\u00e9e\u00a0\u00bb","datePublished":"2019-07-27T14:33:44+00:00","mainEntityOfPage":{"@id":"https:\/\/hr4free.com\/fr\/Gestion-des-conflits\/D%C3%A9finition-affirmation-de-soi-en-entreprise\/"},"wordCount":262,"commentCount":0,"image":{"@id":"https:\/\/hr4free.com\/fr\/Gestion-des-conflits\/D%C3%A9finition-affirmation-de-soi-en-entreprise\/#primaryimage"},"thumbnailUrl":"https:\/\/hr4free.com\/wp-content\/uploads\/2019\/02\/brainstorming-3503419_1280-e1561738076205-II-1.jpg","keywords":["affirmation de soi","gestion de conflits","techniques de communication"],"articleSection":["Gestion des conflits"],"inLanguage":"fr-FR","potentialAction":[{"@type":"CommentAction","name":"Comment","target":["https:\/\/hr4free.com\/fr\/Gestion-des-conflits\/D%C3%A9finition-affirmation-de-soi-en-entreprise\/#respond"]}]},{"@type":"WebPage","@id":"https:\/\/hr4free.com\/fr\/Gestion-des-conflits\/D%C3%A9finition-affirmation-de-soi-en-entreprise\/","url":"https:\/\/hr4free.com\/fr\/Gestion-des-conflits\/D%C3%A9finition-affirmation-de-soi-en-entreprise\/","name":"D\u00e9finition de \"l'affirmation pacifi\u00e9e\" - HR4Free","isPartOf":{"@id":"https:\/\/hr4free.com\/fr\/#website"},"primaryImageOfPage":{"@id":"https:\/\/hr4free.com\/fr\/Gestion-des-conflits\/D%C3%A9finition-affirmation-de-soi-en-entreprise\/#primaryimage"},"image":{"@id":"https:\/\/hr4free.com\/fr\/Gestion-des-conflits\/D%C3%A9finition-affirmation-de-soi-en-entreprise\/#primaryimage"},"thumbnailUrl":"https:\/\/hr4free.com\/wp-content\/uploads\/2019\/02\/brainstorming-3503419_1280-e1561738076205-II-1.jpg","datePublished":"2019-07-27T14:33:44+00:00","author":{"@id":"https:\/\/hr4free.com\/fr\/#\/schema\/person\/84d24e645aa7c9881a9be32447ad1f0e"},"breadcrumb":{"@id":"https:\/\/hr4free.com\/fr\/Gestion-des-conflits\/D%C3%A9finition-affirmation-de-soi-en-entreprise\/#breadcrumb"},"inLanguage":"fr-FR","potentialAction":[{"@type":"ReadAction","target":["https:\/\/hr4free.com\/fr\/Gestion-des-conflits\/D%C3%A9finition-affirmation-de-soi-en-entreprise\/"]}]},{"@type":"ImageObject","inLanguage":"fr-FR","@id":"https:\/\/hr4free.com\/fr\/Gestion-des-conflits\/D%C3%A9finition-affirmation-de-soi-en-entreprise\/#primaryimage","url":"https:\/\/hr4free.com\/wp-content\/uploads\/2019\/02\/brainstorming-3503419_1280-e1561738076205-II-1.jpg","contentUrl":"https:\/\/hr4free.com\/wp-content\/uploads\/2019\/02\/brainstorming-3503419_1280-e1561738076205-II-1.jpg","width":1280,"height":906},{"@type":"BreadcrumbList","@id":"https:\/\/hr4free.com\/fr\/Gestion-des-conflits\/D%C3%A9finition-affirmation-de-soi-en-entreprise\/#breadcrumb","itemListElement":[{"@type":"ListItem","position":1,"name":"Accueil","item":"https:\/\/hr4free.com\/fr\/"},{"@type":"ListItem","position":2,"name":"D\u00e9finition de \u00ab\u00a0l&rsquo;affirmation pacifi\u00e9e\u00a0\u00bb"}]},{"@type":"WebSite","@id":"https:\/\/hr4free.com\/fr\/#website","url":"https:\/\/hr4free.com\/fr\/","name":"HR4Free","description":"","potentialAction":[{"@type":"SearchAction","target":{"@type":"EntryPoint","urlTemplate":"https:\/\/hr4free.com\/fr\/?s={search_term_string}"},"query-input":{"@type":"PropertyValueSpecification","valueRequired":true,"valueName":"search_term_string"}}],"inLanguage":"fr-FR"},{"@type":"Person","@id":"https:\/\/hr4free.com\/fr\/#\/schema\/person\/84d24e645aa7c9881a9be32447ad1f0e","name":"Vincent Held","image":{"@type":"ImageObject","inLanguage":"fr-FR","@id":"https:\/\/secure.gravatar.com\/avatar\/be36bf09642c9a45643e0c1448d76514bccae85470051c70db9496b705696675?s=96&d=mm&r=g","url":"https:\/\/secure.gravatar.com\/avatar\/be36bf09642c9a45643e0c1448d76514bccae85470051c70db9496b705696675?s=96&d=mm&r=g","contentUrl":"https:\/\/secure.gravatar.com\/avatar\/be36bf09642c9a45643e0c1448d76514bccae85470051c70db9496b705696675?s=96&d=mm&r=g","caption":"Vincent Held"},"url":"https:\/\/hr4free.com\/fr\/author\/vincent\/"}]}},"_links":{"self":[{"href":"https:\/\/hr4free.com\/fr\/wp-json\/wp\/v2\/posts\/590","targetHints":{"allow":["GET"]}}],"collection":[{"href":"https:\/\/hr4free.com\/fr\/wp-json\/wp\/v2\/posts"}],"about":[{"href":"https:\/\/hr4free.com\/fr\/wp-json\/wp\/v2\/types\/post"}],"author":[{"embeddable":true,"href":"https:\/\/hr4free.com\/fr\/wp-json\/wp\/v2\/users\/2"}],"replies":[{"embeddable":true,"href":"https:\/\/hr4free.com\/fr\/wp-json\/wp\/v2\/comments?post=590"}],"version-history":[{"count":3,"href":"https:\/\/hr4free.com\/fr\/wp-json\/wp\/v2\/posts\/590\/revisions"}],"predecessor-version":[{"id":4213,"href":"https:\/\/hr4free.com\/fr\/wp-json\/wp\/v2\/posts\/590\/revisions\/4213"}],"wp:featuredmedia":[{"embeddable":true,"href":"https:\/\/hr4free.com\/fr\/wp-json\/wp\/v2\/media\/3328"}],"wp:attachment":[{"href":"https:\/\/hr4free.com\/fr\/wp-json\/wp\/v2\/media?parent=590"}],"wp:term":[{"taxonomy":"category","embeddable":true,"href":"https:\/\/hr4free.com\/fr\/wp-json\/wp\/v2\/categories?post=590"},{"taxonomy":"post_tag","embeddable":true,"href":"https:\/\/hr4free.com\/fr\/wp-json\/wp\/v2\/tags?post=590"}],"curies":[{"name":"wp","href":"https:\/\/api.w.org\/{rel}","templated":true}]}}