{"id":422,"date":"2019-02-04T16:05:14","date_gmt":"2019-02-04T16:05:14","guid":{"rendered":"http:\/\/hr4free.web-romandie.ch\/?p=422"},"modified":"2022-08-04T09:33:18","modified_gmt":"2022-08-04T09:33:18","slug":"outils-du-gestionnaire-rh-marketing-rh-et-creation-developpement-image-employeur-etude-de-cas","status":"publish","type":"post","link":"https:\/\/hr4free.com\/fr\/Outils-du-Gestionnaire-RH\/Marketing-RH-et-cr%C3%A9ation-d%C3%A9veloppement-image-employeur-Etude-de-cas","title":{"rendered":"Le marketing RH et le d\u00e9veloppement de l&rsquo;image employeur &#8211; \u00c9tude de cas"},"content":{"rendered":"<p><strong>Le but du marketing RH est de permettre \u00e0 l\u2019entreprise de\u00a0<\/strong><strong>s\u00e9duire les jeunes dipl\u00f4m\u00e9s, les commerciaux ou encore les cadres<\/strong>, de contribuer \u00e0 mobiliser ses forces autour d&rsquo;objectifs commerciaux, de motiver les \u00ab\u00a0rescap\u00e9s\u00a0\u00bb des plans sociaux, et de fournir des perspectives \u00e0 des cadres dont la carri\u00e8re semble bloqu\u00e9e.<\/p>\n<p><strong>Compter sur sa seule notori\u00e9t\u00e9 ne suffit plus.\u00a0<\/strong>Avec le rythme des mutations (fusions, acquisitions, \u00e9volutions des techniques et des m\u00e9tiers), mais aussi du fait du taux de renouvellement des collaborateurs qui s&rsquo;acc\u00e9l\u00e8re, vendre l&rsquo;image employeur de l&rsquo;entreprise est devenu quelque chose d&rsquo;essentiel.<\/p>\n<p><strong>Maintenir et d\u00e9velopper une visibilit\u00e9 de l&rsquo;entreprise qui s\u2019appuie sur un\u00a0<b>message<\/b>\u00a0clair et attractif, bas\u00e9 sur des\u00a0<b>valeurs<\/b><\/strong><strong>\u00a0fortes et vivantes<\/strong>, constitue donc un v\u00e9ritable\u00a0<em>enjeu strat\u00e9gique<\/em>, et ce tant \u00e0 l&rsquo;interne qu&rsquo;\u00e0 l&rsquo;externe.<\/p>\n<h5 style=\"text-align: center;\"><strong>OUTILS<\/strong><\/h5>\n<p><strong>Pour construire une image d&#8217;employeur cr\u00e9dible, il est important de composer un groupe de projet pluridisciplinaire\u00a0<\/strong>(cadres et collaborateurs de la ligne, de m\u00eame que du marketing et de la vente), qui suivra une\u00a0<b><a href=\"http:\/\/www.hr4free.com\/PDF_Files\/Blog_RH_corporate_identity_schema.pdf\" target=\"_blank\" rel=\"noopener noreferrer\" data-cke-saved-href=\"http:\/\/www.hr4free.com\/PDF_Files\/Blog_RH_corporate_identity_schema.pdf\">m\u00e9thodologie sp\u00e9cifique (sch\u00e9ma des \u00e9tapes du projet)<\/a><\/b>.<\/p>\n<p>A noter que la\u00a0<em>mise en \u0153uvre<\/em>\u00a0proprement dite, ainsi que son\u00a0<em>contr\u00f4le\u00a0<\/em>et son\u00a0<em>suivi<\/em>\u00a0reviendront, eux, au d\u00e9partement des Ressources Humaines.<\/p>\n<p>Ce processus m\u00e8nera \u00e0 l\u2019\u00e9tablissement d\u2019un\u00a0<b><a href=\"http:\/\/www.hr4free.com\/PDF_Files\/Blog_RH_corporate_identity_moyens.pdf\" target=\"_blank\" rel=\"noopener noreferrer\" data-cke-saved-href=\"http:\/\/www.hr4free.com\/PDF_Files\/Blog_RH_corporate_identity_moyens.pdf\">double plan d\u2019action (exemple)<\/a><\/b>, qui repose sur des\u00a0<em>outils sp\u00e9cifiques\u00a0<\/em>(marketing externe ET interne).<\/p>\n<h5 style=\"text-align: center;\"><strong>PRATIQUE<\/strong><\/h5>\n<p>Le projet de d\u00e9veloppement de l&rsquo;image employeur de l&rsquo;entreprise suivra donc les \u00e9tapes suivantes:<\/p>\n<p><b>1. Le diagnostic terrain:<\/b>\u00a0La premi\u00e8re action du groupe sera donc de r\u00e9aliser un diagnostic terrain, qui permettra de\u00a0s&rsquo;assurer que<b>\u00a0<\/b>la vision d\u00e9gag\u00e9e est partag\u00e9e par les collaborateurs et qu\u2019elle correspond \u00e0 la r\u00e9alit\u00e9.<\/p>\n<p><em>Visites de sites de production<\/em>\u00a0pour mieux appr\u00e9hender la mani\u00e8re dont sont v\u00e9cues la culture\u00a0et les valeurs\u00a0de l&rsquo;entreprise,\u00a0<em>tourn\u00e9es avec un commercial\u00a0<\/em>pour rencontrer des clients de l&rsquo;entreprise ou encore\u00a0<em>interviews des nouveaux collaborateurs<\/em>\u00a0pour recueillir leurs perceptions sur l\u2019entreprise avant et apr\u00e8s y \u00eatre entr\u00e9s, permettront de collecter ces informations \u00e0 la source.<\/p>\n<p>(A lire \u00e9galement, l&rsquo;article\u00a0<a href=\"https:\/\/hr4free.com\/fr\/Outils-du-Gestionnaire-RH\/Marketing-RH-et-cr%C3%A9ation-d%C3%A9veloppement-image-employeur-Exercice\" target=\"_blank\" rel=\"noopener noreferrer\" data-cke-saved-href=\"https:\/\/hr4free.com\/fr\/Outils-du-Gestionnaire-RH\/Marketing-RH-et-cr\u00e9ation-d\u00e9veloppement-image-employeur-Exercice\"><strong>\u00ab\u00a0Prestations RH et promotion de l&rsquo;image d&#8217;employeur\u00a0\u00bb<\/strong><\/a>, qui vous proposer d&rsquo;\u00e9valuer la mani\u00e8re dont les prestations de votre d\u00e9partement RH contribuent \u00e0 la promotion de l&rsquo;image de votre organisation.)<\/p>\n<p><b>2. La raison d\u2019\u00eatre:<\/b>\u00a0Il s\u2019agit de r\u00e9pondre \u00e0 la question-cl\u00e9\u00a0<em>\u00ab\u00a0pourquoi sommes-nous l\u00e0?\u00a0\u00bb<\/em>, ou encore\u00a0<em>\u00ab\u00a0pour qui travaillons-nous?\u00a0\u00bb<\/em>. Le fait, par exemple, de donner la priorit\u00e9 \u00e0 la trop fameuse\u00a0<em>shareholder value\u00a0<\/em><em>e<\/em>n tant que fin en soi plut\u00f4t que moyen, a pour cons\u00e9quence une perte totale de la perception de la raison d\u2019\u00eatre de toute entreprise.\u00a0Il faut donc redonner aux employ\u00e9s la notion qu\u2019ils construisent quelque chose qui a du sens.<\/p>\n<p><b>3. La mission:<\/b>\u00a0\u00ab\u00a0Quels sont ses objectifs \u00e0 long terme?\u00a0\u00bb, \u00ab\u00a0Comment les objectifs doivent-ils \u00eatre atteints et avec qui?\u00a0\u00bb, \u00ab\u00a0Comment traiterons-nous nos collaborateurs?\u00a0\u00bb\u00a0La mission r\u00e9pondra \u00e0 toutes ces questions et servira de guide de comportement \u00e0 tous les acteurs de l\u2019entreprise.\u00a0Le contenu devra \u00e9galement d\u00e9finir exactement en quoi l\u2019entreprise se diff\u00e9rencie de la concurrence.<\/p>\n<p><b>4. La charte d&rsquo;entreprise:\u00a0<\/b>Cette r\u00e9daction doit \u00eatre entreprise avec l&rsquo;ensemble des acteurs de l&rsquo;entreprise. Elle doit en outre \u00eatre le reflet de la\u00a0<em>r\u00e9alit\u00e9<\/em>.\u00a0Trop souvent, la r\u00e9daction d\u2019une charte est confi\u00e9e \u00e0 quelques \u00e9rudits, gourous du management, tr\u00e8s \u00e9loign\u00e9s des r\u00e9alit\u00e9s de l\u2019entreprise.\u00a0Le r\u00e9sultat en est souvent une charte vide de contenu et \u00e0 laquelle personne ne s\u2019identifie.<\/p>\n<p><b>5. Les tests:\u00a0<\/b>Le premier public reste le public interne. Il est donc essentiel que les diff\u00e9rents projets et les messages soient d&rsquo;abord pr\u00e9sent\u00e9s dans le cadre de\u00a0<em>tables rondes<\/em>. Une telle action contribue aussi au positionnement des Ressources Humaines aupr\u00e8s des collaborateurs et repr\u00e9sente un facteur d&rsquo;adh\u00e9sion.<\/p>\n<p><b>6. Le plan d&rsquo;action externe:<\/b>\u00a0C&rsquo;est \u00e0 partir de ce point-l\u00e0 qu&rsquo;entrent en ligne de compte la\u00a0<em>double approche interne\/externe<\/em>\u00a0et le recours \u00e0 des outils distincts. Ajoutons encore que chaque plan de communication doit identifier la ou les\u00a0<em>cibles r\u00e9ceptrices<\/em>.\u00a0<u>Il est ainsi n\u00e9cessaire de s\u2019assurer que les r\u00e9cepteurs ne sont pas inond\u00e9s d\u2019informations qui ne les concernent pas<\/u>.<\/p>\n<p><b>7. Le plan d&rsquo;action interne:<\/b>\u00a0D&rsquo;une mani\u00e8re g\u00e9n\u00e9rale, on peut dire que la vente de l&rsquo;image employeur de l&rsquo;entreprise en interne est devenu quelque chose de tr\u00e8s important. Plusieurs facteurs convergents sont \u00e0 mettre en avant. Tout d&rsquo;abord, le\u00a0<em>lien entre l&rsquo;entreprise et ses collaborateurs<\/em>\u00a0s&rsquo;est consid\u00e9rablement modifi\u00e9. D&rsquo;autre part, la<em>\u00a0pression de la concurrence<\/em>\u00a0oblige les entreprises aujourd&rsquo;hui \u00e0 des efforts d&rsquo;information et de formation sans pr\u00e9c\u00e9dent.\u00a0<u>Tout le monde est mobilis\u00e9, quelle que soit sa fonction, vers la r\u00e9alisation des objectifs<\/u>.<\/p>\n<p>Enfin, le glissement en termes de responsabilit\u00e9s des Ressources Humaines (notion de\u00a0<em>\u00ab\u00a0Business Partner\u00a0\u00bb<\/em>), fait de ses responsables des chefs de projet d\u00e9sign\u00e9s pour la promotion de l&rsquo;image employeur \u00e0 l&rsquo;interne.<\/p>\n<h5 style=\"text-align: center;\"><strong>\u00c9TUDE DE CAS<\/strong><\/h5>\n<p><strong>Pour illustrer la d\u00e9marche, nous allons consid\u00e9rer l\u2019exemple r\u00e9el du groupe \u00e9quipementier automobile X.<\/strong>, qui emploie plus de 50&rsquo;000 collaborateurs dans une vingtaine de pays et pr\u00e9sente une gestion extr\u00eamement d\u00e9centralis\u00e9e, avec 10 branches d\u2019activit\u00e9 et une centaine de divisions.<\/p>\n<p><strong>Jusqu&rsquo;au d\u00e9but des ann\u00e9es 1990, chaque division conduisait ainsi sa strat\u00e9gie RH de mani\u00e8re autonome<\/strong>\u00a0et traitait directement avec les prestataires pour l&rsquo;identification et la mise en place des moyens de recrutement.<\/p>\n<p>Pour faire face \u00e0 la\u00a0<u>n\u00e9cessit\u00e9 de recruter quelque 1000 ing\u00e9nieurs chaque ann\u00e9e<\/u>, il fallait faire passer le message et rendre l&rsquo;entreprise attractive, afin de susciter un mouvement de jeunes ing\u00e9nieurs et de jeunes dipl\u00f4m\u00e9s vers le groupe.<\/p>\n<p><strong>Le groupe a ainsi ouvert un site Internet dans lequel les Ressources Humaines jouent un r\u00f4le important.\u00a0<\/strong>Le site comprend des rubriques de pr\u00e9sentation du groupe, de sa strat\u00e9gie, de son organisation, de ses produits, de ses implantations g\u00e9ographiques et de ses r\u00e9sultats financiers. Il propose \u00e9galement un sous-ensemble\u00a0<em>\u00ab\u00a0Carri\u00e8res et emplois\u00a0\u00bb<\/em>. Toutes les divisions transmettent leurs annonces \u00e0 un op\u00e9rateur unique, qui a pour mission de les mettre sur le Web. Il est \u00e0 noter que\u00a0<u>si les annonces sont centralis\u00e9es, les r\u00e9ponses, en revanche, sont directement envoy\u00e9es par les candidats au recruteur local<\/u>, dans la langue de leur pays.<\/p>\n<p>\u00ab\u00a0<em>Ce site est une occasion de renforcer la visibilit\u00e9 du groupe, il va jouer un r\u00f4le de locomotive, en drainant encore davantage de visiteurs, ce qui favorisera une meilleure connaissance de l&rsquo;entreprise et lui conf\u00e9rera, \u00e0 travers le niveau des recrutements, une image de grand dynamisme et de rayonnement international\u00a0\u00bb<\/em>, explique le Directeur de la Communication du groupe.<\/p>\n<p>Le groupe X. utilise d\u00e9sormais les\u00a0<a href=\"http:\/\/www.hr4free.com\/fr\/Recherche-du-collaborateur\/R%C3%A9daction-annonce-de-recrutement-offre-emploi\" target=\"_blank\" rel=\"noopener noreferrer\" data-cke-saved-href=\"http:\/\/www.hr4free.com\/fr\/Recherche-du-collaborateur\/R%C3%A9daction-annonce-de-recrutement-offre-emploi\"><b>annonces de recrutement (guide de r\u00e9daction)<\/b><\/a>\u00a0\u00e9galement comme vecteur institutionnel.\u00a0<strong>Une charte a \u00e9t\u00e9 con\u00e7ue, qui fixe les exigences graphiques et r\u00e9dactionnelles auxquelles celles-ci doivent r\u00e9pondre<\/strong>, et chacune d\u2019entre elles contient un court texte de\u00a0<em>pr\u00e9sentation du groupe<\/em>.<\/p>\n<p>Par ailleurs,\u00a0<strong>l&rsquo;achat d&rsquo;espace pour les annonces est g\u00e9r\u00e9, pour tout le groupe, par le m\u00eame prestataire.\u00a0<\/strong>Le Directeur de la communication rel\u00e8ve encore \u00e0 ce propose:<\/p>\n<p><em>\u00ab\u00a0La corr\u00e9lation entre la politique des Ressources Humaines du groupe et sa strat\u00e9gie de communication est \u00e9vidente\u2026Nous souffrions d&rsquo;un d\u00e9ficit d&rsquo;image vis-\u00e0-vis des jeunes dipl\u00f4m\u00e9s, puisque nous n&rsquo;avions pas de pr\u00e9sence institutionnelle forte \u2013 si ce n&rsquo;est \u00e0 travers notre communication financi\u00e8re.\u00a0\u00bb<\/em><\/p>\n<p><em>\u00ab\u00a0<\/em><em>Notre communication est surtout une communication directe, business to business, avec nos 30 \u00e0 40 grands clients constructeurs dans le monde. La r\u00e9p\u00e9tition syst\u00e9matique du logo dans les annonces de recrutement internationales pour des postes d&rsquo;ing\u00e9nieurs, a donc permis de diffuser cette image high-tech qui est r\u00e9ellement la n\u00f4tre\u00a0\u00bb.<\/em><\/p>\n","protected":false},"excerpt":{"rendered":"<p>Le but du marketing RH est de permettre \u00e0 l\u2019entreprise de\u00a0s\u00e9duire les jeunes dipl\u00f4m\u00e9s, les commerciaux ou encore les cadres, de contribuer \u00e0 mobiliser ses forces autour d&rsquo;objectifs commerciaux, de motiver les \u00ab\u00a0rescap\u00e9s\u00a0\u00bb des plans sociaux, et de fournir des perspectives \u00e0 des cadres dont la carri\u00e8re semble bloqu\u00e9e. Compter sur sa seule notori\u00e9t\u00e9 ne [&hellip;]<\/p>\n","protected":false},"author":3,"featured_media":397,"comment_status":"open","ping_status":"closed","sticky":false,"template":"","format":"standard","meta":{"footnotes":""},"categories":[41,20],"tags":[128,346,124],"class_list":["post-422","post","type-post","status-publish","format-standard","has-post-thumbnail","hentry","category-reseaux-sociaux-et-recrutement","category-strategie-et-politiques-rh","tag-developpement-strategique","tag-marketing-rh","tag-ressources-humaines"],"yoast_head":"<!-- This site is optimized with the Yoast SEO plugin v28.3 - https:\/\/yoast.com\/product\/yoast-seo-wordpress\/ -->\n<title>Le marketing RH et le d\u00e9veloppement de l&#039;image employeur - \u00c9tude de cas - HR4Free<\/title>\n<meta name=\"robots\" content=\"noindex, follow, max-snippet:-1, max-image-preview:large, max-video-preview:-1\" \/>\n<meta property=\"og:locale\" content=\"fr_FR\" \/>\n<meta property=\"og:type\" content=\"article\" \/>\n<meta property=\"og:title\" content=\"Le marketing RH et le d\u00e9veloppement de l&#039;image employeur - \u00c9tude de cas - HR4Free\" \/>\n<meta property=\"og:description\" content=\"Le but du marketing RH est de permettre \u00e0 l\u2019entreprise de\u00a0s\u00e9duire les jeunes dipl\u00f4m\u00e9s, les commerciaux ou encore les cadres, de contribuer \u00e0 mobiliser ses forces autour d&rsquo;objectifs commerciaux, de motiver les \u00ab\u00a0rescap\u00e9s\u00a0\u00bb des plans sociaux, et de fournir des perspectives \u00e0 des cadres dont la carri\u00e8re semble bloqu\u00e9e. Compter sur sa seule notori\u00e9t\u00e9 ne [&hellip;]\" \/>\n<meta property=\"og:url\" content=\"https:\/\/hr4free.com\/fr\/Outils-du-Gestionnaire-RH\/Marketing-RH-et-cr\u00e9ation-d\u00e9veloppement-image-employeur-Etude-de-cas\/\" \/>\n<meta property=\"og:site_name\" content=\"HR4Free\" \/>\n<meta property=\"article:published_time\" content=\"2019-02-04T16:05:14+00:00\" \/>\n<meta property=\"article:modified_time\" content=\"2022-08-04T09:33:18+00:00\" \/>\n<meta property=\"og:image\" content=\"https:\/\/hr4free.com\/wp-content\/uploads\/2019\/02\/bigstock-Cheerful-team-of-business-peop-46616065.jpg\" \/>\n\t<meta property=\"og:image:width\" content=\"664\" \/>\n\t<meta property=\"og:image:height\" content=\"335\" \/>\n\t<meta property=\"og:image:type\" content=\"image\/jpeg\" \/>\n<meta name=\"author\" content=\"admin\" \/>\n<meta name=\"twitter:card\" content=\"summary_large_image\" \/>\n<meta name=\"twitter:label1\" content=\"\u00c9crit par\" \/>\n\t<meta name=\"twitter:data1\" content=\"admin\" \/>\n\t<meta name=\"twitter:label2\" content=\"Dur\u00e9e de lecture estim\u00e9e\" \/>\n\t<meta name=\"twitter:data2\" content=\"7 minutes\" \/>\n<script type=\"application\/ld+json\" class=\"yoast-schema-graph\">{\"@context\":\"https:\\\/\\\/schema.org\",\"@graph\":[{\"@type\":\"Article\",\"@id\":\"https:\\\/\\\/hr4free.com\\\/fr\\\/Outils-du-Gestionnaire-RH\\\/Marketing-RH-et-cr%C3%A9ation-d%C3%A9veloppement-image-employeur-Etude-de-cas\\\/#article\",\"isPartOf\":{\"@id\":\"https:\\\/\\\/hr4free.com\\\/fr\\\/Outils-du-Gestionnaire-RH\\\/Marketing-RH-et-cr%C3%A9ation-d%C3%A9veloppement-image-employeur-Etude-de-cas\\\/\"},\"author\":{\"name\":\"admin\",\"@id\":\"https:\\\/\\\/hr4free.com\\\/fr\\\/#\\\/schema\\\/person\\\/63b4676b4887d228dbc78b611adacc2e\"},\"headline\":\"Le marketing RH et le d\u00e9veloppement de l&rsquo;image employeur &#8211; \u00c9tude de cas\",\"datePublished\":\"2019-02-04T16:05:14+00:00\",\"dateModified\":\"2022-08-04T09:33:18+00:00\",\"mainEntityOfPage\":{\"@id\":\"https:\\\/\\\/hr4free.com\\\/fr\\\/Outils-du-Gestionnaire-RH\\\/Marketing-RH-et-cr%C3%A9ation-d%C3%A9veloppement-image-employeur-Etude-de-cas\\\/\"},\"wordCount\":1372,\"commentCount\":0,\"image\":{\"@id\":\"https:\\\/\\\/hr4free.com\\\/fr\\\/Outils-du-Gestionnaire-RH\\\/Marketing-RH-et-cr%C3%A9ation-d%C3%A9veloppement-image-employeur-Etude-de-cas\\\/#primaryimage\"},\"thumbnailUrl\":\"https:\\\/\\\/hr4free.com\\\/wp-content\\\/uploads\\\/2019\\\/02\\\/bigstock-Cheerful-team-of-business-peop-46616065.jpg\",\"keywords\":[\"d\u00e9veloppement strat\u00e9gique\",\"marketing rh\",\"ressources humaines\"],\"articleSection\":[\"Marketing RH &amp; R\u00e9seaux sociaux\",\"Strat\u00e9gie et politiques RH\"],\"inLanguage\":\"fr-FR\",\"potentialAction\":[{\"@type\":\"CommentAction\",\"name\":\"Comment\",\"target\":[\"https:\\\/\\\/hr4free.com\\\/fr\\\/Outils-du-Gestionnaire-RH\\\/Marketing-RH-et-cr%C3%A9ation-d%C3%A9veloppement-image-employeur-Etude-de-cas\\\/#respond\"]}]},{\"@type\":\"WebPage\",\"@id\":\"https:\\\/\\\/hr4free.com\\\/fr\\\/Outils-du-Gestionnaire-RH\\\/Marketing-RH-et-cr%C3%A9ation-d%C3%A9veloppement-image-employeur-Etude-de-cas\\\/\",\"url\":\"https:\\\/\\\/hr4free.com\\\/fr\\\/Outils-du-Gestionnaire-RH\\\/Marketing-RH-et-cr%C3%A9ation-d%C3%A9veloppement-image-employeur-Etude-de-cas\\\/\",\"name\":\"Le marketing RH et le d\u00e9veloppement de l'image employeur - \u00c9tude de cas - HR4Free\",\"isPartOf\":{\"@id\":\"https:\\\/\\\/hr4free.com\\\/fr\\\/#website\"},\"primaryImageOfPage\":{\"@id\":\"https:\\\/\\\/hr4free.com\\\/fr\\\/Outils-du-Gestionnaire-RH\\\/Marketing-RH-et-cr%C3%A9ation-d%C3%A9veloppement-image-employeur-Etude-de-cas\\\/#primaryimage\"},\"image\":{\"@id\":\"https:\\\/\\\/hr4free.com\\\/fr\\\/Outils-du-Gestionnaire-RH\\\/Marketing-RH-et-cr%C3%A9ation-d%C3%A9veloppement-image-employeur-Etude-de-cas\\\/#primaryimage\"},\"thumbnailUrl\":\"https:\\\/\\\/hr4free.com\\\/wp-content\\\/uploads\\\/2019\\\/02\\\/bigstock-Cheerful-team-of-business-peop-46616065.jpg\",\"datePublished\":\"2019-02-04T16:05:14+00:00\",\"dateModified\":\"2022-08-04T09:33:18+00:00\",\"author\":{\"@id\":\"https:\\\/\\\/hr4free.com\\\/fr\\\/#\\\/schema\\\/person\\\/63b4676b4887d228dbc78b611adacc2e\"},\"breadcrumb\":{\"@id\":\"https:\\\/\\\/hr4free.com\\\/fr\\\/Outils-du-Gestionnaire-RH\\\/Marketing-RH-et-cr%C3%A9ation-d%C3%A9veloppement-image-employeur-Etude-de-cas\\\/#breadcrumb\"},\"inLanguage\":\"fr-FR\",\"potentialAction\":[{\"@type\":\"ReadAction\",\"target\":[\"https:\\\/\\\/hr4free.com\\\/fr\\\/Outils-du-Gestionnaire-RH\\\/Marketing-RH-et-cr%C3%A9ation-d%C3%A9veloppement-image-employeur-Etude-de-cas\\\/\"]}]},{\"@type\":\"ImageObject\",\"inLanguage\":\"fr-FR\",\"@id\":\"https:\\\/\\\/hr4free.com\\\/fr\\\/Outils-du-Gestionnaire-RH\\\/Marketing-RH-et-cr%C3%A9ation-d%C3%A9veloppement-image-employeur-Etude-de-cas\\\/#primaryimage\",\"url\":\"https:\\\/\\\/hr4free.com\\\/wp-content\\\/uploads\\\/2019\\\/02\\\/bigstock-Cheerful-team-of-business-peop-46616065.jpg\",\"contentUrl\":\"https:\\\/\\\/hr4free.com\\\/wp-content\\\/uploads\\\/2019\\\/02\\\/bigstock-Cheerful-team-of-business-peop-46616065.jpg\",\"width\":664,\"height\":335},{\"@type\":\"BreadcrumbList\",\"@id\":\"https:\\\/\\\/hr4free.com\\\/fr\\\/Outils-du-Gestionnaire-RH\\\/Marketing-RH-et-cr%C3%A9ation-d%C3%A9veloppement-image-employeur-Etude-de-cas\\\/#breadcrumb\",\"itemListElement\":[{\"@type\":\"ListItem\",\"position\":1,\"name\":\"Accueil\",\"item\":\"https:\\\/\\\/hr4free.com\\\/fr\\\/\"},{\"@type\":\"ListItem\",\"position\":2,\"name\":\"Le marketing RH et le d\u00e9veloppement de l&rsquo;image employeur &#8211; \u00c9tude de cas\"}]},{\"@type\":\"WebSite\",\"@id\":\"https:\\\/\\\/hr4free.com\\\/fr\\\/#website\",\"url\":\"https:\\\/\\\/hr4free.com\\\/fr\\\/\",\"name\":\"HR4Free\",\"description\":\"\",\"potentialAction\":[{\"@type\":\"SearchAction\",\"target\":{\"@type\":\"EntryPoint\",\"urlTemplate\":\"https:\\\/\\\/hr4free.com\\\/fr\\\/?s={search_term_string}\"},\"query-input\":{\"@type\":\"PropertyValueSpecification\",\"valueRequired\":true,\"valueName\":\"search_term_string\"}}],\"inLanguage\":\"fr-FR\"},{\"@type\":\"Person\",\"@id\":\"https:\\\/\\\/hr4free.com\\\/fr\\\/#\\\/schema\\\/person\\\/63b4676b4887d228dbc78b611adacc2e\",\"name\":\"admin\",\"image\":{\"@type\":\"ImageObject\",\"inLanguage\":\"fr-FR\",\"@id\":\"https:\\\/\\\/secure.gravatar.com\\\/avatar\\\/1493e8ac9f7cdeb1d404ed3fa83f9d3a50c10f9a35c09a5271d0ac17a1db68b2?s=96&d=mm&r=g\",\"url\":\"https:\\\/\\\/secure.gravatar.com\\\/avatar\\\/1493e8ac9f7cdeb1d404ed3fa83f9d3a50c10f9a35c09a5271d0ac17a1db68b2?s=96&d=mm&r=g\",\"contentUrl\":\"https:\\\/\\\/secure.gravatar.com\\\/avatar\\\/1493e8ac9f7cdeb1d404ed3fa83f9d3a50c10f9a35c09a5271d0ac17a1db68b2?s=96&d=mm&r=g\",\"caption\":\"admin\"},\"url\":\"https:\\\/\\\/hr4free.com\\\/fr\\\/author\\\/held\\\/\"}]}<\/script>\n<!-- \/ Yoast SEO plugin. -->","yoast_head_json":{"title":"Le marketing RH et le d\u00e9veloppement de l'image employeur - \u00c9tude de cas - HR4Free","robots":{"index":"noindex","follow":"follow","max-snippet":"max-snippet:-1","max-image-preview":"max-image-preview:large","max-video-preview":"max-video-preview:-1"},"og_locale":"fr_FR","og_type":"article","og_title":"Le marketing RH et le d\u00e9veloppement de l'image employeur - \u00c9tude de cas - HR4Free","og_description":"Le but du marketing RH est de permettre \u00e0 l\u2019entreprise de\u00a0s\u00e9duire les jeunes dipl\u00f4m\u00e9s, les commerciaux ou encore les cadres, de contribuer \u00e0 mobiliser ses forces autour d&rsquo;objectifs commerciaux, de motiver les \u00ab\u00a0rescap\u00e9s\u00a0\u00bb des plans sociaux, et de fournir des perspectives \u00e0 des cadres dont la carri\u00e8re semble bloqu\u00e9e. Compter sur sa seule notori\u00e9t\u00e9 ne [&hellip;]","og_url":"https:\/\/hr4free.com\/fr\/Outils-du-Gestionnaire-RH\/Marketing-RH-et-cr\u00e9ation-d\u00e9veloppement-image-employeur-Etude-de-cas\/","og_site_name":"HR4Free","article_published_time":"2019-02-04T16:05:14+00:00","article_modified_time":"2022-08-04T09:33:18+00:00","og_image":[{"width":664,"height":335,"url":"https:\/\/hr4free.com\/wp-content\/uploads\/2019\/02\/bigstock-Cheerful-team-of-business-peop-46616065.jpg","type":"image\/jpeg"}],"author":"admin","twitter_card":"summary_large_image","twitter_misc":{"\u00c9crit par":"admin","Dur\u00e9e de lecture estim\u00e9e":"7 minutes"},"schema":{"@context":"https:\/\/schema.org","@graph":[{"@type":"Article","@id":"https:\/\/hr4free.com\/fr\/Outils-du-Gestionnaire-RH\/Marketing-RH-et-cr%C3%A9ation-d%C3%A9veloppement-image-employeur-Etude-de-cas\/#article","isPartOf":{"@id":"https:\/\/hr4free.com\/fr\/Outils-du-Gestionnaire-RH\/Marketing-RH-et-cr%C3%A9ation-d%C3%A9veloppement-image-employeur-Etude-de-cas\/"},"author":{"name":"admin","@id":"https:\/\/hr4free.com\/fr\/#\/schema\/person\/63b4676b4887d228dbc78b611adacc2e"},"headline":"Le marketing RH et le d\u00e9veloppement de l&rsquo;image employeur &#8211; \u00c9tude de cas","datePublished":"2019-02-04T16:05:14+00:00","dateModified":"2022-08-04T09:33:18+00:00","mainEntityOfPage":{"@id":"https:\/\/hr4free.com\/fr\/Outils-du-Gestionnaire-RH\/Marketing-RH-et-cr%C3%A9ation-d%C3%A9veloppement-image-employeur-Etude-de-cas\/"},"wordCount":1372,"commentCount":0,"image":{"@id":"https:\/\/hr4free.com\/fr\/Outils-du-Gestionnaire-RH\/Marketing-RH-et-cr%C3%A9ation-d%C3%A9veloppement-image-employeur-Etude-de-cas\/#primaryimage"},"thumbnailUrl":"https:\/\/hr4free.com\/wp-content\/uploads\/2019\/02\/bigstock-Cheerful-team-of-business-peop-46616065.jpg","keywords":["d\u00e9veloppement strat\u00e9gique","marketing rh","ressources humaines"],"articleSection":["Marketing RH &amp; R\u00e9seaux sociaux","Strat\u00e9gie et politiques RH"],"inLanguage":"fr-FR","potentialAction":[{"@type":"CommentAction","name":"Comment","target":["https:\/\/hr4free.com\/fr\/Outils-du-Gestionnaire-RH\/Marketing-RH-et-cr%C3%A9ation-d%C3%A9veloppement-image-employeur-Etude-de-cas\/#respond"]}]},{"@type":"WebPage","@id":"https:\/\/hr4free.com\/fr\/Outils-du-Gestionnaire-RH\/Marketing-RH-et-cr%C3%A9ation-d%C3%A9veloppement-image-employeur-Etude-de-cas\/","url":"https:\/\/hr4free.com\/fr\/Outils-du-Gestionnaire-RH\/Marketing-RH-et-cr%C3%A9ation-d%C3%A9veloppement-image-employeur-Etude-de-cas\/","name":"Le marketing RH et le d\u00e9veloppement de l'image employeur - \u00c9tude de cas - HR4Free","isPartOf":{"@id":"https:\/\/hr4free.com\/fr\/#website"},"primaryImageOfPage":{"@id":"https:\/\/hr4free.com\/fr\/Outils-du-Gestionnaire-RH\/Marketing-RH-et-cr%C3%A9ation-d%C3%A9veloppement-image-employeur-Etude-de-cas\/#primaryimage"},"image":{"@id":"https:\/\/hr4free.com\/fr\/Outils-du-Gestionnaire-RH\/Marketing-RH-et-cr%C3%A9ation-d%C3%A9veloppement-image-employeur-Etude-de-cas\/#primaryimage"},"thumbnailUrl":"https:\/\/hr4free.com\/wp-content\/uploads\/2019\/02\/bigstock-Cheerful-team-of-business-peop-46616065.jpg","datePublished":"2019-02-04T16:05:14+00:00","dateModified":"2022-08-04T09:33:18+00:00","author":{"@id":"https:\/\/hr4free.com\/fr\/#\/schema\/person\/63b4676b4887d228dbc78b611adacc2e"},"breadcrumb":{"@id":"https:\/\/hr4free.com\/fr\/Outils-du-Gestionnaire-RH\/Marketing-RH-et-cr%C3%A9ation-d%C3%A9veloppement-image-employeur-Etude-de-cas\/#breadcrumb"},"inLanguage":"fr-FR","potentialAction":[{"@type":"ReadAction","target":["https:\/\/hr4free.com\/fr\/Outils-du-Gestionnaire-RH\/Marketing-RH-et-cr%C3%A9ation-d%C3%A9veloppement-image-employeur-Etude-de-cas\/"]}]},{"@type":"ImageObject","inLanguage":"fr-FR","@id":"https:\/\/hr4free.com\/fr\/Outils-du-Gestionnaire-RH\/Marketing-RH-et-cr%C3%A9ation-d%C3%A9veloppement-image-employeur-Etude-de-cas\/#primaryimage","url":"https:\/\/hr4free.com\/wp-content\/uploads\/2019\/02\/bigstock-Cheerful-team-of-business-peop-46616065.jpg","contentUrl":"https:\/\/hr4free.com\/wp-content\/uploads\/2019\/02\/bigstock-Cheerful-team-of-business-peop-46616065.jpg","width":664,"height":335},{"@type":"BreadcrumbList","@id":"https:\/\/hr4free.com\/fr\/Outils-du-Gestionnaire-RH\/Marketing-RH-et-cr%C3%A9ation-d%C3%A9veloppement-image-employeur-Etude-de-cas\/#breadcrumb","itemListElement":[{"@type":"ListItem","position":1,"name":"Accueil","item":"https:\/\/hr4free.com\/fr\/"},{"@type":"ListItem","position":2,"name":"Le marketing RH et le d\u00e9veloppement de l&rsquo;image employeur &#8211; \u00c9tude de cas"}]},{"@type":"WebSite","@id":"https:\/\/hr4free.com\/fr\/#website","url":"https:\/\/hr4free.com\/fr\/","name":"HR4Free","description":"","potentialAction":[{"@type":"SearchAction","target":{"@type":"EntryPoint","urlTemplate":"https:\/\/hr4free.com\/fr\/?s={search_term_string}"},"query-input":{"@type":"PropertyValueSpecification","valueRequired":true,"valueName":"search_term_string"}}],"inLanguage":"fr-FR"},{"@type":"Person","@id":"https:\/\/hr4free.com\/fr\/#\/schema\/person\/63b4676b4887d228dbc78b611adacc2e","name":"admin","image":{"@type":"ImageObject","inLanguage":"fr-FR","@id":"https:\/\/secure.gravatar.com\/avatar\/1493e8ac9f7cdeb1d404ed3fa83f9d3a50c10f9a35c09a5271d0ac17a1db68b2?s=96&d=mm&r=g","url":"https:\/\/secure.gravatar.com\/avatar\/1493e8ac9f7cdeb1d404ed3fa83f9d3a50c10f9a35c09a5271d0ac17a1db68b2?s=96&d=mm&r=g","contentUrl":"https:\/\/secure.gravatar.com\/avatar\/1493e8ac9f7cdeb1d404ed3fa83f9d3a50c10f9a35c09a5271d0ac17a1db68b2?s=96&d=mm&r=g","caption":"admin"},"url":"https:\/\/hr4free.com\/fr\/author\/held\/"}]}},"_links":{"self":[{"href":"https:\/\/hr4free.com\/fr\/wp-json\/wp\/v2\/posts\/422","targetHints":{"allow":["GET"]}}],"collection":[{"href":"https:\/\/hr4free.com\/fr\/wp-json\/wp\/v2\/posts"}],"about":[{"href":"https:\/\/hr4free.com\/fr\/wp-json\/wp\/v2\/types\/post"}],"author":[{"embeddable":true,"href":"https:\/\/hr4free.com\/fr\/wp-json\/wp\/v2\/users\/3"}],"replies":[{"embeddable":true,"href":"https:\/\/hr4free.com\/fr\/wp-json\/wp\/v2\/comments?post=422"}],"version-history":[{"count":4,"href":"https:\/\/hr4free.com\/fr\/wp-json\/wp\/v2\/posts\/422\/revisions"}],"predecessor-version":[{"id":4821,"href":"https:\/\/hr4free.com\/fr\/wp-json\/wp\/v2\/posts\/422\/revisions\/4821"}],"wp:featuredmedia":[{"embeddable":true,"href":"https:\/\/hr4free.com\/fr\/wp-json\/wp\/v2\/media\/397"}],"wp:attachment":[{"href":"https:\/\/hr4free.com\/fr\/wp-json\/wp\/v2\/media?parent=422"}],"wp:term":[{"taxonomy":"category","embeddable":true,"href":"https:\/\/hr4free.com\/fr\/wp-json\/wp\/v2\/categories?post=422"},{"taxonomy":"post_tag","embeddable":true,"href":"https:\/\/hr4free.com\/fr\/wp-json\/wp\/v2\/tags?post=422"}],"curies":[{"name":"wp","href":"https:\/\/api.w.org\/{rel}","templated":true}]}}