{"id":395,"date":"2018-08-30T15:46:53","date_gmt":"2018-08-30T15:46:53","guid":{"rendered":"http:\/\/hr4free.web-romandie.ch\/?p=395"},"modified":"2019-06-29T11:50:30","modified_gmt":"2019-06-29T11:50:30","slug":"la-gestion-du-taux-dabsenteisme-et-des-retards-en-entreprise-exemple-processus-mpc","status":"publish","type":"post","link":"https:\/\/hr4free.com\/fr\/Suivi-du-collaborateur\/Gestion-du-taux-absent%C3%A9isme-et-des-retards","title":{"rendered":"La gestion du taux d&rsquo;absent\u00e9isme et des retards en entreprise &#8211; Exemple &#8211; Processus MPC"},"content":{"rendered":"<p>On sait que l\u2019absent\u00e9isme co\u00fbte cher.\u00a0<strong>On consid\u00e8re souvent\u00a0qu\u2019il existe un rapport de 1 pour 1 entre le taux d\u2019absent\u00e9isme et son co\u00fbt en pourcentage de la masse salariale.<\/strong>\u00a0Cela est d\u00fb au fait qu\u2019<u>il faut financer le remplacement et la gestion des absents, le surco\u00fbt des heures suppl\u00e9mentaires et la d\u00e9sorganisation<\/u>. Cette quantification ne permettra, par ailleurs, qu\u2019une \u00e9valuation tr\u00e8s sommaire de l\u2019ensemble des\u00a0<em>co\u00fbts indirects<\/em>, dont celui de l\u2019atteinte \u00e0 l\u2019<a href=\"https:\/\/hr4free.com\/fr\/Outils-du-Gestionnaire-RH\/Marketing-RH-et-cr%C3%A9ation-d%C3%A9veloppement-image-employeur-Etude-de-cas\" target=\"_blank\" rel=\"noopener\" data-cke-saved-href=\"https:\/\/hr4free.com\/fr\/Outils-du-Gestionnaire-RH\/Marketing-RH-et-cr\u00e9ation-d\u00e9veloppement-image-employeur-Etude-de-cas\"><strong>image de l\u2019entreprise (marketing RH)<\/strong><\/a>, de la moindre qualit\u00e9 des services, voire de la baisse du degr\u00e9 de motivation des plus assidus.<\/p>\n<p><strong>La ma\u00eetrise du seuil d\u2019absent\u00e9isme est donc un \u00e9l\u00e9ment-cl\u00e9 du management<\/strong>, car par extension et \u00e0 partir d\u2019un certain niveau, il affecte la\u00a0<em>sant\u00e9 de l\u2019organisation<\/em>\u00a0elle-m\u00eame. De plus, il est plus que probable que tout nouveau collaborateur qui int\u00e8gre une organisation \u00ab\u00a0malade\u00a0\u00bb soit \u00e0 son tour \u00ab\u00a0contamin\u00e9\u00a0\u00bb.<\/p>\n<p><strong>Le but est que les collaborateurs aient plaisir \u00e0 travailler\u00a0<\/strong>parce qu\u2019ils sont \u00e9cout\u00e9s, respect\u00e9s, form\u00e9s, responsabilis\u00e9s et appr\u00e9ci\u00e9s \u00e9quitablement.<\/p>\n<h5 style=\"text-align: center;\"><b>OUTILS<\/b><\/h5>\n<p><strong>Il convient tout d\u2019abord de d\u00e9finir pour l\u2019entreprise une norme que l\u2019on pourrait qualifier de \u00ab\u00a0taux seuil\u00a0\u00bb<\/strong>, qui est le pourcentage minimum d\u2019absent\u00e9isme \u00e0 atteindre et qui constitue ainsi un id\u00e9al vers lequel tendre.\u00a0<u>En Suisse, celui-ci est compris entre 2 et 5% des heures travaill\u00e9es<\/u>, selon la branche d\u2019activit\u00e9\u00a0<b><a href=\"http:\/\/www.hr4free.com\/PDF_Files\/Blog_Management_absenteisme_stats.pdf\" target=\"_blank\" rel=\"noopener\" data-cke-saved-href=\"http:\/\/www.hr4free.com\/PDF_Files\/Blog_Management_absenteisme_stats.pdf\">(donn\u00e9es OFS 2008)<\/a><\/b>.<\/p>\n<p><strong>L\u2019entreprise a ensuite tout int\u00e9r\u00eat \u00e0 mettre en place une syst\u00e9matique dans le\u00a0<\/strong><b><strong>s<\/strong>uivi des cas d\u2019absences<\/b>, en diff\u00e9renciant les situations. Le moyen le plus simple est de se r\u00e9f\u00e9rer aux\u00a0<em>tranches du contrat d\u2019assurance\u00a0<\/em>et de construire un train de mesures qui s\u2019y rattache.<\/p>\n<p><strong>Prenons l\u2019exemple d\u2019une entreprise qui a comme tranches: 0-3 jours, 4-30 jours, et plus de 30 jours.<\/strong>\u00a0Elle d\u00e9cide de mettre en place une gestion professionnelle de l\u2019absent\u00e9isme, en int\u00e9grant les retards dans la gestion 0-3 jours.Le tableau en annexe vous fournit un\u00a0<a href=\"http:\/\/www.hr4free.com\/PDF_Files\/Blog_Management_absenteisme_tableau.pdf\" target=\"_blank\" rel=\"noopener\" data-cke-saved-href=\"http:\/\/www.hr4free.com\/PDF_Files\/Blog_Management_absenteisme_tableau.pdf\"><strong>exemple de processus de gestion des retards et absences (sch\u00e9ma)<\/strong><\/a>.<\/p>\n<h5 style=\"text-align: center;\"><b>PRATIQUE<\/b><\/h5>\n<p><b>I. Intervention de premier niveau (entretiens pr\u00e9ventifs):<\/b>\u00a0Cette mesure est du ressort du chef direct qui, lorsqu\u2019il constate une modification notable du comportement et\/ou des performances professionnelles (retards, rendements\u2026), engage la proc\u00e9dure suivante:<\/p>\n<ol>\n<li><em><b>1er entretien<\/b><\/em>\u00a0avec le collaborateur qui vise \u00e0 explorer la situation. Il est possible, pour structurer l\u2019entretien, de s\u2019appuyer sur\u00a0<a href=\"http:\/\/www.hr4free.com\/PDF_Files\/Blog_Management_affirmation_DESC.pdf\" target=\"_blank\" rel=\"noopener\" data-cke-saved-href=\"http:\/\/www.hr4free.com\/PDF_Files\/Blog_Management_affirmation_DESC.pdf\"><strong>la technique du\u00a0<\/strong><\/a><a href=\"http:\/\/www.hr4free.com\/PDF_Files\/Blog_Management_affirmation_DESC.pdf\" target=\"_blank\" rel=\"noopener\" data-cke-saved-href=\"http:\/\/www.hr4free.com\/PDF_Files\/Blog_Management_affirmation_DESC.pdf\"><strong>\u00ab\u00a0DESC\u00a0\u00bb (sch\u00e9ma)<\/strong><\/a>.<\/li>\n<li><em><b>Phase d\u2019\u00e9valuation<\/b><\/em>\u00a0(2 \u00e0 3 mois)<\/li>\n<li>Deux suites sont possibles :<\/li>\n<\/ol>\n<table class=\" cke_show_border\" border=\"0\" width=\"0\" cellspacing=\"0\" cellpadding=\"0\">\n<tbody>\n<tr>\n<td width=\"50%\"><em>A) Le collaborateur accepte l\u2019accompagnement\u00a0 \u00a0 \u00a0 \u00a0 \u00a0 \u00a0 \u00a0 \u00a0 \u00a0 \u00a0 \u00a0\u00a0<\/em><\/td>\n<td><em>B) Le collaborateur n\u2019accepte pas l\u2019accompagnement<\/em><\/td>\n<\/tr>\n<tr>\n<td>&nbsp;<\/p>\n<p>Un\u00a0<em>entretien de cl\u00f4ture<\/em>\u00a0est conduit et les conclusions sont tir\u00e9es.<\/p>\n<p>&nbsp;<\/p>\n<p><b>NB: ne pas oublier de f\u00e9liciter pour le changement!\u00a0\u00a0\u00a0\u00a0\u00a0\u00a0\u00a0\u00a0\u00a0\u00a0\u00a0\u00a0\u00a0\u00a0<\/b><\/td>\n<td>&nbsp;<\/p>\n<p>Un\u00a0<em>entretien de clarification<\/em>\u00a0est provoqu\u00e9 et une nouvelle phase d\u2019\u00e9valuation est d\u00e9cid\u00e9e :<\/p>\n<ul>\n<li>la situation s\u2019am\u00e9liore: entretien de cl\u00f4ture<\/li>\n<li>la situation ne s\u2019am\u00e9liore pas: mise en place d\u2019une\u00a0<em>intervention de second niveau<\/em>\u00a0en liaison avec les RH et le partenaire externe<\/li>\n<\/ul>\n<\/td>\n<\/tr>\n<\/tbody>\n<\/table>\n<p><b>II. Intervention de second niveau (mesures d\u2019accompagnement):\u00a0<\/b>Ces interventions de second niveau sont du ressort conjoint du responsable direct et des Ressources Humaines. Elles font suite \u00e0 un constat de non-am\u00e9lioration d\u2019une situation d\u00e9tect\u00e9e au premier niveau. Son contenu est le suivant:<\/p>\n<ol>\n<li><em><strong>Un nouvel\u00a0<\/strong><b>entretien<\/b><\/em>\u00a0est conduit avec le\u00a0collaborateur, le\u00a0chef direct, le\u00a0repr\u00e9sentant des Ressources Humaines\u00a0et le\u00a0partenaire externe\u00a0sp\u00e9cialiste du dysfonctionnement constat\u00e9 (m\u00e9decin, expert alcoologie, ou autre). Le but de cet entretien est de clarifier l\u2019intervention et d\u2019aboutir \u00e0 une acceptation de l\u2019accompagnement.<\/li>\n<li>Deux issues sont possibles:<\/li>\n<\/ol>\n<table class=\" cke_show_border\" border=\"0\" width=\"0\" cellspacing=\"0\" cellpadding=\"0\">\n<tbody>\n<tr>\n<td width=\"50%\"><em><b>A) Le collaborateur accepte l\u2019accompagnement \u00a0 \u00a0 \u00a0 \u00a0 \u00a0 \u00a0 \u00a0 \u00a0 \u00a0 \u00a0 \u00a0 \u00a0\u00a0<\/b><\/em><\/td>\n<td><em><b>B) Le collaborateur n\u2019accepte pas l\u2019accompagnement<\/b><\/em><\/td>\n<\/tr>\n<tr>\n<td width=\"50%\">\n<ol>\n<li><em>Un bilan de confirmation<\/em>\u00a0de la probl\u00e9matique est effectu\u00e9<\/li>\n<li><em>Des mesures d\u2019accompagnement\u00a0<\/em>sont \u00e9labor\u00e9es<\/li>\n<li><em>Un nouvel entretien<\/em>\u00a0est organis\u00e9 dont le but est l\u2019\u00e9tablissement d\u2019un\u00a0plan d\u2019action et de suivi en fonction des mesures qui sont finalement retenues<\/li>\n<li><em>Un entretien de cl\u00f4ture<\/em>\u00a0est fix\u00e9 en fin d\u2019accompagnement<\/li>\n<\/ol>\n<\/td>\n<td>\n<ol>\n<li>Les risques et les cons\u00e9quences sont expos\u00e9s et un\u00a0<em>ultime d\u00e9lai de r\u00e9flexion<\/em>\u00a0est laiss\u00e9 au collaborateur<\/li>\n<li>A l\u2019expiration du d\u00e9lai, un\u00a0<em>entretien\u00a0<\/em>confirme au collaborateur les d\u00e9cisions qui sont prises et les modalit\u00e9s d\u2019application.<\/li>\n<\/ol>\n<\/td>\n<\/tr>\n<\/tbody>\n<\/table>\n<h5 style=\"text-align: center;\"><b>EXEMPLE<\/b><\/h5>\n<p>Voici un exemple concret de ce que pourrait \u00eatre un\u00a0<b><a href=\"http:\/\/www.hr4free.com\/PDF_Files\/Blog_Management_absenteisme_exemple.pdf\" target=\"_blank\" rel=\"noopener\" data-cke-saved-href=\"http:\/\/www.hr4free.com\/PDF_Files\/Blog_Management_absenteisme_exemple.pdf\">projet de gestion de l&rsquo;absent\u00e9isme (exemple)<\/a><\/b>, bas\u00e9 sur le\u00a0<strong><a href=\"http:\/\/www.hr4free.com\/PDF_Files\/Blog_Management_coaching_schema_processus.pdf\" target=\"_blank\" rel=\"noopener\" data-cke-saved-href=\"http:\/\/www.hr4free.com\/PDF_Files\/Blog_Management_coaching_schema_processus.pdf\">processus du Management Par le Coaching (sch\u00e9ma)<\/a><\/strong>.<br \/>\nA lire \u00e9galement :<\/p>\n<ul>\n<li><a href=\"http:\/\/www.hr4free.com\/fr\/Suivi-du-collaborateur\/La-gestion-professionnelle-de-l-absent%C3%A9isme-avec-la-m%C3%A9thodologie-du-Management-Par-le-Coaching-MPC\" target=\"_blank\" rel=\"noopener\" data-cke-saved-href=\"http:\/\/www.hr4free.com\/fr\/Suivi-du-collaborateur\/La-gestion-professionnelle-de-l-absent%C3%A9isme-avec-la-m%C3%A9thodologie-du-Management-Par-le-Coaching-MPC\"><strong>La gestion professionnelle de l&rsquo;absent\u00e9isme avec la m\u00e9thode du Management Par le Coaching (MPC)<\/strong><\/a><\/li>\n<\/ul>\n","protected":false},"excerpt":{"rendered":"<p>On sait que l\u2019absent\u00e9isme co\u00fbte cher.\u00a0On consid\u00e8re souvent\u00a0qu\u2019il existe un rapport de 1 pour 1 entre le taux d\u2019absent\u00e9isme et son co\u00fbt en pourcentage de la masse salariale.\u00a0Cela est d\u00fb au fait qu\u2019il faut financer le remplacement et la gestion des absents, le surco\u00fbt des heures suppl\u00e9mentaires et la d\u00e9sorganisation. Cette quantification ne permettra, par [&hellip;]<\/p>\n","protected":false},"author":3,"featured_media":3571,"comment_status":"open","ping_status":"closed","sticky":false,"template":"","format":"standard","meta":{"footnotes":""},"categories":[16,36],"tags":[133,90],"class_list":["post-395","post","type-post","status-publish","format-standard","has-post-thumbnail","hentry","category-suivi-du-collaborateur","category-gestion-de-labsenteisme","tag-absenteisme","tag-coaching"],"yoast_head":"<!-- This site is optimized with the Yoast SEO plugin v28.3 - https:\/\/yoast.com\/product\/yoast-seo-wordpress\/ -->\n<title>La gestion du taux d&#039;absent\u00e9isme et des retards en entreprise - Exemple - Processus MPC - HR4Free<\/title>\n<meta name=\"robots\" content=\"noindex, follow, max-snippet:-1, max-image-preview:large, max-video-preview:-1\" \/>\n<meta property=\"og:locale\" content=\"fr_FR\" \/>\n<meta property=\"og:type\" content=\"article\" \/>\n<meta property=\"og:title\" content=\"La gestion du taux d&#039;absent\u00e9isme et des retards en entreprise - Exemple - Processus MPC - HR4Free\" \/>\n<meta property=\"og:description\" content=\"On sait que l\u2019absent\u00e9isme co\u00fbte cher.\u00a0On consid\u00e8re souvent\u00a0qu\u2019il existe un rapport de 1 pour 1 entre le taux d\u2019absent\u00e9isme et son co\u00fbt en pourcentage de la masse salariale.\u00a0Cela est d\u00fb au fait qu\u2019il faut financer le remplacement et la gestion des absents, le surco\u00fbt des heures suppl\u00e9mentaires et la d\u00e9sorganisation. Cette quantification ne permettra, par [&hellip;]\" \/>\n<meta property=\"og:url\" content=\"https:\/\/hr4free.com\/fr\/Suivi-du-collaborateur\/Gestion-du-taux-absent\u00e9isme-et-des-retards\/\" \/>\n<meta property=\"og:site_name\" content=\"HR4Free\" \/>\n<meta property=\"article:published_time\" content=\"2018-08-30T15:46:53+00:00\" \/>\n<meta property=\"article:modified_time\" content=\"2019-06-29T11:50:30+00:00\" \/>\n<meta property=\"og:image\" content=\"https:\/\/hr4free.com\/wp-content\/uploads\/2019\/02\/analysis-3783312_1280-4.jpg\" \/>\n\t<meta property=\"og:image:width\" content=\"1280\" \/>\n\t<meta property=\"og:image:height\" content=\"732\" \/>\n\t<meta property=\"og:image:type\" content=\"image\/jpeg\" \/>\n<meta name=\"author\" content=\"admin\" \/>\n<meta name=\"twitter:card\" content=\"summary_large_image\" \/>\n<meta name=\"twitter:label1\" content=\"\u00c9crit par\" \/>\n\t<meta name=\"twitter:data1\" content=\"admin\" \/>\n\t<meta name=\"twitter:label2\" content=\"Dur\u00e9e de lecture estim\u00e9e\" \/>\n\t<meta name=\"twitter:data2\" content=\"4 minutes\" \/>\n<script type=\"application\/ld+json\" class=\"yoast-schema-graph\">{\"@context\":\"https:\\\/\\\/schema.org\",\"@graph\":[{\"@type\":\"Article\",\"@id\":\"https:\\\/\\\/hr4free.com\\\/fr\\\/Suivi-du-collaborateur\\\/Gestion-du-taux-absent%C3%A9isme-et-des-retards\\\/#article\",\"isPartOf\":{\"@id\":\"https:\\\/\\\/hr4free.com\\\/fr\\\/Suivi-du-collaborateur\\\/Gestion-du-taux-absent%C3%A9isme-et-des-retards\\\/\"},\"author\":{\"name\":\"admin\",\"@id\":\"https:\\\/\\\/hr4free.com\\\/fr\\\/#\\\/schema\\\/person\\\/63b4676b4887d228dbc78b611adacc2e\"},\"headline\":\"La gestion du taux d&rsquo;absent\u00e9isme et des retards en entreprise &#8211; Exemple &#8211; Processus MPC\",\"datePublished\":\"2018-08-30T15:46:53+00:00\",\"dateModified\":\"2019-06-29T11:50:30+00:00\",\"mainEntityOfPage\":{\"@id\":\"https:\\\/\\\/hr4free.com\\\/fr\\\/Suivi-du-collaborateur\\\/Gestion-du-taux-absent%C3%A9isme-et-des-retards\\\/\"},\"wordCount\":808,\"commentCount\":0,\"image\":{\"@id\":\"https:\\\/\\\/hr4free.com\\\/fr\\\/Suivi-du-collaborateur\\\/Gestion-du-taux-absent%C3%A9isme-et-des-retards\\\/#primaryimage\"},\"thumbnailUrl\":\"https:\\\/\\\/hr4free.com\\\/wp-content\\\/uploads\\\/2019\\\/02\\\/analysis-3783312_1280-4.jpg\",\"keywords\":[\"absent\u00e9isme\",\"coaching\"],\"articleSection\":[\"3. Suivi du collaborateur\",\"Gestion de l'absent\u00e9isme\"],\"inLanguage\":\"fr-FR\",\"potentialAction\":[{\"@type\":\"CommentAction\",\"name\":\"Comment\",\"target\":[\"https:\\\/\\\/hr4free.com\\\/fr\\\/Suivi-du-collaborateur\\\/Gestion-du-taux-absent%C3%A9isme-et-des-retards\\\/#respond\"]}]},{\"@type\":\"WebPage\",\"@id\":\"https:\\\/\\\/hr4free.com\\\/fr\\\/Suivi-du-collaborateur\\\/Gestion-du-taux-absent%C3%A9isme-et-des-retards\\\/\",\"url\":\"https:\\\/\\\/hr4free.com\\\/fr\\\/Suivi-du-collaborateur\\\/Gestion-du-taux-absent%C3%A9isme-et-des-retards\\\/\",\"name\":\"La gestion du taux d'absent\u00e9isme et des retards en entreprise - Exemple - Processus MPC - HR4Free\",\"isPartOf\":{\"@id\":\"https:\\\/\\\/hr4free.com\\\/fr\\\/#website\"},\"primaryImageOfPage\":{\"@id\":\"https:\\\/\\\/hr4free.com\\\/fr\\\/Suivi-du-collaborateur\\\/Gestion-du-taux-absent%C3%A9isme-et-des-retards\\\/#primaryimage\"},\"image\":{\"@id\":\"https:\\\/\\\/hr4free.com\\\/fr\\\/Suivi-du-collaborateur\\\/Gestion-du-taux-absent%C3%A9isme-et-des-retards\\\/#primaryimage\"},\"thumbnailUrl\":\"https:\\\/\\\/hr4free.com\\\/wp-content\\\/uploads\\\/2019\\\/02\\\/analysis-3783312_1280-4.jpg\",\"datePublished\":\"2018-08-30T15:46:53+00:00\",\"dateModified\":\"2019-06-29T11:50:30+00:00\",\"author\":{\"@id\":\"https:\\\/\\\/hr4free.com\\\/fr\\\/#\\\/schema\\\/person\\\/63b4676b4887d228dbc78b611adacc2e\"},\"breadcrumb\":{\"@id\":\"https:\\\/\\\/hr4free.com\\\/fr\\\/Suivi-du-collaborateur\\\/Gestion-du-taux-absent%C3%A9isme-et-des-retards\\\/#breadcrumb\"},\"inLanguage\":\"fr-FR\",\"potentialAction\":[{\"@type\":\"ReadAction\",\"target\":[\"https:\\\/\\\/hr4free.com\\\/fr\\\/Suivi-du-collaborateur\\\/Gestion-du-taux-absent%C3%A9isme-et-des-retards\\\/\"]}]},{\"@type\":\"ImageObject\",\"inLanguage\":\"fr-FR\",\"@id\":\"https:\\\/\\\/hr4free.com\\\/fr\\\/Suivi-du-collaborateur\\\/Gestion-du-taux-absent%C3%A9isme-et-des-retards\\\/#primaryimage\",\"url\":\"https:\\\/\\\/hr4free.com\\\/wp-content\\\/uploads\\\/2019\\\/02\\\/analysis-3783312_1280-4.jpg\",\"contentUrl\":\"https:\\\/\\\/hr4free.com\\\/wp-content\\\/uploads\\\/2019\\\/02\\\/analysis-3783312_1280-4.jpg\",\"width\":1280,\"height\":732},{\"@type\":\"BreadcrumbList\",\"@id\":\"https:\\\/\\\/hr4free.com\\\/fr\\\/Suivi-du-collaborateur\\\/Gestion-du-taux-absent%C3%A9isme-et-des-retards\\\/#breadcrumb\",\"itemListElement\":[{\"@type\":\"ListItem\",\"position\":1,\"name\":\"Accueil\",\"item\":\"https:\\\/\\\/hr4free.com\\\/fr\\\/\"},{\"@type\":\"ListItem\",\"position\":2,\"name\":\"La gestion du taux d&rsquo;absent\u00e9isme et des retards en entreprise &#8211; Exemple &#8211; Processus MPC\"}]},{\"@type\":\"WebSite\",\"@id\":\"https:\\\/\\\/hr4free.com\\\/fr\\\/#website\",\"url\":\"https:\\\/\\\/hr4free.com\\\/fr\\\/\",\"name\":\"HR4Free\",\"description\":\"\",\"potentialAction\":[{\"@type\":\"SearchAction\",\"target\":{\"@type\":\"EntryPoint\",\"urlTemplate\":\"https:\\\/\\\/hr4free.com\\\/fr\\\/?s={search_term_string}\"},\"query-input\":{\"@type\":\"PropertyValueSpecification\",\"valueRequired\":true,\"valueName\":\"search_term_string\"}}],\"inLanguage\":\"fr-FR\"},{\"@type\":\"Person\",\"@id\":\"https:\\\/\\\/hr4free.com\\\/fr\\\/#\\\/schema\\\/person\\\/63b4676b4887d228dbc78b611adacc2e\",\"name\":\"admin\",\"image\":{\"@type\":\"ImageObject\",\"inLanguage\":\"fr-FR\",\"@id\":\"https:\\\/\\\/secure.gravatar.com\\\/avatar\\\/1493e8ac9f7cdeb1d404ed3fa83f9d3a50c10f9a35c09a5271d0ac17a1db68b2?s=96&d=mm&r=g\",\"url\":\"https:\\\/\\\/secure.gravatar.com\\\/avatar\\\/1493e8ac9f7cdeb1d404ed3fa83f9d3a50c10f9a35c09a5271d0ac17a1db68b2?s=96&d=mm&r=g\",\"contentUrl\":\"https:\\\/\\\/secure.gravatar.com\\\/avatar\\\/1493e8ac9f7cdeb1d404ed3fa83f9d3a50c10f9a35c09a5271d0ac17a1db68b2?s=96&d=mm&r=g\",\"caption\":\"admin\"},\"url\":\"https:\\\/\\\/hr4free.com\\\/fr\\\/author\\\/held\\\/\"}]}<\/script>\n<!-- \/ Yoast SEO plugin. -->","yoast_head_json":{"title":"La gestion du taux d'absent\u00e9isme et des retards en entreprise - Exemple - Processus MPC - HR4Free","robots":{"index":"noindex","follow":"follow","max-snippet":"max-snippet:-1","max-image-preview":"max-image-preview:large","max-video-preview":"max-video-preview:-1"},"og_locale":"fr_FR","og_type":"article","og_title":"La gestion du taux d'absent\u00e9isme et des retards en entreprise - Exemple - Processus MPC - HR4Free","og_description":"On sait que l\u2019absent\u00e9isme co\u00fbte cher.\u00a0On consid\u00e8re souvent\u00a0qu\u2019il existe un rapport de 1 pour 1 entre le taux d\u2019absent\u00e9isme et son co\u00fbt en pourcentage de la masse salariale.\u00a0Cela est d\u00fb au fait qu\u2019il faut financer le remplacement et la gestion des absents, le surco\u00fbt des heures suppl\u00e9mentaires et la d\u00e9sorganisation. Cette quantification ne permettra, par [&hellip;]","og_url":"https:\/\/hr4free.com\/fr\/Suivi-du-collaborateur\/Gestion-du-taux-absent\u00e9isme-et-des-retards\/","og_site_name":"HR4Free","article_published_time":"2018-08-30T15:46:53+00:00","article_modified_time":"2019-06-29T11:50:30+00:00","og_image":[{"width":1280,"height":732,"url":"https:\/\/hr4free.com\/wp-content\/uploads\/2019\/02\/analysis-3783312_1280-4.jpg","type":"image\/jpeg"}],"author":"admin","twitter_card":"summary_large_image","twitter_misc":{"\u00c9crit par":"admin","Dur\u00e9e de lecture estim\u00e9e":"4 minutes"},"schema":{"@context":"https:\/\/schema.org","@graph":[{"@type":"Article","@id":"https:\/\/hr4free.com\/fr\/Suivi-du-collaborateur\/Gestion-du-taux-absent%C3%A9isme-et-des-retards\/#article","isPartOf":{"@id":"https:\/\/hr4free.com\/fr\/Suivi-du-collaborateur\/Gestion-du-taux-absent%C3%A9isme-et-des-retards\/"},"author":{"name":"admin","@id":"https:\/\/hr4free.com\/fr\/#\/schema\/person\/63b4676b4887d228dbc78b611adacc2e"},"headline":"La gestion du taux d&rsquo;absent\u00e9isme et des retards en entreprise &#8211; Exemple &#8211; Processus MPC","datePublished":"2018-08-30T15:46:53+00:00","dateModified":"2019-06-29T11:50:30+00:00","mainEntityOfPage":{"@id":"https:\/\/hr4free.com\/fr\/Suivi-du-collaborateur\/Gestion-du-taux-absent%C3%A9isme-et-des-retards\/"},"wordCount":808,"commentCount":0,"image":{"@id":"https:\/\/hr4free.com\/fr\/Suivi-du-collaborateur\/Gestion-du-taux-absent%C3%A9isme-et-des-retards\/#primaryimage"},"thumbnailUrl":"https:\/\/hr4free.com\/wp-content\/uploads\/2019\/02\/analysis-3783312_1280-4.jpg","keywords":["absent\u00e9isme","coaching"],"articleSection":["3. Suivi du collaborateur","Gestion de l'absent\u00e9isme"],"inLanguage":"fr-FR","potentialAction":[{"@type":"CommentAction","name":"Comment","target":["https:\/\/hr4free.com\/fr\/Suivi-du-collaborateur\/Gestion-du-taux-absent%C3%A9isme-et-des-retards\/#respond"]}]},{"@type":"WebPage","@id":"https:\/\/hr4free.com\/fr\/Suivi-du-collaborateur\/Gestion-du-taux-absent%C3%A9isme-et-des-retards\/","url":"https:\/\/hr4free.com\/fr\/Suivi-du-collaborateur\/Gestion-du-taux-absent%C3%A9isme-et-des-retards\/","name":"La gestion du taux d'absent\u00e9isme et des retards en entreprise - Exemple - Processus MPC - HR4Free","isPartOf":{"@id":"https:\/\/hr4free.com\/fr\/#website"},"primaryImageOfPage":{"@id":"https:\/\/hr4free.com\/fr\/Suivi-du-collaborateur\/Gestion-du-taux-absent%C3%A9isme-et-des-retards\/#primaryimage"},"image":{"@id":"https:\/\/hr4free.com\/fr\/Suivi-du-collaborateur\/Gestion-du-taux-absent%C3%A9isme-et-des-retards\/#primaryimage"},"thumbnailUrl":"https:\/\/hr4free.com\/wp-content\/uploads\/2019\/02\/analysis-3783312_1280-4.jpg","datePublished":"2018-08-30T15:46:53+00:00","dateModified":"2019-06-29T11:50:30+00:00","author":{"@id":"https:\/\/hr4free.com\/fr\/#\/schema\/person\/63b4676b4887d228dbc78b611adacc2e"},"breadcrumb":{"@id":"https:\/\/hr4free.com\/fr\/Suivi-du-collaborateur\/Gestion-du-taux-absent%C3%A9isme-et-des-retards\/#breadcrumb"},"inLanguage":"fr-FR","potentialAction":[{"@type":"ReadAction","target":["https:\/\/hr4free.com\/fr\/Suivi-du-collaborateur\/Gestion-du-taux-absent%C3%A9isme-et-des-retards\/"]}]},{"@type":"ImageObject","inLanguage":"fr-FR","@id":"https:\/\/hr4free.com\/fr\/Suivi-du-collaborateur\/Gestion-du-taux-absent%C3%A9isme-et-des-retards\/#primaryimage","url":"https:\/\/hr4free.com\/wp-content\/uploads\/2019\/02\/analysis-3783312_1280-4.jpg","contentUrl":"https:\/\/hr4free.com\/wp-content\/uploads\/2019\/02\/analysis-3783312_1280-4.jpg","width":1280,"height":732},{"@type":"BreadcrumbList","@id":"https:\/\/hr4free.com\/fr\/Suivi-du-collaborateur\/Gestion-du-taux-absent%C3%A9isme-et-des-retards\/#breadcrumb","itemListElement":[{"@type":"ListItem","position":1,"name":"Accueil","item":"https:\/\/hr4free.com\/fr\/"},{"@type":"ListItem","position":2,"name":"La gestion du taux d&rsquo;absent\u00e9isme et des retards en entreprise &#8211; Exemple &#8211; Processus MPC"}]},{"@type":"WebSite","@id":"https:\/\/hr4free.com\/fr\/#website","url":"https:\/\/hr4free.com\/fr\/","name":"HR4Free","description":"","potentialAction":[{"@type":"SearchAction","target":{"@type":"EntryPoint","urlTemplate":"https:\/\/hr4free.com\/fr\/?s={search_term_string}"},"query-input":{"@type":"PropertyValueSpecification","valueRequired":true,"valueName":"search_term_string"}}],"inLanguage":"fr-FR"},{"@type":"Person","@id":"https:\/\/hr4free.com\/fr\/#\/schema\/person\/63b4676b4887d228dbc78b611adacc2e","name":"admin","image":{"@type":"ImageObject","inLanguage":"fr-FR","@id":"https:\/\/secure.gravatar.com\/avatar\/1493e8ac9f7cdeb1d404ed3fa83f9d3a50c10f9a35c09a5271d0ac17a1db68b2?s=96&d=mm&r=g","url":"https:\/\/secure.gravatar.com\/avatar\/1493e8ac9f7cdeb1d404ed3fa83f9d3a50c10f9a35c09a5271d0ac17a1db68b2?s=96&d=mm&r=g","contentUrl":"https:\/\/secure.gravatar.com\/avatar\/1493e8ac9f7cdeb1d404ed3fa83f9d3a50c10f9a35c09a5271d0ac17a1db68b2?s=96&d=mm&r=g","caption":"admin"},"url":"https:\/\/hr4free.com\/fr\/author\/held\/"}]}},"_links":{"self":[{"href":"https:\/\/hr4free.com\/fr\/wp-json\/wp\/v2\/posts\/395","targetHints":{"allow":["GET"]}}],"collection":[{"href":"https:\/\/hr4free.com\/fr\/wp-json\/wp\/v2\/posts"}],"about":[{"href":"https:\/\/hr4free.com\/fr\/wp-json\/wp\/v2\/types\/post"}],"author":[{"embeddable":true,"href":"https:\/\/hr4free.com\/fr\/wp-json\/wp\/v2\/users\/3"}],"replies":[{"embeddable":true,"href":"https:\/\/hr4free.com\/fr\/wp-json\/wp\/v2\/comments?post=395"}],"version-history":[{"count":18,"href":"https:\/\/hr4free.com\/fr\/wp-json\/wp\/v2\/posts\/395\/revisions"}],"predecessor-version":[{"id":1012,"href":"https:\/\/hr4free.com\/fr\/wp-json\/wp\/v2\/posts\/395\/revisions\/1012"}],"wp:featuredmedia":[{"embeddable":true,"href":"https:\/\/hr4free.com\/fr\/wp-json\/wp\/v2\/media\/3571"}],"wp:attachment":[{"href":"https:\/\/hr4free.com\/fr\/wp-json\/wp\/v2\/media?parent=395"}],"wp:term":[{"taxonomy":"category","embeddable":true,"href":"https:\/\/hr4free.com\/fr\/wp-json\/wp\/v2\/categories?post=395"},{"taxonomy":"post_tag","embeddable":true,"href":"https:\/\/hr4free.com\/fr\/wp-json\/wp\/v2\/tags?post=395"}],"curies":[{"name":"wp","href":"https:\/\/api.w.org\/{rel}","templated":true}]}}