{"id":338,"date":"2019-02-04T11:02:06","date_gmt":"2019-02-04T11:02:06","guid":{"rendered":"http:\/\/hr4free.web-romandie.ch\/?p=338"},"modified":"2019-07-24T12:26:09","modified_gmt":"2019-07-24T12:26:09","slug":"strategie-et-politiques-rh-evolution-des-profils-de-competences-et-politique-salariale","status":"publish","type":"post","link":"https:\/\/hr4free.com\/fr\/Strat%C3%A9gie-et-politiques-RH\/%C3%89volution-des-profils-de-comp%C3%A9tences-et-politique-salariale","title":{"rendered":"\u00c9volution des profils de comp\u00e9tences et politique salariale: comment d\u00e9velopper une strat\u00e9gie RH coh\u00e9rente?"},"content":{"rendered":"<p><em>Auteurs: Jean-Marc Riss et Vincent Held, Pro Mind Consulting S.A.<\/em><\/p>\n<h5><strong>Les nouvelles priorit\u00e9s en termes de profils de comp\u00e9tences<\/strong><\/h5>\n<p>Depuis les ann\u00e9es 1980, les changements de structures des organisations, qui sont pass\u00e9es\u00a0<em><strong>d\u2019une organisation hi\u00e9rarchique \u00e0 une organisation en flux<\/strong><\/em>, ont caus\u00e9 une\u00a0<a href=\"http:\/\/www.hr4free.com\/PDF_Files\/Blog_RH_Politique_de_remuneration_profils_de_competence.pdf\" target=\"_blank\" rel=\"noopener noreferrer\" data-cke-saved-href=\"http:\/\/www.hr4free.com\/PDF_Files\/Blog_RH_Politique_de_remuneration_profils_de_competence.pdf\"><strong>inversion des priorit\u00e9s en termes de valorisation des savoirs, savoir-faire et savoir-\u00eatre (illustration)<\/strong><\/a>.<\/p>\n<p>En effet, alors qu\u2019autrefois les savoirs acquis lors de la formation professionnelle repr\u00e9sentaient un bagage pour la vie, la dur\u00e9e de validit\u00e9 de ceux-ci n\u2019atteint parfois plus que quelques mois dans certains domaines, tels que le tr\u00e8s embl\u00e9matique\u00a0<em>web 2.0<\/em> ou d\u2019autres secteurs informatiques et communicationnels de pointe.<\/p>\n<p>Au contraire,\u00a0<em><strong>des savoir-\u00eatres tels que l\u2019autonomie, l\u2019\u00e9coute, l\u2019ouverture au changement ou encore la capacit\u00e9 \u00e0 anticiper l\u2019\u00e9volution des besoins<\/strong><\/em>, deviennent des pr\u00e9-requis fondamentaux pour pouvoir\u00a0<a href=\"http:\/\/www.hr4free.com\/PDF_Files\/Blog_RH_Politique_de_remuneration_relations_client_fournisseur.pdf\" target=\"_blank\" rel=\"noopener noreferrer\" data-cke-saved-href=\"http:\/\/www.hr4free.com\/PDF_Files\/Blog_RH_Politique_de_remuneration_relations_client_fournisseur.pdf\"><strong>g\u00e9rer les relations client-fournisseur dans le flux (interne et externe) de l\u2019entreprise (illustration)<\/strong><\/a>.<\/p>\n<p>En outre,\u00a0<em><strong>certains savoir-faire tels que la ma\u00eetrise de la gestion de projets<\/strong><\/em>, en tant qu\u2019outil permettant de g\u00e9rer la complexit\u00e9 et l\u2019incertitude, prennent une place de premier plan \u00e0 tous les niveaux de l\u2019organisation.<\/p>\n<h5><strong>Les effets sur la politique de r\u00e9mun\u00e9ration<\/strong><\/h5>\n<p>L\u2019organisation gagnera \u00e0 int\u00e9grer ce changement de paradigme dans sa\u00a0<em>strat\u00e9gie RH<\/em>, et notamment au niveau de sa politique de r\u00e9mun\u00e9ration. En effet,\u00a0<strong><em>valoriser les comp\u00e9tences comportementales et techniques qui correspondent \u00e0 ses grandes orientations strat\u00e9giques<\/em><\/strong>\u00a0lui permettra de se positionner de mani\u00e8re comp\u00e9titive sur le march\u00e9 du travail, en se donnant tous les moyens pour\u00a0<em><strong>attirer les hauts potentiels dont les profils correspondent \u00e0 sa culture<\/strong><\/em>.<\/p>\n<p>Voici quelques exemples d\u2019\u00e9l\u00e9ments qui pourraient \u00eatre int\u00e9gr\u00e9s dans la politique de r\u00e9mun\u00e9ration:<\/p>\n<ol>\n<li><strong>La valorisation des responsabilit\u00e9s-cl\u00e9s:<\/strong>\u00a0identifier les activit\u00e9s \u00e0 valeur ajout\u00e9e pour le fonctionnement de l\u2019organisation.<\/li>\n<li><strong>La valorisation des comp\u00e9tences-cl\u00e9s de l\u2019organisation:\u00a0<\/strong>identifier les savoir-\u00eatre qui contribuent au renforcement de la culture de l\u2019organisation et son d\u00e9veloppement \u00e0 long-terme.<\/li>\n<li><strong>La valorisation de la gestion des flux humains:<\/strong>\u00a0tenir compte de l\u2019impact sur l\u2019entreprise de la gestion des interactions client-fournisseur li\u00e9es \u00e0 la fonction.<\/li>\n<\/ol>\n<p>\u200bIl s\u2019agira ensuite d\u2019utiliser ces crit\u00e8res de r\u00e9f\u00e9rence pour\u00a0<strong><em>\u00e9valuer les diff\u00e9rentes fonctions et construire les classes salariales de l\u2019organisation<\/em><\/strong>.<strong>\u00a0<\/strong>Relevons que, quelle que soit la m\u00e9thode utilis\u00e9e pour classer les fonctions selon leur importance relative pour l\u2019entreprise,\u00a0<strong><em>il est important que ce processus soit r\u00e9alis\u00e9 de fa\u00e7on transparente<\/em><\/strong>.<\/p>\n<p><strong>Ceci peut par exemple \u00eatre obtenu en attribuant une \u00ab\u00a0valeur en points\u00a0\u00bb \u00e0 chaque fonction.<\/strong>\u00a0Dans ce cas,\u00a0<a href=\"http:\/\/www.hr4free.com\/PDF_Files\/Blog_RH_Politique_de_remuneration_ponderations_criteres_evaluation.pdf\" target=\"_blank\" rel=\"noopener noreferrer\" data-cke-saved-href=\"http:\/\/www.hr4free.com\/PDF_Files\/Blog_RH_Politique_de_remuneration_ponderations_criteres_evaluation.pdf\"><strong>chaque axe d\u2019\u00e9valuation re\u00e7oit une pond\u00e9ration (exemple)<\/strong><\/a> qui refl\u00e8te son importance pour l\u2019entreprise. Dans cette approche, aussi bien le mode de calcul que les rubriques des questionnaires utilis\u00e9s pour l\u2019\u00e9valuation peuvent \u00eatre ajust\u00e9s \u00e0 la r\u00e9alit\u00e9 de l\u2019entreprise et \u00e0 ses orientations strat\u00e9giques.<\/p>\n<p>En outre, elle pr\u00e9sente l\u2019avantage de permettre un\u00a0<a href=\"http:\/\/www.hr4free.com\/PDF_Files\/Blog_RH_Politique_de_remuneration_redressement_valeur_fonction.pdf\" target=\"_blank\" rel=\"noopener noreferrer\" data-cke-saved-href=\"http:\/\/www.hr4free.com\/PDF_Files\/Blog_RH_Politique_de_remuneration_redressement_valeur_fonction.pdf\"><strong>\u00ab\u00a0redressement\u00a0\u00bb de la valeur d\u2019une fonction (exemple)<\/strong><\/a>\u00a0de mani\u00e8re parfaitement transparente, pour tenir compte d\u2019\u00e9l\u00e9ments suppl\u00e9mentaires tels que\u00a0<strong><em>la raret\u00e9 des personnes qualifi\u00e9es sur le march\u00e9<\/em>, la<em>\u00a0polyvalence<\/em>\u00a0ou encore le\u00a0<em>co\u00fbt de remplacement du titulaire<\/em>.<\/strong><\/p>\n<h5><strong>Conclusion<\/strong><\/h5>\n<p>La politique de r\u00e9mun\u00e9ration est un \u00e9l\u00e9ment-cl\u00e9 pour toute entreprise d\u00e9sireuse d\u2019int\u00e9grer la nouvelle donne en mati\u00e8re de profils de comp\u00e9tences.\u00a0<strong>L\u2019adaptation simultan\u00e9e des cahiers des charges permettra en outre \u00e0 l\u2019organisation de d\u00e9velopper une<em>\u00a0<\/em>coh\u00e9rence globale dans la gestion de ses Ressources Humaines<\/strong>, du<em>\u00a0recrutement<\/em>\u00a0\u00e0 la\u00a0<em>planification de la rel\u00e8ve<\/em>.<\/p>\n<p><em>A lire \u00e9galement:<\/em><\/p>\n<ul>\n<li><a href=\"https:\/\/hr4free.com\/fr\/Outils-du-Gestionnaire-RH\/Description-de-fonction-et-profil-de-poste\" target=\"_blank\" rel=\"noopener noreferrer\" data-cke-saved-href=\"https:\/\/hr4free.com\/fr\/Outils-du-Gestionnaire-RH\/Description-de-fonction-et-profil-de-poste\"><strong>La description de fonction et la d\u00e9finition du profil de poste<\/strong><\/a><\/li>\n<li><a href=\"https:\/\/hr4free.com\/fr\/Outils-du-Gestionnaire-RH\/Evaluation-de-fonction-et-politique-de-r%C3%A9mun%C3%A9ration\" target=\"_blank\" rel=\"noopener noreferrer\" data-cke-saved-href=\"https:\/\/hr4free.com\/fr\/Outils-du-Gestionnaire-RH\/Evaluation-de-fonction-et-politique-de-r\u00e9mun\u00e9ration\"><strong>L&rsquo;\u00e9valuation de fonction et la d\u00e9finition d&rsquo;une structure de r\u00e9mun\u00e9ration<\/strong><\/a><\/li>\n<\/ul>\n","protected":false},"excerpt":{"rendered":"<p>Auteurs: Jean-Marc Riss et Vincent Held, Pro Mind Consulting S.A. Les nouvelles priorit\u00e9s en termes de profils de comp\u00e9tences Depuis les ann\u00e9es 1980, les changements de structures des organisations, qui sont pass\u00e9es\u00a0d\u2019une organisation hi\u00e9rarchique \u00e0 une organisation en flux, ont caus\u00e9 une\u00a0inversion des priorit\u00e9s en termes de valorisation des savoirs, savoir-faire et savoir-\u00eatre (illustration). En [&hellip;]<\/p>\n","protected":false},"author":3,"featured_media":341,"comment_status":"open","ping_status":"closed","sticky":false,"template":"","format":"standard","meta":{"footnotes":""},"categories":[26,20],"tags":[95,127,125,126],"class_list":["post-338","post","type-post","status-publish","format-standard","has-post-thumbnail","hentry","category-processus-evaluation-description-de-fonctions","category-strategie-et-politiques-rh","tag-developpement-des-competences","tag-empowerment","tag-gestion-des-processus","tag-politique-salariale"],"yoast_head":"<!-- This site is optimized with the Yoast SEO plugin v28.3 - https:\/\/yoast.com\/product\/yoast-seo-wordpress\/ -->\n<title>\u00c9volution des profils de comp\u00e9tences et politique salariale: comment d\u00e9velopper une strat\u00e9gie RH coh\u00e9rente? - HR4Free<\/title>\n<meta name=\"robots\" content=\"noindex, follow, max-snippet:-1, max-image-preview:large, max-video-preview:-1\" \/>\n<meta property=\"og:locale\" content=\"fr_FR\" \/>\n<meta property=\"og:type\" content=\"article\" \/>\n<meta property=\"og:title\" content=\"\u00c9volution des profils de comp\u00e9tences et politique salariale: comment d\u00e9velopper une strat\u00e9gie RH coh\u00e9rente? - HR4Free\" \/>\n<meta property=\"og:description\" content=\"Auteurs: Jean-Marc Riss et Vincent Held, Pro Mind Consulting S.A. Les nouvelles priorit\u00e9s en termes de profils de comp\u00e9tences Depuis les ann\u00e9es 1980, les changements de structures des organisations, qui sont pass\u00e9es\u00a0d\u2019une organisation hi\u00e9rarchique \u00e0 une organisation en flux, ont caus\u00e9 une\u00a0inversion des priorit\u00e9s en termes de valorisation des savoirs, savoir-faire et savoir-\u00eatre (illustration). En [&hellip;]\" \/>\n<meta property=\"og:url\" content=\"https:\/\/hr4free.com\/fr\/Strat\u00e9gie-et-politiques-RH\/\u00c9volution-des-profils-de-comp\u00e9tences-et-politique-salariale\/\" \/>\n<meta property=\"og:site_name\" content=\"HR4Free\" \/>\n<meta property=\"article:published_time\" content=\"2019-02-04T11:02:06+00:00\" \/>\n<meta property=\"article:modified_time\" content=\"2019-07-24T12:26:09+00:00\" \/>\n<meta property=\"og:image\" content=\"https:\/\/hr4free.com\/wp-content\/uploads\/2019\/02\/bigstock-Hand-with-calculator-Finance-49662956_1.jpg\" \/>\n\t<meta property=\"og:image:width\" content=\"664\" \/>\n\t<meta property=\"og:image:height\" content=\"335\" \/>\n\t<meta property=\"og:image:type\" content=\"image\/jpeg\" \/>\n<meta name=\"author\" content=\"admin\" \/>\n<meta name=\"twitter:card\" content=\"summary_large_image\" \/>\n<meta name=\"twitter:label1\" content=\"\u00c9crit par\" \/>\n\t<meta name=\"twitter:data1\" content=\"admin\" \/>\n\t<meta name=\"twitter:label2\" content=\"Dur\u00e9e de lecture estim\u00e9e\" \/>\n\t<meta name=\"twitter:data2\" content=\"3 minutes\" \/>\n<script type=\"application\/ld+json\" class=\"yoast-schema-graph\">{\"@context\":\"https:\\\/\\\/schema.org\",\"@graph\":[{\"@type\":\"Article\",\"@id\":\"https:\\\/\\\/hr4free.com\\\/fr\\\/Strat%C3%A9gie-et-politiques-RH\\\/%C3%89volution-des-profils-de-comp%C3%A9tences-et-politique-salariale\\\/#article\",\"isPartOf\":{\"@id\":\"https:\\\/\\\/hr4free.com\\\/fr\\\/Strat%C3%A9gie-et-politiques-RH\\\/%C3%89volution-des-profils-de-comp%C3%A9tences-et-politique-salariale\\\/\"},\"author\":{\"name\":\"admin\",\"@id\":\"https:\\\/\\\/hr4free.com\\\/fr\\\/#\\\/schema\\\/person\\\/63b4676b4887d228dbc78b611adacc2e\"},\"headline\":\"\u00c9volution des profils de comp\u00e9tences et politique salariale: comment d\u00e9velopper une strat\u00e9gie RH coh\u00e9rente?\",\"datePublished\":\"2019-02-04T11:02:06+00:00\",\"dateModified\":\"2019-07-24T12:26:09+00:00\",\"mainEntityOfPage\":{\"@id\":\"https:\\\/\\\/hr4free.com\\\/fr\\\/Strat%C3%A9gie-et-politiques-RH\\\/%C3%89volution-des-profils-de-comp%C3%A9tences-et-politique-salariale\\\/\"},\"wordCount\":672,\"commentCount\":0,\"image\":{\"@id\":\"https:\\\/\\\/hr4free.com\\\/fr\\\/Strat%C3%A9gie-et-politiques-RH\\\/%C3%89volution-des-profils-de-comp%C3%A9tences-et-politique-salariale\\\/#primaryimage\"},\"thumbnailUrl\":\"https:\\\/\\\/hr4free.com\\\/wp-content\\\/uploads\\\/2019\\\/02\\\/bigstock-Hand-with-calculator-Finance-49662956_1.jpg\",\"keywords\":[\"d\u00e9veloppement des comp\u00e9tences\",\"empowerment\",\"gestion des processus\",\"politique salariale\"],\"articleSection\":[\"Politique de r\u00e9mun\u00e9ration\",\"Strat\u00e9gie et politiques RH\"],\"inLanguage\":\"fr-FR\",\"potentialAction\":[{\"@type\":\"CommentAction\",\"name\":\"Comment\",\"target\":[\"https:\\\/\\\/hr4free.com\\\/fr\\\/Strat%C3%A9gie-et-politiques-RH\\\/%C3%89volution-des-profils-de-comp%C3%A9tences-et-politique-salariale\\\/#respond\"]}]},{\"@type\":\"WebPage\",\"@id\":\"https:\\\/\\\/hr4free.com\\\/fr\\\/Strat%C3%A9gie-et-politiques-RH\\\/%C3%89volution-des-profils-de-comp%C3%A9tences-et-politique-salariale\\\/\",\"url\":\"https:\\\/\\\/hr4free.com\\\/fr\\\/Strat%C3%A9gie-et-politiques-RH\\\/%C3%89volution-des-profils-de-comp%C3%A9tences-et-politique-salariale\\\/\",\"name\":\"\u00c9volution des profils de comp\u00e9tences et politique salariale: comment d\u00e9velopper une strat\u00e9gie RH coh\u00e9rente? - HR4Free\",\"isPartOf\":{\"@id\":\"https:\\\/\\\/hr4free.com\\\/fr\\\/#website\"},\"primaryImageOfPage\":{\"@id\":\"https:\\\/\\\/hr4free.com\\\/fr\\\/Strat%C3%A9gie-et-politiques-RH\\\/%C3%89volution-des-profils-de-comp%C3%A9tences-et-politique-salariale\\\/#primaryimage\"},\"image\":{\"@id\":\"https:\\\/\\\/hr4free.com\\\/fr\\\/Strat%C3%A9gie-et-politiques-RH\\\/%C3%89volution-des-profils-de-comp%C3%A9tences-et-politique-salariale\\\/#primaryimage\"},\"thumbnailUrl\":\"https:\\\/\\\/hr4free.com\\\/wp-content\\\/uploads\\\/2019\\\/02\\\/bigstock-Hand-with-calculator-Finance-49662956_1.jpg\",\"datePublished\":\"2019-02-04T11:02:06+00:00\",\"dateModified\":\"2019-07-24T12:26:09+00:00\",\"author\":{\"@id\":\"https:\\\/\\\/hr4free.com\\\/fr\\\/#\\\/schema\\\/person\\\/63b4676b4887d228dbc78b611adacc2e\"},\"breadcrumb\":{\"@id\":\"https:\\\/\\\/hr4free.com\\\/fr\\\/Strat%C3%A9gie-et-politiques-RH\\\/%C3%89volution-des-profils-de-comp%C3%A9tences-et-politique-salariale\\\/#breadcrumb\"},\"inLanguage\":\"fr-FR\",\"potentialAction\":[{\"@type\":\"ReadAction\",\"target\":[\"https:\\\/\\\/hr4free.com\\\/fr\\\/Strat%C3%A9gie-et-politiques-RH\\\/%C3%89volution-des-profils-de-comp%C3%A9tences-et-politique-salariale\\\/\"]}]},{\"@type\":\"ImageObject\",\"inLanguage\":\"fr-FR\",\"@id\":\"https:\\\/\\\/hr4free.com\\\/fr\\\/Strat%C3%A9gie-et-politiques-RH\\\/%C3%89volution-des-profils-de-comp%C3%A9tences-et-politique-salariale\\\/#primaryimage\",\"url\":\"https:\\\/\\\/hr4free.com\\\/wp-content\\\/uploads\\\/2019\\\/02\\\/bigstock-Hand-with-calculator-Finance-49662956_1.jpg\",\"contentUrl\":\"https:\\\/\\\/hr4free.com\\\/wp-content\\\/uploads\\\/2019\\\/02\\\/bigstock-Hand-with-calculator-Finance-49662956_1.jpg\",\"width\":664,\"height\":335},{\"@type\":\"BreadcrumbList\",\"@id\":\"https:\\\/\\\/hr4free.com\\\/fr\\\/Strat%C3%A9gie-et-politiques-RH\\\/%C3%89volution-des-profils-de-comp%C3%A9tences-et-politique-salariale\\\/#breadcrumb\",\"itemListElement\":[{\"@type\":\"ListItem\",\"position\":1,\"name\":\"Accueil\",\"item\":\"https:\\\/\\\/hr4free.com\\\/fr\\\/\"},{\"@type\":\"ListItem\",\"position\":2,\"name\":\"\u00c9volution des profils de comp\u00e9tences et politique salariale: comment d\u00e9velopper une strat\u00e9gie RH coh\u00e9rente?\"}]},{\"@type\":\"WebSite\",\"@id\":\"https:\\\/\\\/hr4free.com\\\/fr\\\/#website\",\"url\":\"https:\\\/\\\/hr4free.com\\\/fr\\\/\",\"name\":\"HR4Free\",\"description\":\"\",\"potentialAction\":[{\"@type\":\"SearchAction\",\"target\":{\"@type\":\"EntryPoint\",\"urlTemplate\":\"https:\\\/\\\/hr4free.com\\\/fr\\\/?s={search_term_string}\"},\"query-input\":{\"@type\":\"PropertyValueSpecification\",\"valueRequired\":true,\"valueName\":\"search_term_string\"}}],\"inLanguage\":\"fr-FR\"},{\"@type\":\"Person\",\"@id\":\"https:\\\/\\\/hr4free.com\\\/fr\\\/#\\\/schema\\\/person\\\/63b4676b4887d228dbc78b611adacc2e\",\"name\":\"admin\",\"image\":{\"@type\":\"ImageObject\",\"inLanguage\":\"fr-FR\",\"@id\":\"https:\\\/\\\/secure.gravatar.com\\\/avatar\\\/1493e8ac9f7cdeb1d404ed3fa83f9d3a50c10f9a35c09a5271d0ac17a1db68b2?s=96&d=mm&r=g\",\"url\":\"https:\\\/\\\/secure.gravatar.com\\\/avatar\\\/1493e8ac9f7cdeb1d404ed3fa83f9d3a50c10f9a35c09a5271d0ac17a1db68b2?s=96&d=mm&r=g\",\"contentUrl\":\"https:\\\/\\\/secure.gravatar.com\\\/avatar\\\/1493e8ac9f7cdeb1d404ed3fa83f9d3a50c10f9a35c09a5271d0ac17a1db68b2?s=96&d=mm&r=g\",\"caption\":\"admin\"},\"url\":\"https:\\\/\\\/hr4free.com\\\/fr\\\/author\\\/held\\\/\"}]}<\/script>\n<!-- \/ Yoast SEO plugin. -->","yoast_head_json":{"title":"\u00c9volution des profils de comp\u00e9tences et politique salariale: comment d\u00e9velopper une strat\u00e9gie RH coh\u00e9rente? - HR4Free","robots":{"index":"noindex","follow":"follow","max-snippet":"max-snippet:-1","max-image-preview":"max-image-preview:large","max-video-preview":"max-video-preview:-1"},"og_locale":"fr_FR","og_type":"article","og_title":"\u00c9volution des profils de comp\u00e9tences et politique salariale: comment d\u00e9velopper une strat\u00e9gie RH coh\u00e9rente? - HR4Free","og_description":"Auteurs: Jean-Marc Riss et Vincent Held, Pro Mind Consulting S.A. Les nouvelles priorit\u00e9s en termes de profils de comp\u00e9tences Depuis les ann\u00e9es 1980, les changements de structures des organisations, qui sont pass\u00e9es\u00a0d\u2019une organisation hi\u00e9rarchique \u00e0 une organisation en flux, ont caus\u00e9 une\u00a0inversion des priorit\u00e9s en termes de valorisation des savoirs, savoir-faire et savoir-\u00eatre (illustration). En [&hellip;]","og_url":"https:\/\/hr4free.com\/fr\/Strat\u00e9gie-et-politiques-RH\/\u00c9volution-des-profils-de-comp\u00e9tences-et-politique-salariale\/","og_site_name":"HR4Free","article_published_time":"2019-02-04T11:02:06+00:00","article_modified_time":"2019-07-24T12:26:09+00:00","og_image":[{"width":664,"height":335,"url":"https:\/\/hr4free.com\/wp-content\/uploads\/2019\/02\/bigstock-Hand-with-calculator-Finance-49662956_1.jpg","type":"image\/jpeg"}],"author":"admin","twitter_card":"summary_large_image","twitter_misc":{"\u00c9crit par":"admin","Dur\u00e9e de lecture estim\u00e9e":"3 minutes"},"schema":{"@context":"https:\/\/schema.org","@graph":[{"@type":"Article","@id":"https:\/\/hr4free.com\/fr\/Strat%C3%A9gie-et-politiques-RH\/%C3%89volution-des-profils-de-comp%C3%A9tences-et-politique-salariale\/#article","isPartOf":{"@id":"https:\/\/hr4free.com\/fr\/Strat%C3%A9gie-et-politiques-RH\/%C3%89volution-des-profils-de-comp%C3%A9tences-et-politique-salariale\/"},"author":{"name":"admin","@id":"https:\/\/hr4free.com\/fr\/#\/schema\/person\/63b4676b4887d228dbc78b611adacc2e"},"headline":"\u00c9volution des profils de comp\u00e9tences et politique salariale: comment d\u00e9velopper une strat\u00e9gie RH coh\u00e9rente?","datePublished":"2019-02-04T11:02:06+00:00","dateModified":"2019-07-24T12:26:09+00:00","mainEntityOfPage":{"@id":"https:\/\/hr4free.com\/fr\/Strat%C3%A9gie-et-politiques-RH\/%C3%89volution-des-profils-de-comp%C3%A9tences-et-politique-salariale\/"},"wordCount":672,"commentCount":0,"image":{"@id":"https:\/\/hr4free.com\/fr\/Strat%C3%A9gie-et-politiques-RH\/%C3%89volution-des-profils-de-comp%C3%A9tences-et-politique-salariale\/#primaryimage"},"thumbnailUrl":"https:\/\/hr4free.com\/wp-content\/uploads\/2019\/02\/bigstock-Hand-with-calculator-Finance-49662956_1.jpg","keywords":["d\u00e9veloppement des comp\u00e9tences","empowerment","gestion des processus","politique salariale"],"articleSection":["Politique de r\u00e9mun\u00e9ration","Strat\u00e9gie et politiques RH"],"inLanguage":"fr-FR","potentialAction":[{"@type":"CommentAction","name":"Comment","target":["https:\/\/hr4free.com\/fr\/Strat%C3%A9gie-et-politiques-RH\/%C3%89volution-des-profils-de-comp%C3%A9tences-et-politique-salariale\/#respond"]}]},{"@type":"WebPage","@id":"https:\/\/hr4free.com\/fr\/Strat%C3%A9gie-et-politiques-RH\/%C3%89volution-des-profils-de-comp%C3%A9tences-et-politique-salariale\/","url":"https:\/\/hr4free.com\/fr\/Strat%C3%A9gie-et-politiques-RH\/%C3%89volution-des-profils-de-comp%C3%A9tences-et-politique-salariale\/","name":"\u00c9volution des profils de comp\u00e9tences et politique salariale: comment d\u00e9velopper une strat\u00e9gie RH coh\u00e9rente? - HR4Free","isPartOf":{"@id":"https:\/\/hr4free.com\/fr\/#website"},"primaryImageOfPage":{"@id":"https:\/\/hr4free.com\/fr\/Strat%C3%A9gie-et-politiques-RH\/%C3%89volution-des-profils-de-comp%C3%A9tences-et-politique-salariale\/#primaryimage"},"image":{"@id":"https:\/\/hr4free.com\/fr\/Strat%C3%A9gie-et-politiques-RH\/%C3%89volution-des-profils-de-comp%C3%A9tences-et-politique-salariale\/#primaryimage"},"thumbnailUrl":"https:\/\/hr4free.com\/wp-content\/uploads\/2019\/02\/bigstock-Hand-with-calculator-Finance-49662956_1.jpg","datePublished":"2019-02-04T11:02:06+00:00","dateModified":"2019-07-24T12:26:09+00:00","author":{"@id":"https:\/\/hr4free.com\/fr\/#\/schema\/person\/63b4676b4887d228dbc78b611adacc2e"},"breadcrumb":{"@id":"https:\/\/hr4free.com\/fr\/Strat%C3%A9gie-et-politiques-RH\/%C3%89volution-des-profils-de-comp%C3%A9tences-et-politique-salariale\/#breadcrumb"},"inLanguage":"fr-FR","potentialAction":[{"@type":"ReadAction","target":["https:\/\/hr4free.com\/fr\/Strat%C3%A9gie-et-politiques-RH\/%C3%89volution-des-profils-de-comp%C3%A9tences-et-politique-salariale\/"]}]},{"@type":"ImageObject","inLanguage":"fr-FR","@id":"https:\/\/hr4free.com\/fr\/Strat%C3%A9gie-et-politiques-RH\/%C3%89volution-des-profils-de-comp%C3%A9tences-et-politique-salariale\/#primaryimage","url":"https:\/\/hr4free.com\/wp-content\/uploads\/2019\/02\/bigstock-Hand-with-calculator-Finance-49662956_1.jpg","contentUrl":"https:\/\/hr4free.com\/wp-content\/uploads\/2019\/02\/bigstock-Hand-with-calculator-Finance-49662956_1.jpg","width":664,"height":335},{"@type":"BreadcrumbList","@id":"https:\/\/hr4free.com\/fr\/Strat%C3%A9gie-et-politiques-RH\/%C3%89volution-des-profils-de-comp%C3%A9tences-et-politique-salariale\/#breadcrumb","itemListElement":[{"@type":"ListItem","position":1,"name":"Accueil","item":"https:\/\/hr4free.com\/fr\/"},{"@type":"ListItem","position":2,"name":"\u00c9volution des profils de comp\u00e9tences et politique salariale: comment d\u00e9velopper une strat\u00e9gie RH coh\u00e9rente?"}]},{"@type":"WebSite","@id":"https:\/\/hr4free.com\/fr\/#website","url":"https:\/\/hr4free.com\/fr\/","name":"HR4Free","description":"","potentialAction":[{"@type":"SearchAction","target":{"@type":"EntryPoint","urlTemplate":"https:\/\/hr4free.com\/fr\/?s={search_term_string}"},"query-input":{"@type":"PropertyValueSpecification","valueRequired":true,"valueName":"search_term_string"}}],"inLanguage":"fr-FR"},{"@type":"Person","@id":"https:\/\/hr4free.com\/fr\/#\/schema\/person\/63b4676b4887d228dbc78b611adacc2e","name":"admin","image":{"@type":"ImageObject","inLanguage":"fr-FR","@id":"https:\/\/secure.gravatar.com\/avatar\/1493e8ac9f7cdeb1d404ed3fa83f9d3a50c10f9a35c09a5271d0ac17a1db68b2?s=96&d=mm&r=g","url":"https:\/\/secure.gravatar.com\/avatar\/1493e8ac9f7cdeb1d404ed3fa83f9d3a50c10f9a35c09a5271d0ac17a1db68b2?s=96&d=mm&r=g","contentUrl":"https:\/\/secure.gravatar.com\/avatar\/1493e8ac9f7cdeb1d404ed3fa83f9d3a50c10f9a35c09a5271d0ac17a1db68b2?s=96&d=mm&r=g","caption":"admin"},"url":"https:\/\/hr4free.com\/fr\/author\/held\/"}]}},"_links":{"self":[{"href":"https:\/\/hr4free.com\/fr\/wp-json\/wp\/v2\/posts\/338","targetHints":{"allow":["GET"]}}],"collection":[{"href":"https:\/\/hr4free.com\/fr\/wp-json\/wp\/v2\/posts"}],"about":[{"href":"https:\/\/hr4free.com\/fr\/wp-json\/wp\/v2\/types\/post"}],"author":[{"embeddable":true,"href":"https:\/\/hr4free.com\/fr\/wp-json\/wp\/v2\/users\/3"}],"replies":[{"embeddable":true,"href":"https:\/\/hr4free.com\/fr\/wp-json\/wp\/v2\/comments?post=338"}],"version-history":[{"count":4,"href":"https:\/\/hr4free.com\/fr\/wp-json\/wp\/v2\/posts\/338\/revisions"}],"predecessor-version":[{"id":4070,"href":"https:\/\/hr4free.com\/fr\/wp-json\/wp\/v2\/posts\/338\/revisions\/4070"}],"wp:featuredmedia":[{"embeddable":true,"href":"https:\/\/hr4free.com\/fr\/wp-json\/wp\/v2\/media\/341"}],"wp:attachment":[{"href":"https:\/\/hr4free.com\/fr\/wp-json\/wp\/v2\/media?parent=338"}],"wp:term":[{"taxonomy":"category","embeddable":true,"href":"https:\/\/hr4free.com\/fr\/wp-json\/wp\/v2\/categories?post=338"},{"taxonomy":"post_tag","embeddable":true,"href":"https:\/\/hr4free.com\/fr\/wp-json\/wp\/v2\/tags?post=338"}],"curies":[{"name":"wp","href":"https:\/\/api.w.org\/{rel}","templated":true}]}}