{"id":3219,"date":"2019-06-27T21:56:29","date_gmt":"2019-06-27T21:56:29","guid":{"rendered":"http:\/\/hr4free.web-romandie.ch\/?p=3219"},"modified":"2019-06-27T22:19:35","modified_gmt":"2019-06-27T22:19:35","slug":"le-developpement-des-competences-humaines-cle-du-succes-economique","status":"publish","type":"post","link":"https:\/\/hr4free.com\/fr\/Economie-et-Emploi\/Liliane-Held-Khawam\/Le-d%C3%A9veloppement-des-comp%C3%A9tences-humaines-cl%C3%A9-du-succ%C3%A8s-%C3%A9conomique","title":{"rendered":"Le d\u00e9veloppement des comp\u00e9tences humaines, cl\u00e9 du succ\u00e8s \u00e9conomique"},"content":{"rendered":"<p><strong>Dans la masse des mauvaises nouvelles quotidiennes mondiales, on apprend que la Suisse romande r\u00e9siste plut\u00f4t bien \u00e0 la crise.\u00a0<\/strong>La perspective de croissance de son produit int\u00e9rieur brut (PIB) est de plus de 2% en 2010 et 2011, selon une \u00e9tude de l\u2019institut CREA publi\u00e9e en mai dernier.<\/p>\n<p><em>Par Liliane Held-Khawam, auteur du livre\u00a0<strong><a href=\"http:\/\/www.hr4free.com\/fr\/Management-Par-le-Coaching\/Livre-MPC%E2%84%A2\" target=\"_blank\" rel=\"noopener\" data-cke-saved-href=\"http:\/\/www.hr4free.com\/fr\/Management-Par-le-Coaching\/Livre-MPC%E2%84%A2\">\u00ab\u00a0Le Management Par le Coaching (MPC): le cadre \u00e0 la recherche de ses rep\u00e8res\u00a0\u00bb<\/a><\/strong><\/em><em>. Article paru dans le quotidien suisse Le Temps du 26.07.2010<\/em><\/p>\n<p><strong>Deux informations-cl\u00e9s pourraient expliquer ce constat.\u00a0<\/strong>On observe, d\u2019une part, une importante\u00a0<em>diversit\u00e9 du tissu \u00e9conomique romand<\/em>; le march\u00e9 du travail offrant des comp\u00e9tences diversifi\u00e9es avec une capacit\u00e9 entrepreneuriale qui favorise la cr\u00e9ation de PME-PMI. D\u2019autre part, l\u2019\u00e9tude r\u00e9v\u00e8le une\u00a0<em>forte pr\u00e9sence d\u2019entreprises \u00e0 haute valeur ajout\u00e9e<\/em>\u00a0\u2013 comme le biom\u00e9dical ou l\u2019horlogerie \u2013 ainsi que des unit\u00e9s de recherche et d\u00e9veloppement tr\u00e8s pointues. Si ces secteurs reposent sur des outils de gestion et de production de pointe \u2013 et s\u2019ils sont dot\u00e9s de moyens financiers importants \u2013, ils reposent \u00e9galement de mani\u00e8re vitale sur les comp\u00e9tences humaines de leurs managers et collaborateurs.<\/p>\n<h5 style=\"text-align: center;\"><strong>LE R\u00d4LE DES COMP\u00c9TENCES HUMAINES&#8230;<\/strong><\/h5>\n<p><strong>Ceci nous encourage \u00e0 pr\u00e9tendre que les comp\u00e9tences humaines port\u00e9es par le monde de l\u2019entreprise sont une composante essentielle du capital \u00e9conomique.<\/strong>\u00a0Et qu\u2019elles participent \u00e0 la stabilit\u00e9 et au d\u00e9veloppement \u00e9conomique d\u2019une r\u00e9gion, d\u2019une nation, voire plus. Le b\u00e9n\u00e9fice g\u00e9n\u00e9r\u00e9 devient ainsi une cons\u00e9quence d\u2019une richesse r\u00e9elle non sp\u00e9culative et un indicateur de bonne sant\u00e9 \u00e9conomique.<\/p>\n<p><strong>Bon nombre de grandes entreprises, notamment celles \u00e0 forte valeur ajout\u00e9e, ont compris l\u2019importance vitale que repr\u00e9sentent les comp\u00e9tences humaines<\/strong>\u00a0aussi bien\u00a0<em>individuelles<\/em>\u00a0que\u00a0<em>collectives<\/em>. Force est toutefois de constater que les grands programmes de formation et d\u00e9veloppement, fort co\u00fbteux, ne produisent pas toujours les r\u00e9sultats escompt\u00e9s, d\u00e8s lors que le collaborateur n\u2019est pas totalement partie prenante du processus.<\/p>\n<h5 style=\"text-align: center;\"><strong>&#8230;ET CELUI DE LA CONFIANCE<\/strong><\/h5>\n<p><strong>Quelques \u00e9l\u00e9ments favorisent l\u2019expression des talents. Le plus important est la confiance r\u00e9ciproque avec ses partenaires<\/strong>\u00a0qui constitue un terreau essentiel propice \u00e0 une plus grande autonomie, flexibilit\u00e9 et une implication accrue dans la r\u00e9solution de probl\u00e8mes et de recherche de qualit\u00e9. Un autre facteur qui stimule l\u2019expression des comp\u00e9tences est la\u00a0<em>s\u00e9r\u00e9nit\u00e9<\/em>.\u00a0<u>Plus l\u2019atmosph\u00e8re de travail est pacifi\u00e9e, et plus les chances que le facteur humain s\u2019investisse augmentent<\/u>. Confiance et s\u00e9r\u00e9nit\u00e9 offrent un cadre o\u00f9 l\u2019\u00e9panouissement professionnel de l\u2019individu est possible.<\/p>\n<h5 style=\"text-align: center;\"><strong>\u00c9VALUATION ET D\u00c9VELOPPEMENT DES COMP\u00c9TENCES<\/strong><\/h5>\n<p>Le d\u00e9veloppement des comp\u00e9tences d\u00e9marre par un\u00a0<em>inventaire des comp\u00e9tences professionnelles requises<\/em>. Elles sont r\u00e9parties en quatre familles:<\/p>\n<ol>\n<li><strong>La premi\u00e8re est celle des comp\u00e9tences techniques<\/strong>\u00a0accumul\u00e9es au cours des diverses formations scolaires, universitaires, professionnelles et des diff\u00e9rentes exp\u00e9riences professionnelles: savoir-faire technique, ma\u00eetrise des langues, etc.<\/li>\n<li><strong>Une autre famille de comp\u00e9tences est organisationnelle, voire entrepreneuriale.<\/strong>\u00a0Elle concerne les capacit\u00e9s de gestion pure de la sph\u00e8re dont on a la responsabilit\u00e9. On y trouve le degr\u00e9 d\u2019aisance dans la gestion de processus ou de projet, la capacit\u00e9 \u00e0 structurer une mission. Nous avons observ\u00e9 que la gestion de projets est un outil qui structure avantageusement une mission professionnelle, quels qu\u2019en soient le contexte, le niveau de responsabilit\u00e9 ou l\u2019ampleur. Il est d\u2019autant plus indiqu\u00e9 que l\u2019entreprise est structur\u00e9e autour de processus d\u2019activit\u00e9s.<\/li>\n<li><strong>Le management interpersonnel regroupe aussi une s\u00e9rie de comp\u00e9tences tr\u00e8s importantes \u00e0 l\u2019heure actuelle.<\/strong>\u00a0Ces crit\u00e8res peuvent toucher \u00e0 l\u2019aisance dans la mobilisation d\u2019un groupe, \u00e0 la facilit\u00e9 \u00e0 communiquer ou \u00e0 celle de r\u00e9soudre des conflits.<\/li>\n<li><strong>Le dernier niveau de crit\u00e8res \u00e0 \u00e9valuer concerne le management de soi<\/strong>\u00a0avec, par exemple, le niveau de r\u00e9sistance au stress ou l\u2019\u00e9quilibre de vie. Cette dimension est tr\u00e8s importante, car elle interroge sur l\u2019\u00e9quilibre entre vie professionnelle, vie sociale et vie priv\u00e9e. On constate que la vie familiale rev\u00eat une r\u00e9elle importance, en particulier en p\u00e9riode de crise. La famille devient alors un rep\u00e8re et un lieu de ressourcement. Il est donc judicieux d\u2019\u00e9valuer la combinaison de ces trois niveaux de vie.<\/li>\n<\/ol>\n<p>Une fois l\u2019inventaire des comp\u00e9tences r\u00e9alis\u00e9 et positionn\u00e9 dans un\u00a0<em>\u00e9quilibre de vie r\u00eav\u00e9<\/em>, l\u2019individu peut les r\u00e9partir en deux cat\u00e9gories par rapport \u00e0 un projet professionnel.<\/p>\n<h5 style=\"text-align: center;\"><strong>COMP\u00c9TENCES-ATOUTS VS COMP\u00c9TENCES-LIMITES<\/strong><\/h5>\n<p><strong>Les comp\u00e9tences-atouts sont des points forts qu\u2019on a du plaisir \u00e0 vivre. Elles sont inn\u00e9es ou acquises.<\/strong>\u00a0Elles sont importantes \u00e0 exprimer, faute de quoi cette \u00e9nergie deviendra une source de frustration, voire de stress et de d\u00e9motivation. Plus l\u2019individu traduit les comp\u00e9tences-atouts dans le concret, plus il s\u2019\u00e9panouit et lib\u00e8re de nouvelles facettes de sa personnalit\u00e9. Les comp\u00e9tences-limites sont de potentiels points faibles. Il est humain d\u2019en avoir et sain de les inventorier afin de les respecter, soit en les laissant telles quelles, soit en en faisant des sujets de d\u00e9veloppement.<\/p>\n<p><strong>Si la personne qui pratique l\u2019exercice est un manager, il peut dans un deuxi\u00e8me temps accompagner les membres de son \u00e9quipe dans le bilan de leurs comp\u00e9tences-atouts\/comp\u00e9tences-limites<\/strong>\u00a0afin de les rassurer et de les encourager \u00e0 les lib\u00e9rer dans la r\u00e9alisation de leur mission.<\/p>\n<p><strong>Par la suite, ce manager pourrait consolider le capital-comp\u00e9tences des membres de son groupe.<\/strong>\u00a0Il peut alors f\u00e9d\u00e9rer l\u2019\u00e9quipe autour de lui, puis renforcer la d\u00e9l\u00e9gation d\u2019activit\u00e9s en s\u2019appuyant sur les \u00ab\u00a0sp\u00e9cificit\u00e9s\u00a0\u00bb des uns et des autres. Ce faisant, il met \u00e0 l\u2019honneur la compl\u00e9mentarit\u00e9 des talents et cr\u00e9e du m\u00eame coup une \u00e9quipe solidaire et efficace. La comp\u00e9titivit\u00e9 des individus, du groupe, voire de l\u2019entreprise ainsi constitu\u00e9e ne pourra que cro\u00eetre et durer.<\/p>\n<p><em>A lire \u00e9galement:<\/em><\/p>\n<ul>\n<li><strong><a href=\"https:\/\/hr4free.com\/fr\/Economie-et-Emploi\/Liliane-Held-Khawam\/Nous-devons-r%C3%A9humaniser-%C3%A9conomie\" target=\"_blank\" rel=\"noopener\" data-cke-saved-href=\"https:\/\/hr4free.com\/fr\/Economie-et-Emploi\/Liliane-Held-Khawam\/Nous-devons-r\u00e9humaniser-\u00e9conomie\">Nous devons r\u00e9humaniser l&rsquo;\u00e9conomie!<\/a><\/strong>\u00a0(Le Temps, 15.10.2010)<\/li>\n<\/ul>\n","protected":false},"excerpt":{"rendered":"<p>Dans la masse des mauvaises nouvelles quotidiennes mondiales, on apprend que la Suisse romande r\u00e9siste plut\u00f4t bien \u00e0 la crise.\u00a0La perspective de croissance de son produit int\u00e9rieur brut (PIB) est de plus de 2% en 2010 et 2011, selon une \u00e9tude de l\u2019institut CREA publi\u00e9e en mai dernier. Par Liliane Held-Khawam, auteur du livre\u00a0\u00ab\u00a0Le Management [&hellip;]<\/p>\n","protected":false},"author":3,"featured_media":3245,"comment_status":"open","ping_status":"closed","sticky":false,"template":"","format":"standard","meta":{"footnotes":""},"categories":[371,84],"tags":[372,373,377],"class_list":["post-3219","post","type-post","status-publish","format-standard","has-post-thumbnail","hentry","category-competences-humaines-competitivite-economique","category-economie-et-emploi","tag-competences-humaines","tag-competitivite","tag-economie-durable"],"yoast_head":"<!-- This site is optimized with the Yoast SEO plugin v28.3 - https:\/\/yoast.com\/product\/yoast-seo-wordpress\/ -->\n<title>Le d\u00e9veloppement des comp\u00e9tences humaines, cl\u00e9 du succ\u00e8s \u00e9conomique - HR4Free<\/title>\n<meta name=\"robots\" content=\"noindex, follow, max-snippet:-1, max-image-preview:large, max-video-preview:-1\" \/>\n<meta property=\"og:locale\" content=\"fr_FR\" \/>\n<meta property=\"og:type\" content=\"article\" \/>\n<meta property=\"og:title\" content=\"Le d\u00e9veloppement des comp\u00e9tences humaines, cl\u00e9 du succ\u00e8s \u00e9conomique - HR4Free\" \/>\n<meta property=\"og:description\" content=\"Dans la masse des mauvaises nouvelles quotidiennes mondiales, on apprend que la Suisse romande r\u00e9siste plut\u00f4t bien \u00e0 la crise.\u00a0La perspective de croissance de son produit int\u00e9rieur brut (PIB) est de plus de 2% en 2010 et 2011, selon une \u00e9tude de l\u2019institut CREA publi\u00e9e en mai dernier. Par Liliane Held-Khawam, auteur du livre\u00a0\u00ab\u00a0Le Management [&hellip;]\" \/>\n<meta property=\"og:url\" content=\"https:\/\/hr4free.com\/fr\/Economie-et-Emploi\/Liliane-Held-Khawam\/Le-d\u00e9veloppement-des-comp\u00e9tences-humaines-cl\u00e9-du-succ\u00e8s-\u00e9conomique\/\" \/>\n<meta property=\"og:site_name\" content=\"HR4Free\" \/>\n<meta property=\"article:published_time\" content=\"2019-06-27T21:56:29+00:00\" \/>\n<meta property=\"article:modified_time\" content=\"2019-06-27T22:19:35+00:00\" \/>\n<meta property=\"og:image\" content=\"https:\/\/hr4free.com\/wp-content\/uploads\/2019\/06\/bigstock-Two-Factory-Workers-Discussion-55884296-1024x769.jpg\" \/>\n\t<meta property=\"og:image:width\" content=\"1024\" \/>\n\t<meta property=\"og:image:height\" content=\"769\" \/>\n\t<meta property=\"og:image:type\" content=\"image\/jpeg\" \/>\n<meta name=\"author\" content=\"admin\" \/>\n<meta name=\"twitter:card\" content=\"summary_large_image\" \/>\n<meta name=\"twitter:label1\" content=\"\u00c9crit par\" \/>\n\t<meta name=\"twitter:data1\" content=\"admin\" \/>\n\t<meta name=\"twitter:label2\" content=\"Dur\u00e9e de lecture estim\u00e9e\" \/>\n\t<meta name=\"twitter:data2\" content=\"5 minutes\" \/>\n<script type=\"application\/ld+json\" class=\"yoast-schema-graph\">{\"@context\":\"https:\\\/\\\/schema.org\",\"@graph\":[{\"@type\":\"Article\",\"@id\":\"https:\\\/\\\/hr4free.com\\\/fr\\\/Economie-et-Emploi\\\/Liliane-Held-Khawam\\\/Le-d%C3%A9veloppement-des-comp%C3%A9tences-humaines-cl%C3%A9-du-succ%C3%A8s-%C3%A9conomique\\\/#article\",\"isPartOf\":{\"@id\":\"https:\\\/\\\/hr4free.com\\\/fr\\\/Economie-et-Emploi\\\/Liliane-Held-Khawam\\\/Le-d%C3%A9veloppement-des-comp%C3%A9tences-humaines-cl%C3%A9-du-succ%C3%A8s-%C3%A9conomique\\\/\"},\"author\":{\"name\":\"admin\",\"@id\":\"https:\\\/\\\/hr4free.com\\\/fr\\\/#\\\/schema\\\/person\\\/63b4676b4887d228dbc78b611adacc2e\"},\"headline\":\"Le d\u00e9veloppement des comp\u00e9tences humaines, cl\u00e9 du succ\u00e8s \u00e9conomique\",\"datePublished\":\"2019-06-27T21:56:29+00:00\",\"dateModified\":\"2019-06-27T22:19:35+00:00\",\"mainEntityOfPage\":{\"@id\":\"https:\\\/\\\/hr4free.com\\\/fr\\\/Economie-et-Emploi\\\/Liliane-Held-Khawam\\\/Le-d%C3%A9veloppement-des-comp%C3%A9tences-humaines-cl%C3%A9-du-succ%C3%A8s-%C3%A9conomique\\\/\"},\"wordCount\":1043,\"commentCount\":0,\"image\":{\"@id\":\"https:\\\/\\\/hr4free.com\\\/fr\\\/Economie-et-Emploi\\\/Liliane-Held-Khawam\\\/Le-d%C3%A9veloppement-des-comp%C3%A9tences-humaines-cl%C3%A9-du-succ%C3%A8s-%C3%A9conomique\\\/#primaryimage\"},\"thumbnailUrl\":\"https:\\\/\\\/hr4free.com\\\/wp-content\\\/uploads\\\/2019\\\/06\\\/bigstock-Two-Factory-Workers-Discussion-55884296.jpg\",\"keywords\":[\"comp\u00e9tences humaines\",\"comp\u00e9titivit\u00e9\",\"\u00e9conomie durable\"],\"articleSection\":[\"Comp\u00e9tences humaines &amp; Comp\u00e9titivit\u00e9 \u00e9conomique\",\"\u00c9conomie et emploi\"],\"inLanguage\":\"fr-FR\",\"potentialAction\":[{\"@type\":\"CommentAction\",\"name\":\"Comment\",\"target\":[\"https:\\\/\\\/hr4free.com\\\/fr\\\/Economie-et-Emploi\\\/Liliane-Held-Khawam\\\/Le-d%C3%A9veloppement-des-comp%C3%A9tences-humaines-cl%C3%A9-du-succ%C3%A8s-%C3%A9conomique\\\/#respond\"]}]},{\"@type\":\"WebPage\",\"@id\":\"https:\\\/\\\/hr4free.com\\\/fr\\\/Economie-et-Emploi\\\/Liliane-Held-Khawam\\\/Le-d%C3%A9veloppement-des-comp%C3%A9tences-humaines-cl%C3%A9-du-succ%C3%A8s-%C3%A9conomique\\\/\",\"url\":\"https:\\\/\\\/hr4free.com\\\/fr\\\/Economie-et-Emploi\\\/Liliane-Held-Khawam\\\/Le-d%C3%A9veloppement-des-comp%C3%A9tences-humaines-cl%C3%A9-du-succ%C3%A8s-%C3%A9conomique\\\/\",\"name\":\"Le d\u00e9veloppement des comp\u00e9tences humaines, cl\u00e9 du succ\u00e8s \u00e9conomique - HR4Free\",\"isPartOf\":{\"@id\":\"https:\\\/\\\/hr4free.com\\\/fr\\\/#website\"},\"primaryImageOfPage\":{\"@id\":\"https:\\\/\\\/hr4free.com\\\/fr\\\/Economie-et-Emploi\\\/Liliane-Held-Khawam\\\/Le-d%C3%A9veloppement-des-comp%C3%A9tences-humaines-cl%C3%A9-du-succ%C3%A8s-%C3%A9conomique\\\/#primaryimage\"},\"image\":{\"@id\":\"https:\\\/\\\/hr4free.com\\\/fr\\\/Economie-et-Emploi\\\/Liliane-Held-Khawam\\\/Le-d%C3%A9veloppement-des-comp%C3%A9tences-humaines-cl%C3%A9-du-succ%C3%A8s-%C3%A9conomique\\\/#primaryimage\"},\"thumbnailUrl\":\"https:\\\/\\\/hr4free.com\\\/wp-content\\\/uploads\\\/2019\\\/06\\\/bigstock-Two-Factory-Workers-Discussion-55884296.jpg\",\"datePublished\":\"2019-06-27T21:56:29+00:00\",\"dateModified\":\"2019-06-27T22:19:35+00:00\",\"author\":{\"@id\":\"https:\\\/\\\/hr4free.com\\\/fr\\\/#\\\/schema\\\/person\\\/63b4676b4887d228dbc78b611adacc2e\"},\"breadcrumb\":{\"@id\":\"https:\\\/\\\/hr4free.com\\\/fr\\\/Economie-et-Emploi\\\/Liliane-Held-Khawam\\\/Le-d%C3%A9veloppement-des-comp%C3%A9tences-humaines-cl%C3%A9-du-succ%C3%A8s-%C3%A9conomique\\\/#breadcrumb\"},\"inLanguage\":\"fr-FR\",\"potentialAction\":[{\"@type\":\"ReadAction\",\"target\":[\"https:\\\/\\\/hr4free.com\\\/fr\\\/Economie-et-Emploi\\\/Liliane-Held-Khawam\\\/Le-d%C3%A9veloppement-des-comp%C3%A9tences-humaines-cl%C3%A9-du-succ%C3%A8s-%C3%A9conomique\\\/\"]}]},{\"@type\":\"ImageObject\",\"inLanguage\":\"fr-FR\",\"@id\":\"https:\\\/\\\/hr4free.com\\\/fr\\\/Economie-et-Emploi\\\/Liliane-Held-Khawam\\\/Le-d%C3%A9veloppement-des-comp%C3%A9tences-humaines-cl%C3%A9-du-succ%C3%A8s-%C3%A9conomique\\\/#primaryimage\",\"url\":\"https:\\\/\\\/hr4free.com\\\/wp-content\\\/uploads\\\/2019\\\/06\\\/bigstock-Two-Factory-Workers-Discussion-55884296.jpg\",\"contentUrl\":\"https:\\\/\\\/hr4free.com\\\/wp-content\\\/uploads\\\/2019\\\/06\\\/bigstock-Two-Factory-Workers-Discussion-55884296.jpg\",\"width\":4780,\"height\":3592,\"caption\":\"two Factory workers discussion and pointing for inspection, talk about process .\"},{\"@type\":\"BreadcrumbList\",\"@id\":\"https:\\\/\\\/hr4free.com\\\/fr\\\/Economie-et-Emploi\\\/Liliane-Held-Khawam\\\/Le-d%C3%A9veloppement-des-comp%C3%A9tences-humaines-cl%C3%A9-du-succ%C3%A8s-%C3%A9conomique\\\/#breadcrumb\",\"itemListElement\":[{\"@type\":\"ListItem\",\"position\":1,\"name\":\"Accueil\",\"item\":\"https:\\\/\\\/hr4free.com\\\/fr\\\/\"},{\"@type\":\"ListItem\",\"position\":2,\"name\":\"Le d\u00e9veloppement des comp\u00e9tences humaines, cl\u00e9 du succ\u00e8s \u00e9conomique\"}]},{\"@type\":\"WebSite\",\"@id\":\"https:\\\/\\\/hr4free.com\\\/fr\\\/#website\",\"url\":\"https:\\\/\\\/hr4free.com\\\/fr\\\/\",\"name\":\"HR4Free\",\"description\":\"\",\"potentialAction\":[{\"@type\":\"SearchAction\",\"target\":{\"@type\":\"EntryPoint\",\"urlTemplate\":\"https:\\\/\\\/hr4free.com\\\/fr\\\/?s={search_term_string}\"},\"query-input\":{\"@type\":\"PropertyValueSpecification\",\"valueRequired\":true,\"valueName\":\"search_term_string\"}}],\"inLanguage\":\"fr-FR\"},{\"@type\":\"Person\",\"@id\":\"https:\\\/\\\/hr4free.com\\\/fr\\\/#\\\/schema\\\/person\\\/63b4676b4887d228dbc78b611adacc2e\",\"name\":\"admin\",\"image\":{\"@type\":\"ImageObject\",\"inLanguage\":\"fr-FR\",\"@id\":\"https:\\\/\\\/secure.gravatar.com\\\/avatar\\\/1493e8ac9f7cdeb1d404ed3fa83f9d3a50c10f9a35c09a5271d0ac17a1db68b2?s=96&d=mm&r=g\",\"url\":\"https:\\\/\\\/secure.gravatar.com\\\/avatar\\\/1493e8ac9f7cdeb1d404ed3fa83f9d3a50c10f9a35c09a5271d0ac17a1db68b2?s=96&d=mm&r=g\",\"contentUrl\":\"https:\\\/\\\/secure.gravatar.com\\\/avatar\\\/1493e8ac9f7cdeb1d404ed3fa83f9d3a50c10f9a35c09a5271d0ac17a1db68b2?s=96&d=mm&r=g\",\"caption\":\"admin\"},\"url\":\"https:\\\/\\\/hr4free.com\\\/fr\\\/author\\\/held\\\/\"}]}<\/script>\n<!-- \/ Yoast SEO plugin. -->","yoast_head_json":{"title":"Le d\u00e9veloppement des comp\u00e9tences humaines, cl\u00e9 du succ\u00e8s \u00e9conomique - HR4Free","robots":{"index":"noindex","follow":"follow","max-snippet":"max-snippet:-1","max-image-preview":"max-image-preview:large","max-video-preview":"max-video-preview:-1"},"og_locale":"fr_FR","og_type":"article","og_title":"Le d\u00e9veloppement des comp\u00e9tences humaines, cl\u00e9 du succ\u00e8s \u00e9conomique - HR4Free","og_description":"Dans la masse des mauvaises nouvelles quotidiennes mondiales, on apprend que la Suisse romande r\u00e9siste plut\u00f4t bien \u00e0 la crise.\u00a0La perspective de croissance de son produit int\u00e9rieur brut (PIB) est de plus de 2% en 2010 et 2011, selon une \u00e9tude de l\u2019institut CREA publi\u00e9e en mai dernier. Par Liliane Held-Khawam, auteur du livre\u00a0\u00ab\u00a0Le Management [&hellip;]","og_url":"https:\/\/hr4free.com\/fr\/Economie-et-Emploi\/Liliane-Held-Khawam\/Le-d\u00e9veloppement-des-comp\u00e9tences-humaines-cl\u00e9-du-succ\u00e8s-\u00e9conomique\/","og_site_name":"HR4Free","article_published_time":"2019-06-27T21:56:29+00:00","article_modified_time":"2019-06-27T22:19:35+00:00","og_image":[{"width":1024,"height":769,"url":"https:\/\/hr4free.com\/wp-content\/uploads\/2019\/06\/bigstock-Two-Factory-Workers-Discussion-55884296-1024x769.jpg","type":"image\/jpeg"}],"author":"admin","twitter_card":"summary_large_image","twitter_misc":{"\u00c9crit par":"admin","Dur\u00e9e de lecture estim\u00e9e":"5 minutes"},"schema":{"@context":"https:\/\/schema.org","@graph":[{"@type":"Article","@id":"https:\/\/hr4free.com\/fr\/Economie-et-Emploi\/Liliane-Held-Khawam\/Le-d%C3%A9veloppement-des-comp%C3%A9tences-humaines-cl%C3%A9-du-succ%C3%A8s-%C3%A9conomique\/#article","isPartOf":{"@id":"https:\/\/hr4free.com\/fr\/Economie-et-Emploi\/Liliane-Held-Khawam\/Le-d%C3%A9veloppement-des-comp%C3%A9tences-humaines-cl%C3%A9-du-succ%C3%A8s-%C3%A9conomique\/"},"author":{"name":"admin","@id":"https:\/\/hr4free.com\/fr\/#\/schema\/person\/63b4676b4887d228dbc78b611adacc2e"},"headline":"Le d\u00e9veloppement des comp\u00e9tences humaines, cl\u00e9 du succ\u00e8s \u00e9conomique","datePublished":"2019-06-27T21:56:29+00:00","dateModified":"2019-06-27T22:19:35+00:00","mainEntityOfPage":{"@id":"https:\/\/hr4free.com\/fr\/Economie-et-Emploi\/Liliane-Held-Khawam\/Le-d%C3%A9veloppement-des-comp%C3%A9tences-humaines-cl%C3%A9-du-succ%C3%A8s-%C3%A9conomique\/"},"wordCount":1043,"commentCount":0,"image":{"@id":"https:\/\/hr4free.com\/fr\/Economie-et-Emploi\/Liliane-Held-Khawam\/Le-d%C3%A9veloppement-des-comp%C3%A9tences-humaines-cl%C3%A9-du-succ%C3%A8s-%C3%A9conomique\/#primaryimage"},"thumbnailUrl":"https:\/\/hr4free.com\/wp-content\/uploads\/2019\/06\/bigstock-Two-Factory-Workers-Discussion-55884296.jpg","keywords":["comp\u00e9tences humaines","comp\u00e9titivit\u00e9","\u00e9conomie durable"],"articleSection":["Comp\u00e9tences humaines &amp; Comp\u00e9titivit\u00e9 \u00e9conomique","\u00c9conomie et emploi"],"inLanguage":"fr-FR","potentialAction":[{"@type":"CommentAction","name":"Comment","target":["https:\/\/hr4free.com\/fr\/Economie-et-Emploi\/Liliane-Held-Khawam\/Le-d%C3%A9veloppement-des-comp%C3%A9tences-humaines-cl%C3%A9-du-succ%C3%A8s-%C3%A9conomique\/#respond"]}]},{"@type":"WebPage","@id":"https:\/\/hr4free.com\/fr\/Economie-et-Emploi\/Liliane-Held-Khawam\/Le-d%C3%A9veloppement-des-comp%C3%A9tences-humaines-cl%C3%A9-du-succ%C3%A8s-%C3%A9conomique\/","url":"https:\/\/hr4free.com\/fr\/Economie-et-Emploi\/Liliane-Held-Khawam\/Le-d%C3%A9veloppement-des-comp%C3%A9tences-humaines-cl%C3%A9-du-succ%C3%A8s-%C3%A9conomique\/","name":"Le d\u00e9veloppement des comp\u00e9tences humaines, cl\u00e9 du succ\u00e8s \u00e9conomique - HR4Free","isPartOf":{"@id":"https:\/\/hr4free.com\/fr\/#website"},"primaryImageOfPage":{"@id":"https:\/\/hr4free.com\/fr\/Economie-et-Emploi\/Liliane-Held-Khawam\/Le-d%C3%A9veloppement-des-comp%C3%A9tences-humaines-cl%C3%A9-du-succ%C3%A8s-%C3%A9conomique\/#primaryimage"},"image":{"@id":"https:\/\/hr4free.com\/fr\/Economie-et-Emploi\/Liliane-Held-Khawam\/Le-d%C3%A9veloppement-des-comp%C3%A9tences-humaines-cl%C3%A9-du-succ%C3%A8s-%C3%A9conomique\/#primaryimage"},"thumbnailUrl":"https:\/\/hr4free.com\/wp-content\/uploads\/2019\/06\/bigstock-Two-Factory-Workers-Discussion-55884296.jpg","datePublished":"2019-06-27T21:56:29+00:00","dateModified":"2019-06-27T22:19:35+00:00","author":{"@id":"https:\/\/hr4free.com\/fr\/#\/schema\/person\/63b4676b4887d228dbc78b611adacc2e"},"breadcrumb":{"@id":"https:\/\/hr4free.com\/fr\/Economie-et-Emploi\/Liliane-Held-Khawam\/Le-d%C3%A9veloppement-des-comp%C3%A9tences-humaines-cl%C3%A9-du-succ%C3%A8s-%C3%A9conomique\/#breadcrumb"},"inLanguage":"fr-FR","potentialAction":[{"@type":"ReadAction","target":["https:\/\/hr4free.com\/fr\/Economie-et-Emploi\/Liliane-Held-Khawam\/Le-d%C3%A9veloppement-des-comp%C3%A9tences-humaines-cl%C3%A9-du-succ%C3%A8s-%C3%A9conomique\/"]}]},{"@type":"ImageObject","inLanguage":"fr-FR","@id":"https:\/\/hr4free.com\/fr\/Economie-et-Emploi\/Liliane-Held-Khawam\/Le-d%C3%A9veloppement-des-comp%C3%A9tences-humaines-cl%C3%A9-du-succ%C3%A8s-%C3%A9conomique\/#primaryimage","url":"https:\/\/hr4free.com\/wp-content\/uploads\/2019\/06\/bigstock-Two-Factory-Workers-Discussion-55884296.jpg","contentUrl":"https:\/\/hr4free.com\/wp-content\/uploads\/2019\/06\/bigstock-Two-Factory-Workers-Discussion-55884296.jpg","width":4780,"height":3592,"caption":"two Factory workers discussion and pointing for inspection, talk about process ."},{"@type":"BreadcrumbList","@id":"https:\/\/hr4free.com\/fr\/Economie-et-Emploi\/Liliane-Held-Khawam\/Le-d%C3%A9veloppement-des-comp%C3%A9tences-humaines-cl%C3%A9-du-succ%C3%A8s-%C3%A9conomique\/#breadcrumb","itemListElement":[{"@type":"ListItem","position":1,"name":"Accueil","item":"https:\/\/hr4free.com\/fr\/"},{"@type":"ListItem","position":2,"name":"Le d\u00e9veloppement des comp\u00e9tences humaines, cl\u00e9 du succ\u00e8s \u00e9conomique"}]},{"@type":"WebSite","@id":"https:\/\/hr4free.com\/fr\/#website","url":"https:\/\/hr4free.com\/fr\/","name":"HR4Free","description":"","potentialAction":[{"@type":"SearchAction","target":{"@type":"EntryPoint","urlTemplate":"https:\/\/hr4free.com\/fr\/?s={search_term_string}"},"query-input":{"@type":"PropertyValueSpecification","valueRequired":true,"valueName":"search_term_string"}}],"inLanguage":"fr-FR"},{"@type":"Person","@id":"https:\/\/hr4free.com\/fr\/#\/schema\/person\/63b4676b4887d228dbc78b611adacc2e","name":"admin","image":{"@type":"ImageObject","inLanguage":"fr-FR","@id":"https:\/\/secure.gravatar.com\/avatar\/1493e8ac9f7cdeb1d404ed3fa83f9d3a50c10f9a35c09a5271d0ac17a1db68b2?s=96&d=mm&r=g","url":"https:\/\/secure.gravatar.com\/avatar\/1493e8ac9f7cdeb1d404ed3fa83f9d3a50c10f9a35c09a5271d0ac17a1db68b2?s=96&d=mm&r=g","contentUrl":"https:\/\/secure.gravatar.com\/avatar\/1493e8ac9f7cdeb1d404ed3fa83f9d3a50c10f9a35c09a5271d0ac17a1db68b2?s=96&d=mm&r=g","caption":"admin"},"url":"https:\/\/hr4free.com\/fr\/author\/held\/"}]}},"_links":{"self":[{"href":"https:\/\/hr4free.com\/fr\/wp-json\/wp\/v2\/posts\/3219","targetHints":{"allow":["GET"]}}],"collection":[{"href":"https:\/\/hr4free.com\/fr\/wp-json\/wp\/v2\/posts"}],"about":[{"href":"https:\/\/hr4free.com\/fr\/wp-json\/wp\/v2\/types\/post"}],"author":[{"embeddable":true,"href":"https:\/\/hr4free.com\/fr\/wp-json\/wp\/v2\/users\/3"}],"replies":[{"embeddable":true,"href":"https:\/\/hr4free.com\/fr\/wp-json\/wp\/v2\/comments?post=3219"}],"version-history":[{"count":3,"href":"https:\/\/hr4free.com\/fr\/wp-json\/wp\/v2\/posts\/3219\/revisions"}],"predecessor-version":[{"id":3252,"href":"https:\/\/hr4free.com\/fr\/wp-json\/wp\/v2\/posts\/3219\/revisions\/3252"}],"wp:featuredmedia":[{"embeddable":true,"href":"https:\/\/hr4free.com\/fr\/wp-json\/wp\/v2\/media\/3245"}],"wp:attachment":[{"href":"https:\/\/hr4free.com\/fr\/wp-json\/wp\/v2\/media?parent=3219"}],"wp:term":[{"taxonomy":"category","embeddable":true,"href":"https:\/\/hr4free.com\/fr\/wp-json\/wp\/v2\/categories?post=3219"},{"taxonomy":"post_tag","embeddable":true,"href":"https:\/\/hr4free.com\/fr\/wp-json\/wp\/v2\/tags?post=3219"}],"curies":[{"name":"wp","href":"https:\/\/api.w.org\/{rel}","templated":true}]}}