{"id":239,"date":"2018-08-31T09:35:55","date_gmt":"2018-08-31T09:35:55","guid":{"rendered":"http:\/\/hr4free.web-romandie.ch\/?p=239"},"modified":"2019-06-28T15:33:17","modified_gmt":"2019-06-28T15:33:17","slug":"sortie-du-collaborateur-entretien-de-depart-a-la-retraite-anticipee","status":"publish","type":"post","link":"https:\/\/hr4free.com\/fr\/Sortie-du-collaborateur\/Entretien-de-d%C3%A9part-%C3%A0-la-retraite-anticip%C3%A9e","title":{"rendered":"L&rsquo;entretien de mise \u00e0 la retraite \/ d\u00e9part \u00e0 la retraite anticip\u00e9e"},"content":{"rendered":"<p style=\"text-align: justify;\"><span style=\"font-family: lucida sans unicode,lucida grande,sans-serif;\"><span style=\"font-size: 16px;\">La retraite anticip\u00e9e consiste, pour un employ\u00e9, \u00e0 toucher une rente r\u00e9duite avant l\u2019\u00e2ge l\u00e9gal de la retraite (soit 65 ans pour les hommes et 64 ans pour les femmes), en cessant tout ou partie de son activit\u00e9 professionnelle.<strong> En Suisse, l\u2019\u00e2ge minimum pour une mise \u00e0 la retraite anticip\u00e9e est fix\u00e9 \u00e0 58 ans.<\/strong> <\/span><\/span><\/p>\n<p style=\"text-align: justify;\"><span style=\"font-family: lucida sans unicode,lucida grande,sans-serif;\"><span style=\"font-size: 16px;\">Le d\u00e9part \u00e0 la retraite anticip\u00e9e survient principalement dans <em>deux cas de figure<\/em>:<\/span><\/span><\/p>\n<ol>\n<li style=\"text-align: justify;\"><span style=\"font-family: lucida sans unicode,lucida grande,sans-serif;\"><span style=\"font-size: 16px;\"><strong><em>Mise \u00e0 la retraite anticip\u00e9e d\u00e9cid\u00e9e par l&rsquo;entreprise<\/em>:<\/strong> lorsque l\u2019entreprise estime pour diff\u00e9rentes raisons que le collaborateur n\u2019est plus en mesure d\u2019assumer sa fonction de mani\u00e8re satisfaisante.<\/span><\/span><\/li>\n<li style=\"text-align: justify;\"><span style=\"font-family: lucida sans unicode,lucida grande,sans-serif;\"><span style=\"font-size: 16px;\"><strong><em>D\u00e9part \u00e0 la retraite anticip\u00e9e d\u00e9cid\u00e9 par le collaborateur<\/em>:<\/strong> lorsque le collaborateur d\u00e9cide de couper court \u00e0 sa carri\u00e8re.<\/span><\/span><\/li>\n<\/ol>\n<p style=\"text-align: justify;\"><span style=\"font-family: lucida sans unicode,lucida grande,sans-serif;\"><span style=\"font-size: 16px;\">Les cons\u00e9quences personnelles et organisationnelles du d\u00e9part \u00e0 la retraite, ainsi que la mani\u00e8re d\u2019aborder l\u2019entretien, d\u00e9pendront donc du cas dans lequel on se trouve.<\/span><\/span><\/p>\n<p style=\"text-align: justify;\"><span style=\"font-family: lucida sans unicode,lucida grande,sans-serif;\"><span style=\"font-size: 16px;\">Le premier cas est le plus fr\u00e9quent, compte tenu de la conjoncture \u00e9conomique, de la globalisation des march\u00e9s et de ses r\u00e8gles fondamentales de changement des structures, de l\u2019\u00e9volution constante des technologies, du co\u00fbt des assurances sociales, etc. <strong>Les personnes d&rsquo;\u00e2ge m\u00fbr tendent ainsi parfois \u00e0 \u00eatre d\u00e9pr\u00e9ci\u00e9es dans les milieux professionnels. <\/strong>D\u00e8s lors, la mise \u00e0 la <em>retraite anticip\u00e9e <\/em>peut \u00eatre une solution ad\u00e9quate non seulement pour l&rsquo;entreprise, mais aussi pour\u00a0 le collaborateur qu&rsquo;il s\u2019agira alors de convaincre du bien-fond\u00e9 d&rsquo;une telle d\u00e9cision.<\/span><\/span><\/p>\n<p style=\"text-align: justify;\"><span style=\"font-family: lucida sans unicode,lucida grande,sans-serif;\"><span style=\"font-size: 16px;\">A noter que la mise \u00e0 la retraite (totale ou partielle, dans le cas d\u2019une diminution du temps de travail) peut encore \u00eatre <em>d\u00e9cid\u00e9e conjointement<\/em> par les deux parties, auquel cas l&rsquo;entretien qui en d\u00e9coule ne devrait pas pr\u00e9senter trop de difficult\u00e9. <strong>On mettra toutefois l&rsquo;accent, dans ce cas de figure, sur l&rsquo;aide et les mesures concr\u00e8tes qui peuvent \u00eatre apport\u00e9es par l&rsquo;entreprise au collaborateur<\/strong> (allocations, rentes AVS, d\u00e9marches envers la caisse de pension\u2026).<\/span><\/span><\/p>\n<p style=\"text-align: center;\"><span style=\"font-family: lucida sans unicode,lucida grande,sans-serif;\"><span style=\"font-size: 20px;\"><b>OUTILS<\/b><\/span><\/span><\/p>\n<p style=\"text-align: justify;\"><span style=\"font-family: lucida sans unicode,lucida grande,sans-serif;\"><span style=\"font-size: 16px;\">Dans les cas o\u00f9 la mise \u00e0 la retraite anticip\u00e9e n&rsquo;est pas voulue conjointement par les deux parties, les cons\u00e9quences organisationnelles et\/ou personnelles peuvent toutefois, dans certains cas, \u00eatre importantes. Pour limiter, voire \u00e9liminer des cons\u00e9quences f\u00e2cheuses, on prendra soin notamment de respecter les r\u00e8gles g\u00e9n\u00e9rales de l&rsquo;<em>entretien de s\u00e9paration<\/em>, particuli\u00e8rement celles applicables \u00e0 la <strong><a href=\"https:\/\/hr4free.com\/fr\/Sortie-du-collaborateur\/Lettre-avertissement-et-entretien-de-licenciement\" target=\"_blank\" rel=\"noopener\">conduite de l&rsquo;entretien de licenciement (exemple)<\/a><\/strong>, qui s&rsquo;appliquent par analogie \u00e0 ce cas d&rsquo;entretien difficile. <\/span><\/span><\/p>\n<p style=\"text-align: justify;\"><span style=\"font-family: lucida sans unicode,lucida grande,sans-serif;\"><span style=\"font-size: 16px;\">On pourra donc s\u2019appuyer sur les m\u00eames outils, et notamment:<\/span><\/span><\/p>\n<ul>\n<li style=\"font-family: Arial;\"><span style=\"font-family: lucida sans unicode,lucida grande,sans-serif;\"><span style=\"font-size: 16px;\"><b><a href=\"http:\/\/www.hr4free.com\/fr\/Int%C3%A9gration-du-collaborateur\/Contrat-de-travail-et-clauses-confidentialit%C3%A9-non-concurrence-exemple\" target=\"_blank\" rel=\"noopener\">Contrat de travail (et clauses \u00e9ventuelles)<\/a><\/b><\/span><\/span><\/li>\n<li style=\"font-family: Arial;\"><a href=\"http:\/\/www.hr4free.com\/PDF_Files\/Blog_RH_licenciement_tableau.pdf\" target=\"_blank\" rel=\"noopener\"><b style=\"font-size: 16px; font-family: 'lucida sans unicode', 'lucida grande', sans-serif; line-height: 1.538em;\">Feuille de pr\u00e9paration d&rsquo;entretien (exemple)<\/b><\/a><\/li>\n<li style=\"font-family: Arial;\"><b style=\"font-size: 16px; font-family: 'lucida sans unicode', 'lucida grande', sans-serif; line-height: 1.538em;\"><a href=\"http:\/\/www.hr4free.com\/PDF_Files\/Blog_RH_evaluation_criteres.pdf\" target=\"_blank\" rel=\"noopener\">Fiche d\u2019\u00e9valuation des comp\u00e9tences (exemple)<\/a><\/b><\/li>\n<li style=\"font-family: Arial;\"><span style=\"font-family: lucida sans unicode,lucida grande,sans-serif;\"><span style=\"font-size: 16px;\"><b><a href=\"http:\/\/www.hr4free.com\/PDF_Files\/Blog_Manangement_MBO_concept_fiche.pdf\" target=\"_blank\" rel=\"noopener\">Fiche d\u2019\u00e9valuation des \u00ab\u00a0performances\u00a0\u00bb (exemple)<\/a><\/b><\/span><\/span><\/li>\n<\/ul>\n<p style=\"text-align: center;\"><span style=\"font-family: lucida sans unicode,lucida grande,sans-serif;\"><span style=\"font-size: 20px;\"><b>PRATIQUE<\/b><\/span><\/span><\/p>\n<p style=\"text-align: justify;\"><span style=\"font-family: lucida sans unicode,lucida grande,sans-serif;\"><span style=\"font-size: 16px;\"><strong>La mise \u00e0 la retraite d\u2019un collaborateur qui a atteint l\u2019\u00e2ge l\u00e9gal est un acte de gestion qui ne pose en g\u00e9n\u00e9ral pas de r\u00e9el probl\u00e8me op\u00e9rationnel ou relationnel.<\/strong> Le collaborateur peut \u00eatre d\u00e9\u00e7u, soulag\u00e9, ou indiff\u00e9rent \u00e0 sa mise \u00e0 la retraite. Mais employeur et collaborateur trouvent en g\u00e9n\u00e9ral leur compte dans cette situation et les cons\u00e9quences qu&rsquo;elle entra\u00eene. En revanche, une mise \u00e0 la retraite anticip\u00e9e peut survenir \u00e0 un moment inopportun, et par cons\u00e9quent d\u00e9stabiliser fortement le collaborateur ou l\u2019employeur.<\/span><\/span><\/p>\n<p style=\"text-align: justify;\"><span style=\"font-family: lucida sans unicode,lucida grande,sans-serif;\"><span style=\"font-size: 16px;\">Il y a alors, comme mentionn\u00e9 pr\u00e9c\u00e9demment, deux cas de figure, que nous allons examiner plus en d\u00e9tail :<\/span><\/span><\/p>\n<p style=\"text-align: justify;\"><span style=\"font-family: lucida sans unicode,lucida grande,sans-serif;\"><span style=\"font-size: 16px;\"><strong>I. Mise \u00e0 la retraite anticip\u00e9e d\u00e9cid\u00e9e par l&rsquo;entreprise: <\/strong>Dans le cas d&rsquo;une mise \u00e0 la retraite forc\u00e9e, le collaborateur peut se sentir l\u00e2ch\u00e9, trahi. Il peut alors se remettre en question et s&rsquo;interroger sur ses valeurs; en effet, plus la relation avec l&#8217;employeur aura \u00e9t\u00e9 importante, intense et essentielle, plus le collaborateur aura bas\u00e9 ses valeurs sur le travail et son rapport \u00e0 celui-ci. D\u00e8s lors, le collaborateur peut \u00eatre amen\u00e9 \u00e0 souffrir d&rsquo;une perte d&rsquo;identit\u00e9 et de rep\u00e8res sociaux.<\/span><\/span><\/p>\n<p style=\"text-align: justify;\"><span style=\"font-family: lucida sans unicode,lucida grande,sans-serif;\"><span style=\"font-size: 16px;\">Certains praticiens s&rsquo;accordent sur le fait qu&rsquo;un entretien de mise \u00e0 la retraite anticip\u00e9e, lorsque celle-ci est d\u00e9cid\u00e9e par l\u2019employeur, est souvent plus difficile \u00e0 mener qu&rsquo;un <em>entretien de licenciement<\/em>.<\/span><\/span><\/p>\n<ul>\n<li style=\"text-align: justify;\"><em><span style=\"font-family: lucida sans unicode,lucida grande,sans-serif;\"><span style=\"font-size: 16px;\"><strong>Propositions pour le d\u00e9roulement de l\u2019entretien:<\/strong><\/span><\/span><\/em><\/li>\n<\/ul>\n<ol style=\"margin-left: 40px;\">\n<li style=\"text-align: justify;\"><span style=\"font-family: lucida sans unicode,lucida grande,sans-serif;\"><span style=\"font-size: 16px;\">Laisser la personne s&rsquo;exprimer (parfois la personne se montre agressive)<\/span><\/span><\/li>\n<li style=\"text-align: justify;\"><span style=\"font-family: lucida sans unicode,lucida grande,sans-serif;\"><span style=\"font-size: 16px;\">Montrer de la compr\u00e9hension<\/span><\/span><\/li>\n<li style=\"text-align: justify;\"><span style=\"font-family: lucida sans unicode,lucida grande,sans-serif;\"><span style=\"font-size: 16px;\">Rapidement en venir aux mesures d&rsquo;aides concr\u00e8tes de la part de l&#8217;employeur: allocations, rentes AVS, caisse de pension\u2026<\/span><\/span><\/li>\n<\/ol>\n<ul>\n<li style=\"text-align: justify;\"><span style=\"font-family: lucida sans unicode,lucida grande,sans-serif;\"><span style=\"font-size: 16px;\"><em><strong>Remarque sur la communication:<\/strong><\/em> Dans cette situation, il convient, \u00e0 un moment donn\u00e9, d&rsquo;orienter la discussion sur les <em>valeurs du collaborateur<\/em>, lesquelles seront in\u00e9vitablement affect\u00e9es. On peut alors valoriser la <em>sph\u00e8re autonome du collaborateur<\/em> et l&rsquo;inciter \u00e0 se concentrer sur sa <em>vie priv\u00e9e <\/em>et\/ou ses <em>activit\u00e9s associatives<\/em> (politiques, humanitaires, sportives\u2026).<\/span><\/span><\/li>\n<\/ul>\n<p style=\"text-align: justify;\"><span style=\"font-family: lucida sans unicode,lucida grande,sans-serif;\"><span style=\"font-size: 16px;\">La <strong>valorisation de la sph\u00e8re personnelle<\/strong> devrait permettre la pr\u00e9servation de la dignit\u00e9 et de l&rsquo;identit\u00e9 sociale: \u00e0 d\u00e9faut de maximiser la dimension du bien-\u00eatre financier, le collaborateur pourrait profiter de sa libert\u00e9. Le seul effet de la perte d&rsquo;un emploi serait donc d&rsquo;ordre \u00e9conomique, laissant intactes tant <em>l&rsquo;int\u00e9grit\u00e9 du collaborateur <\/em>que <em>l&rsquo;image<\/em> qu&rsquo;il a de lui-m\u00eame et de son <em>r\u00f4le social<\/em>.<\/span><\/span><\/p>\n<p style=\"text-align: justify;\"><span style=\"font-family: lucida sans unicode,lucida grande,sans-serif;\"><span style=\"font-size: 16px;\"><strong>II. D\u00e9part \u00e0 la retraite anticip\u00e9e d\u00e9cid\u00e9 par le collaborateur:<\/strong> Lorsque c\u2019est le collaborateur qui d\u00e9cide de son d\u00e9part \u00e0 la retraite anticip\u00e9, celui-ci peut \u00eatre mal per\u00e7u par l&#8217;employeur, qui peut \u00eatre pris de cours si cela n\u2019\u00e9tait pas pr\u00e9vu \u2013 voire ne pas accepter cette d\u00e9cision. L\u00e0 encore, l&rsquo;entretien men\u00e9 peut rev\u00eatir des aspects d\u00e9licats, \u00e0 la fois pour l&#8217;employeur et pour le collaborateur.<\/span><\/span><\/p>\n<p style=\"text-align: justify;\"><span style=\"font-family: lucida sans unicode,lucida grande,sans-serif;\"><span style=\"font-size: 16px;\">Ici, l&rsquo;entretien \u00e0 mener diff\u00e8re quelque peu de celui du premier cas. En effet, <u>les probl\u00e8mes de pert\u200be d&rsquo;identit\u00e9 et de rep\u00e8res sociaux du collaborateur sont moins pr\u00e9sents, voire inexistants<\/u>. En cons\u00e9quence, la discussion sera moins ax\u00e9e sur les valeurs.<\/span><\/span><\/p>\n<ul>\n<li style=\"text-align: justify;\"><em><span style=\"font-family: lucida sans unicode,lucida grande,sans-serif;\"><span style=\"font-size: 16px;\"><strong>Propositions pour le d\u00e9roulement de l\u2019entretien:<\/strong><\/span><\/span><\/em><\/li>\n<\/ul>\n<ol style=\"margin-left: 40px;\">\n<li style=\"text-align: justify;\"><span style=\"font-family: lucida sans unicode,lucida grande,sans-serif;\"><span style=\"font-size: 16px;\">Laisser la personne s&rsquo;exprimer<\/span><\/span><\/li>\n<li style=\"text-align: justify;\"><span style=\"font-family: lucida sans unicode,lucida grande,sans-serif;\"><span style=\"font-size: 16px;\">Montrer de la compr\u00e9hension<\/span><\/span><\/li>\n<li style=\"text-align: justify;\"><span style=\"font-family: lucida sans unicode,lucida grande,sans-serif;\"><span style=\"font-size: 16px;\">Exposer les \u00e9ventuelles concessions que l&rsquo;entreprise est pr\u00eate \u00e0 faire \u00e0 son \u00e9gard<\/span><\/span><\/li>\n<li style=\"text-align: justify;\"><span style=\"font-family: lucida sans unicode,lucida grande,sans-serif;\"><span style=\"font-size: 16px;\">Exposer au collaborateur les diff\u00e9rentes alternatives que lui propose l&rsquo;entreprise (mobilit\u00e9 interne, charge de travail r\u00e9duite\u2026) et tenter de trouver une solution \u00ab\u00a0gagnant-gagnant\u00a0\u00bb<\/span><\/span><\/li>\n<li style=\"text-align: justify;\"><span style=\"font-family: lucida sans unicode,lucida grande,sans-serif;\"><span style=\"font-size: 16px;\">En venir aux mesures d&rsquo;aides concr\u00e8tes de la part de l&#8217;employeur.<\/span><\/span><\/li>\n<\/ol>\n<ul>\n<li style=\"text-align: justify;\"><span style=\"font-family: lucida sans unicode,lucida grande,sans-serif;\"><span style=\"font-size: 16px;\"><em><strong>Remarque sur la communication:<\/strong><\/em> Cette situation peut parfois d\u00e9boucher sur un conflit entre collaborateur et employeur. Ce conflit, qui d\u00e9passe alors le cadre de l&rsquo;entretien, peut \u00eatre r\u00e9solu \u00e0 l&rsquo;amiable via la recherche d&rsquo;un modus vivendi; dans le cas contraire, il d\u00e9bouche sur une s\u00e9paration inamicale.<\/span><\/span><\/li>\n<\/ul>\n","protected":false},"excerpt":{"rendered":"<p>La retraite anticip\u00e9e consiste, pour un employ\u00e9, \u00e0 toucher une rente r\u00e9duite avant l\u2019\u00e2ge l\u00e9gal de la retraite (soit 65 ans pour les hommes et 64 ans pour les femmes), en cessant tout ou partie de son activit\u00e9 professionnelle. En Suisse, l\u2019\u00e2ge minimum pour une mise \u00e0 la retraite anticip\u00e9e est fix\u00e9 \u00e0 58 ans. [&hellip;]<\/p>\n","protected":false},"author":2,"featured_media":240,"comment_status":"open","ping_status":"closed","sticky":false,"template":"","format":"standard","meta":{"footnotes":""},"categories":[149],"tags":[380,344],"class_list":["post-239","post","type-post","status-publish","format-standard","has-post-thumbnail","hentry","category-sortie-du-collaborateur","tag-conduite-dentretiens","tag-gestion-rh"],"yoast_head":"<!-- This site is optimized with the Yoast SEO plugin v28.3 - https:\/\/yoast.com\/product\/yoast-seo-wordpress\/ -->\n<title>L&#039;entretien de mise \u00e0 la retraite \/ d\u00e9part \u00e0 la retraite anticip\u00e9e - HR4Free<\/title>\n<meta name=\"robots\" content=\"noindex, follow, max-snippet:-1, max-image-preview:large, max-video-preview:-1\" \/>\n<meta property=\"og:locale\" content=\"fr_FR\" \/>\n<meta property=\"og:type\" content=\"article\" \/>\n<meta property=\"og:title\" content=\"L&#039;entretien de mise \u00e0 la retraite \/ d\u00e9part \u00e0 la retraite anticip\u00e9e - HR4Free\" \/>\n<meta property=\"og:description\" content=\"La retraite anticip\u00e9e consiste, pour un employ\u00e9, \u00e0 toucher une rente r\u00e9duite avant l\u2019\u00e2ge l\u00e9gal de la retraite (soit 65 ans pour les hommes et 64 ans pour les femmes), en cessant tout ou partie de son activit\u00e9 professionnelle. En Suisse, l\u2019\u00e2ge minimum pour une mise \u00e0 la retraite anticip\u00e9e est fix\u00e9 \u00e0 58 ans. [&hellip;]\" \/>\n<meta property=\"og:url\" content=\"https:\/\/hr4free.com\/fr\/Sortie-du-collaborateur\/Entretien-de-d\u00e9part-\u00e0-la-retraite-anticip\u00e9e\/\" \/>\n<meta property=\"og:site_name\" content=\"HR4Free\" \/>\n<meta property=\"article:published_time\" content=\"2018-08-31T09:35:55+00:00\" \/>\n<meta property=\"article:modified_time\" content=\"2019-06-28T15:33:17+00:00\" \/>\n<meta property=\"og:image\" content=\"https:\/\/hr4free.com\/wp-content\/uploads\/2018\/08\/hr4free-img.jpg\" \/>\n\t<meta property=\"og:image:width\" content=\"664\" \/>\n\t<meta property=\"og:image:height\" content=\"335\" \/>\n\t<meta property=\"og:image:type\" content=\"image\/jpeg\" \/>\n<meta name=\"author\" content=\"Vincent Held\" \/>\n<meta name=\"twitter:card\" content=\"summary_large_image\" \/>\n<meta name=\"twitter:label1\" content=\"\u00c9crit par\" \/>\n\t<meta name=\"twitter:data1\" content=\"Vincent Held\" \/>\n\t<meta name=\"twitter:label2\" content=\"Dur\u00e9e de lecture estim\u00e9e\" \/>\n\t<meta name=\"twitter:data2\" content=\"5 minutes\" \/>\n<script type=\"application\/ld+json\" class=\"yoast-schema-graph\">{\"@context\":\"https:\\\/\\\/schema.org\",\"@graph\":[{\"@type\":\"Article\",\"@id\":\"https:\\\/\\\/hr4free.com\\\/fr\\\/Sortie-du-collaborateur\\\/Entretien-de-d%C3%A9part-%C3%A0-la-retraite-anticip%C3%A9e\\\/#article\",\"isPartOf\":{\"@id\":\"https:\\\/\\\/hr4free.com\\\/fr\\\/Sortie-du-collaborateur\\\/Entretien-de-d%C3%A9part-%C3%A0-la-retraite-anticip%C3%A9e\\\/\"},\"author\":{\"name\":\"Vincent Held\",\"@id\":\"https:\\\/\\\/hr4free.com\\\/fr\\\/#\\\/schema\\\/person\\\/84d24e645aa7c9881a9be32447ad1f0e\"},\"headline\":\"L&rsquo;entretien de mise \u00e0 la retraite \\\/ d\u00e9part \u00e0 la retraite anticip\u00e9e\",\"datePublished\":\"2018-08-31T09:35:55+00:00\",\"dateModified\":\"2019-06-28T15:33:17+00:00\",\"mainEntityOfPage\":{\"@id\":\"https:\\\/\\\/hr4free.com\\\/fr\\\/Sortie-du-collaborateur\\\/Entretien-de-d%C3%A9part-%C3%A0-la-retraite-anticip%C3%A9e\\\/\"},\"wordCount\":1142,\"commentCount\":0,\"image\":{\"@id\":\"https:\\\/\\\/hr4free.com\\\/fr\\\/Sortie-du-collaborateur\\\/Entretien-de-d%C3%A9part-%C3%A0-la-retraite-anticip%C3%A9e\\\/#primaryimage\"},\"thumbnailUrl\":\"https:\\\/\\\/hr4free.com\\\/wp-content\\\/uploads\\\/2018\\\/08\\\/hr4free-img.jpg\",\"keywords\":[\"conduite d'entretiens\",\"gestion rh\"],\"articleSection\":[\"4. Sortie du collaborateur\"],\"inLanguage\":\"fr-FR\",\"potentialAction\":[{\"@type\":\"CommentAction\",\"name\":\"Comment\",\"target\":[\"https:\\\/\\\/hr4free.com\\\/fr\\\/Sortie-du-collaborateur\\\/Entretien-de-d%C3%A9part-%C3%A0-la-retraite-anticip%C3%A9e\\\/#respond\"]}]},{\"@type\":\"WebPage\",\"@id\":\"https:\\\/\\\/hr4free.com\\\/fr\\\/Sortie-du-collaborateur\\\/Entretien-de-d%C3%A9part-%C3%A0-la-retraite-anticip%C3%A9e\\\/\",\"url\":\"https:\\\/\\\/hr4free.com\\\/fr\\\/Sortie-du-collaborateur\\\/Entretien-de-d%C3%A9part-%C3%A0-la-retraite-anticip%C3%A9e\\\/\",\"name\":\"L'entretien de mise \u00e0 la retraite \\\/ d\u00e9part \u00e0 la retraite anticip\u00e9e - HR4Free\",\"isPartOf\":{\"@id\":\"https:\\\/\\\/hr4free.com\\\/fr\\\/#website\"},\"primaryImageOfPage\":{\"@id\":\"https:\\\/\\\/hr4free.com\\\/fr\\\/Sortie-du-collaborateur\\\/Entretien-de-d%C3%A9part-%C3%A0-la-retraite-anticip%C3%A9e\\\/#primaryimage\"},\"image\":{\"@id\":\"https:\\\/\\\/hr4free.com\\\/fr\\\/Sortie-du-collaborateur\\\/Entretien-de-d%C3%A9part-%C3%A0-la-retraite-anticip%C3%A9e\\\/#primaryimage\"},\"thumbnailUrl\":\"https:\\\/\\\/hr4free.com\\\/wp-content\\\/uploads\\\/2018\\\/08\\\/hr4free-img.jpg\",\"datePublished\":\"2018-08-31T09:35:55+00:00\",\"dateModified\":\"2019-06-28T15:33:17+00:00\",\"author\":{\"@id\":\"https:\\\/\\\/hr4free.com\\\/fr\\\/#\\\/schema\\\/person\\\/84d24e645aa7c9881a9be32447ad1f0e\"},\"breadcrumb\":{\"@id\":\"https:\\\/\\\/hr4free.com\\\/fr\\\/Sortie-du-collaborateur\\\/Entretien-de-d%C3%A9part-%C3%A0-la-retraite-anticip%C3%A9e\\\/#breadcrumb\"},\"inLanguage\":\"fr-FR\",\"potentialAction\":[{\"@type\":\"ReadAction\",\"target\":[\"https:\\\/\\\/hr4free.com\\\/fr\\\/Sortie-du-collaborateur\\\/Entretien-de-d%C3%A9part-%C3%A0-la-retraite-anticip%C3%A9e\\\/\"]}]},{\"@type\":\"ImageObject\",\"inLanguage\":\"fr-FR\",\"@id\":\"https:\\\/\\\/hr4free.com\\\/fr\\\/Sortie-du-collaborateur\\\/Entretien-de-d%C3%A9part-%C3%A0-la-retraite-anticip%C3%A9e\\\/#primaryimage\",\"url\":\"https:\\\/\\\/hr4free.com\\\/wp-content\\\/uploads\\\/2018\\\/08\\\/hr4free-img.jpg\",\"contentUrl\":\"https:\\\/\\\/hr4free.com\\\/wp-content\\\/uploads\\\/2018\\\/08\\\/hr4free-img.jpg\",\"width\":664,\"height\":335},{\"@type\":\"BreadcrumbList\",\"@id\":\"https:\\\/\\\/hr4free.com\\\/fr\\\/Sortie-du-collaborateur\\\/Entretien-de-d%C3%A9part-%C3%A0-la-retraite-anticip%C3%A9e\\\/#breadcrumb\",\"itemListElement\":[{\"@type\":\"ListItem\",\"position\":1,\"name\":\"Accueil\",\"item\":\"https:\\\/\\\/hr4free.com\\\/fr\\\/\"},{\"@type\":\"ListItem\",\"position\":2,\"name\":\"L&rsquo;entretien de mise \u00e0 la retraite \\\/ d\u00e9part \u00e0 la retraite anticip\u00e9e\"}]},{\"@type\":\"WebSite\",\"@id\":\"https:\\\/\\\/hr4free.com\\\/fr\\\/#website\",\"url\":\"https:\\\/\\\/hr4free.com\\\/fr\\\/\",\"name\":\"HR4Free\",\"description\":\"\",\"potentialAction\":[{\"@type\":\"SearchAction\",\"target\":{\"@type\":\"EntryPoint\",\"urlTemplate\":\"https:\\\/\\\/hr4free.com\\\/fr\\\/?s={search_term_string}\"},\"query-input\":{\"@type\":\"PropertyValueSpecification\",\"valueRequired\":true,\"valueName\":\"search_term_string\"}}],\"inLanguage\":\"fr-FR\"},{\"@type\":\"Person\",\"@id\":\"https:\\\/\\\/hr4free.com\\\/fr\\\/#\\\/schema\\\/person\\\/84d24e645aa7c9881a9be32447ad1f0e\",\"name\":\"Vincent Held\",\"image\":{\"@type\":\"ImageObject\",\"inLanguage\":\"fr-FR\",\"@id\":\"https:\\\/\\\/secure.gravatar.com\\\/avatar\\\/be36bf09642c9a45643e0c1448d76514bccae85470051c70db9496b705696675?s=96&d=mm&r=g\",\"url\":\"https:\\\/\\\/secure.gravatar.com\\\/avatar\\\/be36bf09642c9a45643e0c1448d76514bccae85470051c70db9496b705696675?s=96&d=mm&r=g\",\"contentUrl\":\"https:\\\/\\\/secure.gravatar.com\\\/avatar\\\/be36bf09642c9a45643e0c1448d76514bccae85470051c70db9496b705696675?s=96&d=mm&r=g\",\"caption\":\"Vincent Held\"},\"url\":\"https:\\\/\\\/hr4free.com\\\/fr\\\/author\\\/vincent\\\/\"}]}<\/script>\n<!-- \/ Yoast SEO plugin. -->","yoast_head_json":{"title":"L'entretien de mise \u00e0 la retraite \/ d\u00e9part \u00e0 la retraite anticip\u00e9e - HR4Free","robots":{"index":"noindex","follow":"follow","max-snippet":"max-snippet:-1","max-image-preview":"max-image-preview:large","max-video-preview":"max-video-preview:-1"},"og_locale":"fr_FR","og_type":"article","og_title":"L'entretien de mise \u00e0 la retraite \/ d\u00e9part \u00e0 la retraite anticip\u00e9e - HR4Free","og_description":"La retraite anticip\u00e9e consiste, pour un employ\u00e9, \u00e0 toucher une rente r\u00e9duite avant l\u2019\u00e2ge l\u00e9gal de la retraite (soit 65 ans pour les hommes et 64 ans pour les femmes), en cessant tout ou partie de son activit\u00e9 professionnelle. En Suisse, l\u2019\u00e2ge minimum pour une mise \u00e0 la retraite anticip\u00e9e est fix\u00e9 \u00e0 58 ans. [&hellip;]","og_url":"https:\/\/hr4free.com\/fr\/Sortie-du-collaborateur\/Entretien-de-d\u00e9part-\u00e0-la-retraite-anticip\u00e9e\/","og_site_name":"HR4Free","article_published_time":"2018-08-31T09:35:55+00:00","article_modified_time":"2019-06-28T15:33:17+00:00","og_image":[{"width":664,"height":335,"url":"https:\/\/hr4free.com\/wp-content\/uploads\/2018\/08\/hr4free-img.jpg","type":"image\/jpeg"}],"author":"Vincent Held","twitter_card":"summary_large_image","twitter_misc":{"\u00c9crit par":"Vincent Held","Dur\u00e9e de lecture estim\u00e9e":"5 minutes"},"schema":{"@context":"https:\/\/schema.org","@graph":[{"@type":"Article","@id":"https:\/\/hr4free.com\/fr\/Sortie-du-collaborateur\/Entretien-de-d%C3%A9part-%C3%A0-la-retraite-anticip%C3%A9e\/#article","isPartOf":{"@id":"https:\/\/hr4free.com\/fr\/Sortie-du-collaborateur\/Entretien-de-d%C3%A9part-%C3%A0-la-retraite-anticip%C3%A9e\/"},"author":{"name":"Vincent Held","@id":"https:\/\/hr4free.com\/fr\/#\/schema\/person\/84d24e645aa7c9881a9be32447ad1f0e"},"headline":"L&rsquo;entretien de mise \u00e0 la retraite \/ d\u00e9part \u00e0 la retraite anticip\u00e9e","datePublished":"2018-08-31T09:35:55+00:00","dateModified":"2019-06-28T15:33:17+00:00","mainEntityOfPage":{"@id":"https:\/\/hr4free.com\/fr\/Sortie-du-collaborateur\/Entretien-de-d%C3%A9part-%C3%A0-la-retraite-anticip%C3%A9e\/"},"wordCount":1142,"commentCount":0,"image":{"@id":"https:\/\/hr4free.com\/fr\/Sortie-du-collaborateur\/Entretien-de-d%C3%A9part-%C3%A0-la-retraite-anticip%C3%A9e\/#primaryimage"},"thumbnailUrl":"https:\/\/hr4free.com\/wp-content\/uploads\/2018\/08\/hr4free-img.jpg","keywords":["conduite d'entretiens","gestion rh"],"articleSection":["4. Sortie du collaborateur"],"inLanguage":"fr-FR","potentialAction":[{"@type":"CommentAction","name":"Comment","target":["https:\/\/hr4free.com\/fr\/Sortie-du-collaborateur\/Entretien-de-d%C3%A9part-%C3%A0-la-retraite-anticip%C3%A9e\/#respond"]}]},{"@type":"WebPage","@id":"https:\/\/hr4free.com\/fr\/Sortie-du-collaborateur\/Entretien-de-d%C3%A9part-%C3%A0-la-retraite-anticip%C3%A9e\/","url":"https:\/\/hr4free.com\/fr\/Sortie-du-collaborateur\/Entretien-de-d%C3%A9part-%C3%A0-la-retraite-anticip%C3%A9e\/","name":"L'entretien de mise \u00e0 la retraite \/ d\u00e9part \u00e0 la retraite anticip\u00e9e - HR4Free","isPartOf":{"@id":"https:\/\/hr4free.com\/fr\/#website"},"primaryImageOfPage":{"@id":"https:\/\/hr4free.com\/fr\/Sortie-du-collaborateur\/Entretien-de-d%C3%A9part-%C3%A0-la-retraite-anticip%C3%A9e\/#primaryimage"},"image":{"@id":"https:\/\/hr4free.com\/fr\/Sortie-du-collaborateur\/Entretien-de-d%C3%A9part-%C3%A0-la-retraite-anticip%C3%A9e\/#primaryimage"},"thumbnailUrl":"https:\/\/hr4free.com\/wp-content\/uploads\/2018\/08\/hr4free-img.jpg","datePublished":"2018-08-31T09:35:55+00:00","dateModified":"2019-06-28T15:33:17+00:00","author":{"@id":"https:\/\/hr4free.com\/fr\/#\/schema\/person\/84d24e645aa7c9881a9be32447ad1f0e"},"breadcrumb":{"@id":"https:\/\/hr4free.com\/fr\/Sortie-du-collaborateur\/Entretien-de-d%C3%A9part-%C3%A0-la-retraite-anticip%C3%A9e\/#breadcrumb"},"inLanguage":"fr-FR","potentialAction":[{"@type":"ReadAction","target":["https:\/\/hr4free.com\/fr\/Sortie-du-collaborateur\/Entretien-de-d%C3%A9part-%C3%A0-la-retraite-anticip%C3%A9e\/"]}]},{"@type":"ImageObject","inLanguage":"fr-FR","@id":"https:\/\/hr4free.com\/fr\/Sortie-du-collaborateur\/Entretien-de-d%C3%A9part-%C3%A0-la-retraite-anticip%C3%A9e\/#primaryimage","url":"https:\/\/hr4free.com\/wp-content\/uploads\/2018\/08\/hr4free-img.jpg","contentUrl":"https:\/\/hr4free.com\/wp-content\/uploads\/2018\/08\/hr4free-img.jpg","width":664,"height":335},{"@type":"BreadcrumbList","@id":"https:\/\/hr4free.com\/fr\/Sortie-du-collaborateur\/Entretien-de-d%C3%A9part-%C3%A0-la-retraite-anticip%C3%A9e\/#breadcrumb","itemListElement":[{"@type":"ListItem","position":1,"name":"Accueil","item":"https:\/\/hr4free.com\/fr\/"},{"@type":"ListItem","position":2,"name":"L&rsquo;entretien de mise \u00e0 la retraite \/ d\u00e9part \u00e0 la retraite anticip\u00e9e"}]},{"@type":"WebSite","@id":"https:\/\/hr4free.com\/fr\/#website","url":"https:\/\/hr4free.com\/fr\/","name":"HR4Free","description":"","potentialAction":[{"@type":"SearchAction","target":{"@type":"EntryPoint","urlTemplate":"https:\/\/hr4free.com\/fr\/?s={search_term_string}"},"query-input":{"@type":"PropertyValueSpecification","valueRequired":true,"valueName":"search_term_string"}}],"inLanguage":"fr-FR"},{"@type":"Person","@id":"https:\/\/hr4free.com\/fr\/#\/schema\/person\/84d24e645aa7c9881a9be32447ad1f0e","name":"Vincent Held","image":{"@type":"ImageObject","inLanguage":"fr-FR","@id":"https:\/\/secure.gravatar.com\/avatar\/be36bf09642c9a45643e0c1448d76514bccae85470051c70db9496b705696675?s=96&d=mm&r=g","url":"https:\/\/secure.gravatar.com\/avatar\/be36bf09642c9a45643e0c1448d76514bccae85470051c70db9496b705696675?s=96&d=mm&r=g","contentUrl":"https:\/\/secure.gravatar.com\/avatar\/be36bf09642c9a45643e0c1448d76514bccae85470051c70db9496b705696675?s=96&d=mm&r=g","caption":"Vincent Held"},"url":"https:\/\/hr4free.com\/fr\/author\/vincent\/"}]}},"_links":{"self":[{"href":"https:\/\/hr4free.com\/fr\/wp-json\/wp\/v2\/posts\/239","targetHints":{"allow":["GET"]}}],"collection":[{"href":"https:\/\/hr4free.com\/fr\/wp-json\/wp\/v2\/posts"}],"about":[{"href":"https:\/\/hr4free.com\/fr\/wp-json\/wp\/v2\/types\/post"}],"author":[{"embeddable":true,"href":"https:\/\/hr4free.com\/fr\/wp-json\/wp\/v2\/users\/2"}],"replies":[{"embeddable":true,"href":"https:\/\/hr4free.com\/fr\/wp-json\/wp\/v2\/comments?post=239"}],"version-history":[{"count":6,"href":"https:\/\/hr4free.com\/fr\/wp-json\/wp\/v2\/posts\/239\/revisions"}],"predecessor-version":[{"id":2823,"href":"https:\/\/hr4free.com\/fr\/wp-json\/wp\/v2\/posts\/239\/revisions\/2823"}],"wp:featuredmedia":[{"embeddable":true,"href":"https:\/\/hr4free.com\/fr\/wp-json\/wp\/v2\/media\/240"}],"wp:attachment":[{"href":"https:\/\/hr4free.com\/fr\/wp-json\/wp\/v2\/media?parent=239"}],"wp:term":[{"taxonomy":"category","embeddable":true,"href":"https:\/\/hr4free.com\/fr\/wp-json\/wp\/v2\/categories?post=239"},{"taxonomy":"post_tag","embeddable":true,"href":"https:\/\/hr4free.com\/fr\/wp-json\/wp\/v2\/tags?post=239"}],"curies":[{"name":"wp","href":"https:\/\/api.w.org\/{rel}","templated":true}]}}