{"id":1013,"date":"2018-08-29T08:48:31","date_gmt":"2018-08-29T08:48:31","guid":{"rendered":"http:\/\/hr4free.web-romandie.ch\/?p=1013"},"modified":"2019-06-29T11:51:23","modified_gmt":"2019-06-29T11:51:23","slug":"la-gestion-professionnelle-de-labsenteisme-avec-la-methode-du-management-par-le-coaching-mpc","status":"publish","type":"post","link":"https:\/\/hr4free.com\/fr\/Suivi-du-collaborateur\/La-gestion-professionnelle-de-l-absent%C3%A9isme-avec-la-m%C3%A9thodologie-du-Management-Par-le-Coaching-MPC","title":{"rendered":"La gestion professionnelle de l\u2019absent\u00e9isme avec la m\u00e9thode du Management Par le Coaching (MPC)"},"content":{"rendered":"<p><strong>L\u2019absent\u00e9isme est un des indicateurs-cl\u00e9 de la gestion d\u2019entreprise.\u00a0<\/strong>Il est le miroir potentiel de ce que vit le facteur humain en entreprise, mais il demande \u00e0 \u00eatre vu comme un sympt\u00f4me d\u2019interactions complexes.<\/p>\n<p><em>Auteur: Jean-Marc Riss<\/em><\/p>\n<p>L\u2019explosion actuelle des co\u00fbts de la sant\u00e9 comme celui du budget de l\u2019Assurance-Invalidit\u00e9 (AI) r\u00e9v\u00e8le un probl\u00e8me de sant\u00e9 majeur et br\u00fblant. Le corollaire de cela en entreprise est l\u2019absent\u00e9isme des collaborateurs. Les chiffres li\u00e9s aux \u00e9tudes publi\u00e9es sont sans appel.\u00a0<strong>L\u2019absent\u00e9isme en Suisse repr\u00e9sente une perte d\u2019environ 32 millions de jours de travail par an, soit 79 heures par personne et par an, ce qui repr\u00e9sente environ 10 milliards de francs suisses (donn\u00e9es OFS 2002).<\/strong><\/p>\n<p>L\u2019entreprise, en tant qu\u2019\u00e9l\u00e9ment communautaire constitutif de la soci\u00e9t\u00e9, subit ce ph\u00e9nom\u00e8ne. Les cons\u00e9quences de toutes sortes au niveau de l\u2019organisation du travail et du quotidien sont \u00e9videntes. Si les co\u00fbts directs semblent faciles \u00e0 \u00e9valuer, les\u00a0<em>indicateurs<\/em>\u00a0le sont moins. Ils concernent, entre autres: l\u2019atteinte \u00e0 l\u2019image de l\u2019entreprise, la baisse de la qualit\u00e9 des services, la surcharge, le surmenage des collaborateurs pr\u00e9sents, voire l\u2019atteinte du degr\u00e9 de motivation des plus assidus.\u00a0<strong>Il est important de relever que l\u2019entreprise qui semble victime de l\u2019absent\u00e9isme peut \u00eatre aussi responsable de ce fl\u00e9au. Tout \u00ab\u00a0mismanagement\u00a0\u00bb aura, t\u00f4t ou tard, un impact sur la sant\u00e9 du facteur humain \u00e0 plus ou moins grande \u00e9chelle.\u00a0<\/strong>De m\u00eame, la\u00a0<em>course effr\u00e9n\u00e9e \u00e0 la performance<\/em>\u00a0exerce des pressions sur l\u2019individu, qui aura plus ou moins d\u2019aisance \u00e0 les supporter.<\/p>\n<p><strong>C\u2019est pourquoi l\u2019absent\u00e9isme est consid\u00e9r\u00e9 comme un des indicateurs-cl\u00e9 de la gestion d\u2019entreprise.<\/strong>\u00a0Il est le miroir potentiel de ce que vit le facteur humain dans l\u2019organisation, mais il demande \u00e0 \u00eatre vu comme un sympt\u00f4me d\u2019interactions complexes. En effet, les\u00a0<em>partenaires\u00a0<\/em>concern\u00e9s peuvent \u00eatre multiples, avec des r\u00e9alit\u00e9s et des motivations diverses, des r\u00f4les flous, des moyens d\u2019interagir peu clairs\u2026 Le flottement est tel que l\u2019absent\u00e9isme ne rev\u00eat pas la m\u00eame d\u00e9finition selon la fonction (syndicaliste, RH, collaborateur\u2026), selon l\u2019entreprise, selon l\u2019auteur.<\/p>\n<p>Cette d\u00e9finition est pourtant fondamentale, car elle va d\u00e9limiter le champ d\u2019action concern\u00e9 par le projet de gestion professionnelle de l\u2019absent\u00e9isme. Ceci fait, il serait utile d\u2019analyser, comprendre, r\u00e9pondre et pr\u00e9venir le ph\u00e9nom\u00e8ne. Une approche s\u2019appuyant sur la\u00a0<strong><a href=\"https:\/\/hr4free.com\/fr\/Techniques-coaching-professionnel\/Processus-du-Management-Par-le-Coaching-M%C3%A9thode-MPC\" target=\"_blank\" rel=\"noopener\" data-cke-saved-href=\"https:\/\/hr4free.com\/fr\/Techniques-coaching-professionnel\/Processus-du-Management-Par-le-Coaching-M%C3%A9thode-MPC\">m\u00e9thodologie du Management Par le Coaching (MPC)<\/a><\/strong>\u00a0permet d\u2019offrir pareille structure \u00e0 la gestion professionnelle de l\u2019absent\u00e9isme. Elle pr\u00e9sente la particularit\u00e9 d\u2019int\u00e9grer totalement le\u00a0<em>facteur humain\u00a0<\/em>de mani\u00e8re aussi bien transversale que verticale (d\u00e9cideurs, collaborateurs\u2026) tout au long du processus.<\/p>\n<h5><strong>La gestion de l\u2019absent\u00e9isme bas\u00e9e sur le Management Par le Coaching (MPC)<\/strong><\/h5>\n<p>Ce processus vise non seulement la baisse de l\u2019absent\u00e9isme, mais aussi sa pr\u00e9vention. Il a une action \u00e0 court, moyen et long terme. Trois \u00e9tapes le constituent.<\/p>\n<h5><em>\u00c9tape 1: Etablir un \u00e9tat des lieux de l\u2019absent\u00e9isme<\/em><\/h5>\n<p><em>D\u00e9finition de l\u2019absent\u00e9isme:<\/em>\u00a0S\u2019il n\u2019y a pas une d\u00e9finition \u2013 quelle qu\u2019elle soit \u2013 claire qui pr\u00e9vaut pour l\u2019ensemble de l\u2019entreprise, il sera tr\u00e8s difficile aux responsables des Ressources Humaines et \u00e0 leurs partenaires de se mettre d\u2019accord afin de travailler \u00e0 endiguer le fl\u00e9au. D\u2019une mani\u00e8re g\u00e9n\u00e9rale, et les projets conduits en entreprise le d\u00e9montrent,\u00a0<strong>il est possible de d\u00e9finir l\u2019absent\u00e9isme comme \u00ab\u00a0une r\u00e9ponse \u00e0 un ensemble de facteurs qui sont le sympt\u00f4me d\u2019une rupture occasionnelle, r\u00e9guli\u00e8re ou permanentes, dans la relation que l\u2019individu a \u2013 ou n\u2019a pas! \u2013 avec le travail\u00a0\u00bb<\/strong>.<\/p>\n<p>Cette d\u00e9finition offre l\u2019avantage de tenir compte aussi bien d\u2019\u00e9l\u00e9ments formels quantitatifs que d\u2019\u00e9l\u00e9ments qualitatifs. Du coup, des aspects comme la<em>\u00a0p\u00e9nibilit\u00e9 du travail\u00a0<\/em>(les collaborateurs sont en g\u00e9n\u00e9ral plus souvent absents que les cadres), un\u00a0<em>probl\u00e8me de management<\/em>, d\u2019outils ou d\u2019environnement de production inad\u00e9quat peuvent plus facilement \u00eatre pris en compte.<\/p>\n<p><em>D\u00e9finition et collecte:<\/em>\u00a0Il convient de d\u00e9finir une typologie qui permette de recenser et de classer les diff\u00e9rentes causes d\u2019absence. En effet, il y a lieu de distinguer entre les absences justifi\u00e9es (telles que les cong\u00e9s, les p\u00e9riodes militaires, les stages, les formations, les accidents et les maladies, etc.), et celles qui sont moins d\u00e9fendables, comme les retards et les absences de courte dur\u00e9e ou \u00ab\u00a0blanches\u00a0\u00bb (l\u2019individu est physiquement pr\u00e9sent, mais ne produit pas).<\/p>\n<p>L\u2019exp\u00e9rience montre qu\u2019<strong>il est int\u00e9ressant de cr\u00e9er des indicateurs tels que le taux global d\u2019absences (TA)<\/strong>. En lui ajoutant la\u00a0<em>dur\u00e9e moyenne des absences (DMA)<\/em>\u00a0et la\u00a0<em>fr\u00e9quence des absences (FA)<\/em>, par exemple, il est possible de construire une cartographie de l\u2019organisation bas\u00e9e sur de v\u00e9ritables analyses quantitatives et qualitatives. Les causes seront alors d\u2019autant plus faciles \u00e0 cibler et \u00e0 traiter.<\/p>\n<p><em>Analyse des donn\u00e9es<\/em>: La cartographie est un outil essentiel qui permet de constater s\u2019il existe des diff\u00e9rences notables \u00e0 travers l\u2019entreprise, c\u2019est-\u00e0-dire si certains secteurs sont plus \u00ab\u00a0chauds\u00a0\u00bb que d\u2019autres.<\/p>\n<p>Ce travail d\u00e9gagera naturellement les priorit\u00e9s qui demanderont des conditions de traitement diff\u00e9renci\u00e9es en fonction de la nature et du degr\u00e9 d\u2019urgence diagnostiqu\u00e9s.<\/p>\n<h5><em>\u00c9tape 2: cr\u00e9er la structure du projet de gestion de l\u2019absent\u00e9isme<\/em><\/h5>\n<p><em>Formulation des valeurs:\u00a0<\/em>Les valeurs de ce projet vont donner l\u2019\u00e9tat d\u2019esprit, le r\u00e9f\u00e9rentiel sur lequel il y a lieu de s\u2019appuyer pour agir. Or, il appara\u00eet que l\u2019absent\u00e9isme concerne avant tout la vie de l\u2019individu dans son milieu professionnel. Une valeur-type peut \u00eatre alors de construire un syst\u00e8me de \u00ab\u00a0gagnant-gagnant\u00a0\u00bb (organisation \u2013 collaborateur).<\/p>\n<p><em>Formulation des objectifs:<\/em>\u00a0Il est n\u00e9cessaire de se mettre d\u2019accord sur les objectifs\u00a0 du projet et que ces objectifs obtiennent l\u2019adh\u00e9sion de tous. Il en va du succ\u00e8s du projet. A titre d\u2019exemples, voici quelques objectifs potentiels: ma\u00eetriser le pourcentage des absences et des retards, d\u00e9velopper la m\u00e9decine pr\u00e9ventive, accompagner de mani\u00e8re personnalis\u00e9e des personnes r\u00e9ellement souffrantes, d\u00e9velopper les comp\u00e9tences pour favoriser l\u2019employabilit\u00e9 et le bien-\u00eatre, r\u00e9duire le montant des primes d\u2019assurances, contribuer \u00e0 l\u2019augmentation de la marge de l\u2019entreprise.<\/p>\n<p><em>D\u00e9termination du flux global du projet:\u00a0<\/em>cette \u00e9tape est importante, car elle va permettre de structurer l\u2019action. Elle va comporter deux sous-flux:<\/p>\n<ul>\n<li><strong>Flux des activit\u00e9s\u00a0<\/strong>(Gestion du projet et de son \u00e9quipe, des retards, des absences, des pr\u00e9sents, des managers qui \u00ab\u00a0dysfonctionnent\u00a0\u00bb)<\/li>\n<li><strong>Flux humain<\/strong>\u00a0compos\u00e9 du\u00a0<u>flux interne<\/u>\u00a0(Management, Ressources Humaines, \u00e9ventuellement m\u00e9decin du travail, assistante sociale, etc. et collaborateurs) et du\u00a0<u>flux externe<\/u>\u00a0(partenaires, par exemple : assureurs, SUVA et sp\u00e9cialistes, m\u00e9decin, psychologue, psychiatre, association sp\u00e9cialis\u00e9e, etc.)<\/li>\n<\/ul>\n<p><em>D\u00e9termination des moyens techniques et humains:<\/em><\/p>\n<ul>\n<li><strong>Moyens techniques:\u00a0<\/strong>audit, base de donn\u00e9es internes, indicateurs, fiches de suivi des cas, proc\u00e9dures de traitement, mesures d\u2019accompagnement des pr\u00e9sents, formation, actions de pr\u00e9ventions, etc.<\/li>\n<li><strong>Moyens humains en effectifs et en comp\u00e9tences<\/strong>: \u00e9valuation des comp\u00e9tences du management, du niveau de stress, apport de la m\u00e9diation pour les r\u00e9solutions de conflits, de harc\u00e8lement, les d\u00e9pendances, etc.<\/li>\n<\/ul>\n<p><em>D\u00e9termination de la structure de l\u2019organisation:<\/em>\u00a0C\u2019est ce qui correspond \u00e0 l\u2019architecture de l\u2019\u00e9quipe qui aura en charge la gestion du projet. Il y a lieu de d\u00e9terminer la s\u00e9lection des membres de l\u2019\u00e9quipe (RH, Direction, collaborateurs, syndicats\u2026), ainsi que le r\u00f4le des uns et des autres.<\/p>\n<h5><em>\u00c9tape 3 : poser les grandes lignes d\u2019un plan d\u2019action<\/em><\/h5>\n<p>Le plan d\u2019action synth\u00e9tise la r\u00e9ponse au qui fait quoi, quand, comment et avec quels moyens, pour l\u2019ensemble du projet.\u00a0<strong>Il comportera deux volets: le d\u00e9veloppement du projet proprement dit et le d\u00e9veloppement de l\u2019\u00e9quipe de projet<\/strong>. Il suffit d\u2019ajouter des indicateurs de mesure pour en faire un tableau de bord qui permette d\u2019assurer le pilotage, le suivi et le contr\u00f4le des op\u00e9rations. Le tableau de bord cr\u00e9\u00e9 constitue un outil privil\u00e9gi\u00e9 au service d\u2019un \u00ab\u00a0observatoire\u00a0\u00bb qui planifie les actions afin de les mener \u00e0 bien tout en \u00ab\u00a0collant\u00a0\u00bb \u00e0 la r\u00e9alit\u00e9 du terrain.<\/p>\n<p>Quelques actions simples peuvent \u00eatre mises en place:<\/p>\n<ul>\n<li><strong>Pr\u00e9venir les maladies et accidents professionnels afin d\u2019endiguer l\u2019absent\u00e9isme<\/strong>. C\u2019est certes une obligation de l\u2019employeur, mais aussi un formidable moyen de communication et d\u2019action qui participe pleinement \u00e0 la motivation au travail.<\/li>\n<li><strong>Conduire des entretiens pr\u00e9ventifs de 1er niveau<\/strong>. Cette mesure est du ressort du chef direct qui, lorsqu\u2019il constate une modification notable du comportement et\/ou des performances professionnelles (retards, rendements\u2026) engage une proc\u00e9dure appel\u00e9e proc\u00e9dure pr\u00e9ventive.<\/li>\n<li><strong>D\u00e9finir des mesures d\u2019accompagnement de 2\u00e8me niveau<\/strong>. Ces interventions sont du ressort conjoint du responsable direct et des Ressources Humaines.<\/li>\n<li><strong>Former les managers \u00e0 mieux g\u00e9rer la pression qu\u2019ils r\u00e9percutent<\/strong>. Certains collaborateurs sont plus \u00ab\u00a0r\u00e9sistants\u00a0\u00bb que d\u2019autres. Il s\u2019agit donc, pour eux, de diff\u00e9rencier leur management.<\/li>\n<li><strong>Favoriser le d\u00e9veloppement de\u00a0 l\u2019ancrage professionnel<\/strong>. C\u2019est l\u2019antidote au stress. Le collaborateur est consid\u00e9r\u00e9 comme un acteur \u00e0 part enti\u00e8re de la vie de l\u2019entreprise. Il est conscient de l\u2019impact que sa place a sur le flux global de l\u2019organisation. Il se sent utile, responsable et respect\u00e9 en tant qu\u2019\u00eatre humain avec des forces et des faiblesses.<\/li>\n<\/ul>\n<h5><strong>Conclusion<\/strong><\/h5>\n<p><strong>L\u2019absent\u00e9isme dans l\u2019organisation est l\u2019affaire de tous.<\/strong>\u00a0Sa gestion permet de mobiliser les \u00e9nergies et d\u2019apporter des \u00e9l\u00e9ments de r\u00e9solution de probl\u00e8mes et pr\u00e9vention. La ma\u00eetrise du seuil d\u2019absent\u00e9isme est un \u00e9l\u00e9ment-cl\u00e9 pour le d\u00e9veloppement de la comp\u00e9titivit\u00e9 de l\u2019organisation, car \u00e0 partir d\u2019un certain niveau, il affecte la sant\u00e9 de l\u2019organisation elle-m\u00eame. La\u00a0<strong><a href=\"https:\/\/hr4free.com\/fr\/Techniques-coaching-professionnel\/Processus-du-Management-Par-le-Coaching-M%C3%A9thode-MPC\" target=\"_blank\" rel=\"noopener\" data-cke-saved-href=\"https:\/\/hr4free.com\/fr\/Techniques-coaching-professionnel\/Processus-du-Management-Par-le-Coaching-M%C3%A9thode-MPC\">m\u00e9thodologie du Management Par le Coaching (MPC)<\/a><\/strong>\u00a0permet de g\u00e9rer et structurer la complexit\u00e9 du ph\u00e9nom\u00e8ne tout en privil\u00e9giant l\u2019\u00e9panouissement du collaborateur \u00e0 sa place de travail. Le but est que chaque personne active devienne partie prenante du processus organisationnel global, ce qui facilitera l\u2019ancrage professionnel des uns et des autres.<\/p>\n<p>Enfin,\u00a0<strong>la communication \u2013 et notamment l\u2019<a href=\"https:\/\/hr4free.com\/fr\/Techniques-de-communication\/D%C3%A9finition-%C3%A9coute-active-Carl-Rogers\" target=\"_blank\" rel=\"noopener\" data-cke-saved-href=\"https:\/\/hr4free.com\/fr\/Techniques-de-communication\/D\u00e9finition-\u00e9coute-active-Carl-Rogers\">\u00e9coute active (d\u00e9finition)<\/a>\u00a0\u2013 reste le meilleur outil de r\u00e9duction et de pr\u00e9vention de l\u2019absent\u00e9isme en entreprise<\/strong>. Il est \u00e0 la disposition de tous pour faire en sorte, \u00e0 travers l\u2019\u00e9change, que les valeurs et la mission de cette gestion professionnelle de l\u2019absent\u00e9isme restent vivantes et contribuent \u00e0 la comp\u00e9titivit\u00e9 et au bien-\u00eatre, aussi bien de l\u2019organisation que des individus qui la composent.<\/p>\n<p>Pour un exemple complet de processus de gestion des retards et absences, nous vous invitons \u00e0 vous r\u00e9f\u00e9rer \u00e0 l&rsquo;article\u00a0<strong><a href=\"http:\/\/www.hr4free.com\/fr\/Suivi-du-collaborateur\/Gestion-du-taux-absent%C3%A9isme-et-des-retards\" target=\"_blank\" rel=\"noopener\" data-cke-saved-href=\"http:\/\/www.hr4free.com\/fr\/Suivi-du-collaborateur\/Gestion-du-taux-absent%C3%A9isme-et-des-retards\">\u00ab\u00a0La gestion du taux d&rsquo;absent\u00e9isme en entreprise: exemple de projet de gestion des retards et absences\u00a0\u00bb<\/a><\/strong>.<\/p>\n","protected":false},"excerpt":{"rendered":"<p>L\u2019absent\u00e9isme est un des indicateurs-cl\u00e9 de la gestion d\u2019entreprise.\u00a0Il est le miroir potentiel de ce que vit le facteur humain en entreprise, mais il demande \u00e0 \u00eatre vu comme un sympt\u00f4me d\u2019interactions complexes. Auteur: Jean-Marc Riss L\u2019explosion actuelle des co\u00fbts de la sant\u00e9 comme celui du budget de l\u2019Assurance-Invalidit\u00e9 (AI) r\u00e9v\u00e8le un probl\u00e8me de sant\u00e9 [&hellip;]<\/p>\n","protected":false},"author":3,"featured_media":1014,"comment_status":"open","ping_status":"closed","sticky":false,"template":"","format":"standard","meta":{"footnotes":""},"categories":[36],"tags":[133,98],"class_list":["post-1013","post","type-post","status-publish","format-standard","has-post-thumbnail","hentry","category-gestion-de-labsenteisme","tag-absenteisme","tag-management-par-le-coaching"],"yoast_head":"<!-- This site is optimized with the Yoast SEO plugin v28.3 - https:\/\/yoast.com\/product\/yoast-seo-wordpress\/ -->\n<title>La gestion professionnelle de l\u2019absent\u00e9isme avec la m\u00e9thode du Management Par le Coaching (MPC) - HR4Free<\/title>\n<meta name=\"robots\" content=\"noindex, follow, max-snippet:-1, max-image-preview:large, max-video-preview:-1\" \/>\n<meta property=\"og:locale\" content=\"fr_FR\" \/>\n<meta property=\"og:type\" content=\"article\" \/>\n<meta property=\"og:title\" content=\"La gestion professionnelle de l\u2019absent\u00e9isme avec la m\u00e9thode du Management Par le Coaching (MPC) - HR4Free\" \/>\n<meta property=\"og:description\" content=\"L\u2019absent\u00e9isme est un des indicateurs-cl\u00e9 de la gestion d\u2019entreprise.\u00a0Il est le miroir potentiel de ce que vit le facteur humain en entreprise, mais il demande \u00e0 \u00eatre vu comme un sympt\u00f4me d\u2019interactions complexes. Auteur: Jean-Marc Riss L\u2019explosion actuelle des co\u00fbts de la sant\u00e9 comme celui du budget de l\u2019Assurance-Invalidit\u00e9 (AI) r\u00e9v\u00e8le un probl\u00e8me de sant\u00e9 [&hellip;]\" \/>\n<meta property=\"og:url\" content=\"https:\/\/hr4free.com\/fr\/Suivi-du-collaborateur\/La-gestion-professionnelle-de-l-absent\u00e9isme-avec-la-m\u00e9thodologie-du-Management-Par-le-Coaching-MPC\/\" \/>\n<meta property=\"og:site_name\" content=\"HR4Free\" \/>\n<meta property=\"article:published_time\" content=\"2018-08-29T08:48:31+00:00\" \/>\n<meta property=\"article:modified_time\" content=\"2019-06-29T11:51:23+00:00\" \/>\n<meta property=\"og:image\" content=\"https:\/\/hr4free.com\/wp-content\/uploads\/2019\/02\/MP900423018.jpg\" \/>\n\t<meta property=\"og:image:width\" content=\"664\" \/>\n\t<meta property=\"og:image:height\" content=\"335\" \/>\n\t<meta property=\"og:image:type\" content=\"image\/jpeg\" \/>\n<meta name=\"author\" content=\"admin\" \/>\n<meta name=\"twitter:card\" content=\"summary_large_image\" \/>\n<meta name=\"twitter:label1\" content=\"\u00c9crit par\" \/>\n\t<meta name=\"twitter:data1\" content=\"admin\" \/>\n\t<meta name=\"twitter:label2\" content=\"Dur\u00e9e de lecture estim\u00e9e\" \/>\n\t<meta name=\"twitter:data2\" content=\"9 minutes\" \/>\n<script type=\"application\/ld+json\" class=\"yoast-schema-graph\">{\"@context\":\"https:\\\/\\\/schema.org\",\"@graph\":[{\"@type\":\"Article\",\"@id\":\"https:\\\/\\\/hr4free.com\\\/fr\\\/Suivi-du-collaborateur\\\/La-gestion-professionnelle-de-l-absent%C3%A9isme-avec-la-m%C3%A9thodologie-du-Management-Par-le-Coaching-MPC\\\/#article\",\"isPartOf\":{\"@id\":\"https:\\\/\\\/hr4free.com\\\/fr\\\/Suivi-du-collaborateur\\\/La-gestion-professionnelle-de-l-absent%C3%A9isme-avec-la-m%C3%A9thodologie-du-Management-Par-le-Coaching-MPC\\\/\"},\"author\":{\"name\":\"admin\",\"@id\":\"https:\\\/\\\/hr4free.com\\\/fr\\\/#\\\/schema\\\/person\\\/63b4676b4887d228dbc78b611adacc2e\"},\"headline\":\"La gestion professionnelle de l\u2019absent\u00e9isme avec la m\u00e9thode du Management Par le Coaching (MPC)\",\"datePublished\":\"2018-08-29T08:48:31+00:00\",\"dateModified\":\"2019-06-29T11:51:23+00:00\",\"mainEntityOfPage\":{\"@id\":\"https:\\\/\\\/hr4free.com\\\/fr\\\/Suivi-du-collaborateur\\\/La-gestion-professionnelle-de-l-absent%C3%A9isme-avec-la-m%C3%A9thodologie-du-Management-Par-le-Coaching-MPC\\\/\"},\"wordCount\":1914,\"commentCount\":0,\"image\":{\"@id\":\"https:\\\/\\\/hr4free.com\\\/fr\\\/Suivi-du-collaborateur\\\/La-gestion-professionnelle-de-l-absent%C3%A9isme-avec-la-m%C3%A9thodologie-du-Management-Par-le-Coaching-MPC\\\/#primaryimage\"},\"thumbnailUrl\":\"https:\\\/\\\/hr4free.com\\\/wp-content\\\/uploads\\\/2019\\\/02\\\/MP900423018.jpg\",\"keywords\":[\"absent\u00e9isme\",\"management par le coaching\"],\"articleSection\":[\"Gestion de l'absent\u00e9isme\"],\"inLanguage\":\"fr-FR\",\"potentialAction\":[{\"@type\":\"CommentAction\",\"name\":\"Comment\",\"target\":[\"https:\\\/\\\/hr4free.com\\\/fr\\\/Suivi-du-collaborateur\\\/La-gestion-professionnelle-de-l-absent%C3%A9isme-avec-la-m%C3%A9thodologie-du-Management-Par-le-Coaching-MPC\\\/#respond\"]}]},{\"@type\":\"WebPage\",\"@id\":\"https:\\\/\\\/hr4free.com\\\/fr\\\/Suivi-du-collaborateur\\\/La-gestion-professionnelle-de-l-absent%C3%A9isme-avec-la-m%C3%A9thodologie-du-Management-Par-le-Coaching-MPC\\\/\",\"url\":\"https:\\\/\\\/hr4free.com\\\/fr\\\/Suivi-du-collaborateur\\\/La-gestion-professionnelle-de-l-absent%C3%A9isme-avec-la-m%C3%A9thodologie-du-Management-Par-le-Coaching-MPC\\\/\",\"name\":\"La gestion professionnelle de l\u2019absent\u00e9isme avec la m\u00e9thode du Management Par le Coaching (MPC) - HR4Free\",\"isPartOf\":{\"@id\":\"https:\\\/\\\/hr4free.com\\\/fr\\\/#website\"},\"primaryImageOfPage\":{\"@id\":\"https:\\\/\\\/hr4free.com\\\/fr\\\/Suivi-du-collaborateur\\\/La-gestion-professionnelle-de-l-absent%C3%A9isme-avec-la-m%C3%A9thodologie-du-Management-Par-le-Coaching-MPC\\\/#primaryimage\"},\"image\":{\"@id\":\"https:\\\/\\\/hr4free.com\\\/fr\\\/Suivi-du-collaborateur\\\/La-gestion-professionnelle-de-l-absent%C3%A9isme-avec-la-m%C3%A9thodologie-du-Management-Par-le-Coaching-MPC\\\/#primaryimage\"},\"thumbnailUrl\":\"https:\\\/\\\/hr4free.com\\\/wp-content\\\/uploads\\\/2019\\\/02\\\/MP900423018.jpg\",\"datePublished\":\"2018-08-29T08:48:31+00:00\",\"dateModified\":\"2019-06-29T11:51:23+00:00\",\"author\":{\"@id\":\"https:\\\/\\\/hr4free.com\\\/fr\\\/#\\\/schema\\\/person\\\/63b4676b4887d228dbc78b611adacc2e\"},\"breadcrumb\":{\"@id\":\"https:\\\/\\\/hr4free.com\\\/fr\\\/Suivi-du-collaborateur\\\/La-gestion-professionnelle-de-l-absent%C3%A9isme-avec-la-m%C3%A9thodologie-du-Management-Par-le-Coaching-MPC\\\/#breadcrumb\"},\"inLanguage\":\"fr-FR\",\"potentialAction\":[{\"@type\":\"ReadAction\",\"target\":[\"https:\\\/\\\/hr4free.com\\\/fr\\\/Suivi-du-collaborateur\\\/La-gestion-professionnelle-de-l-absent%C3%A9isme-avec-la-m%C3%A9thodologie-du-Management-Par-le-Coaching-MPC\\\/\"]}]},{\"@type\":\"ImageObject\",\"inLanguage\":\"fr-FR\",\"@id\":\"https:\\\/\\\/hr4free.com\\\/fr\\\/Suivi-du-collaborateur\\\/La-gestion-professionnelle-de-l-absent%C3%A9isme-avec-la-m%C3%A9thodologie-du-Management-Par-le-Coaching-MPC\\\/#primaryimage\",\"url\":\"https:\\\/\\\/hr4free.com\\\/wp-content\\\/uploads\\\/2019\\\/02\\\/MP900423018.jpg\",\"contentUrl\":\"https:\\\/\\\/hr4free.com\\\/wp-content\\\/uploads\\\/2019\\\/02\\\/MP900423018.jpg\",\"width\":664,\"height\":335},{\"@type\":\"BreadcrumbList\",\"@id\":\"https:\\\/\\\/hr4free.com\\\/fr\\\/Suivi-du-collaborateur\\\/La-gestion-professionnelle-de-l-absent%C3%A9isme-avec-la-m%C3%A9thodologie-du-Management-Par-le-Coaching-MPC\\\/#breadcrumb\",\"itemListElement\":[{\"@type\":\"ListItem\",\"position\":1,\"name\":\"Accueil\",\"item\":\"https:\\\/\\\/hr4free.com\\\/fr\\\/\"},{\"@type\":\"ListItem\",\"position\":2,\"name\":\"La gestion professionnelle de l\u2019absent\u00e9isme avec la m\u00e9thode du Management Par le Coaching (MPC)\"}]},{\"@type\":\"WebSite\",\"@id\":\"https:\\\/\\\/hr4free.com\\\/fr\\\/#website\",\"url\":\"https:\\\/\\\/hr4free.com\\\/fr\\\/\",\"name\":\"HR4Free\",\"description\":\"\",\"potentialAction\":[{\"@type\":\"SearchAction\",\"target\":{\"@type\":\"EntryPoint\",\"urlTemplate\":\"https:\\\/\\\/hr4free.com\\\/fr\\\/?s={search_term_string}\"},\"query-input\":{\"@type\":\"PropertyValueSpecification\",\"valueRequired\":true,\"valueName\":\"search_term_string\"}}],\"inLanguage\":\"fr-FR\"},{\"@type\":\"Person\",\"@id\":\"https:\\\/\\\/hr4free.com\\\/fr\\\/#\\\/schema\\\/person\\\/63b4676b4887d228dbc78b611adacc2e\",\"name\":\"admin\",\"image\":{\"@type\":\"ImageObject\",\"inLanguage\":\"fr-FR\",\"@id\":\"https:\\\/\\\/secure.gravatar.com\\\/avatar\\\/1493e8ac9f7cdeb1d404ed3fa83f9d3a50c10f9a35c09a5271d0ac17a1db68b2?s=96&d=mm&r=g\",\"url\":\"https:\\\/\\\/secure.gravatar.com\\\/avatar\\\/1493e8ac9f7cdeb1d404ed3fa83f9d3a50c10f9a35c09a5271d0ac17a1db68b2?s=96&d=mm&r=g\",\"contentUrl\":\"https:\\\/\\\/secure.gravatar.com\\\/avatar\\\/1493e8ac9f7cdeb1d404ed3fa83f9d3a50c10f9a35c09a5271d0ac17a1db68b2?s=96&d=mm&r=g\",\"caption\":\"admin\"},\"url\":\"https:\\\/\\\/hr4free.com\\\/fr\\\/author\\\/held\\\/\"}]}<\/script>\n<!-- \/ Yoast SEO plugin. -->","yoast_head_json":{"title":"La gestion professionnelle de l\u2019absent\u00e9isme avec la m\u00e9thode du Management Par le Coaching (MPC) - HR4Free","robots":{"index":"noindex","follow":"follow","max-snippet":"max-snippet:-1","max-image-preview":"max-image-preview:large","max-video-preview":"max-video-preview:-1"},"og_locale":"fr_FR","og_type":"article","og_title":"La gestion professionnelle de l\u2019absent\u00e9isme avec la m\u00e9thode du Management Par le Coaching (MPC) - HR4Free","og_description":"L\u2019absent\u00e9isme est un des indicateurs-cl\u00e9 de la gestion d\u2019entreprise.\u00a0Il est le miroir potentiel de ce que vit le facteur humain en entreprise, mais il demande \u00e0 \u00eatre vu comme un sympt\u00f4me d\u2019interactions complexes. Auteur: Jean-Marc Riss L\u2019explosion actuelle des co\u00fbts de la sant\u00e9 comme celui du budget de l\u2019Assurance-Invalidit\u00e9 (AI) r\u00e9v\u00e8le un probl\u00e8me de sant\u00e9 [&hellip;]","og_url":"https:\/\/hr4free.com\/fr\/Suivi-du-collaborateur\/La-gestion-professionnelle-de-l-absent\u00e9isme-avec-la-m\u00e9thodologie-du-Management-Par-le-Coaching-MPC\/","og_site_name":"HR4Free","article_published_time":"2018-08-29T08:48:31+00:00","article_modified_time":"2019-06-29T11:51:23+00:00","og_image":[{"width":664,"height":335,"url":"https:\/\/hr4free.com\/wp-content\/uploads\/2019\/02\/MP900423018.jpg","type":"image\/jpeg"}],"author":"admin","twitter_card":"summary_large_image","twitter_misc":{"\u00c9crit par":"admin","Dur\u00e9e de lecture estim\u00e9e":"9 minutes"},"schema":{"@context":"https:\/\/schema.org","@graph":[{"@type":"Article","@id":"https:\/\/hr4free.com\/fr\/Suivi-du-collaborateur\/La-gestion-professionnelle-de-l-absent%C3%A9isme-avec-la-m%C3%A9thodologie-du-Management-Par-le-Coaching-MPC\/#article","isPartOf":{"@id":"https:\/\/hr4free.com\/fr\/Suivi-du-collaborateur\/La-gestion-professionnelle-de-l-absent%C3%A9isme-avec-la-m%C3%A9thodologie-du-Management-Par-le-Coaching-MPC\/"},"author":{"name":"admin","@id":"https:\/\/hr4free.com\/fr\/#\/schema\/person\/63b4676b4887d228dbc78b611adacc2e"},"headline":"La gestion professionnelle de l\u2019absent\u00e9isme avec la m\u00e9thode du Management Par le Coaching (MPC)","datePublished":"2018-08-29T08:48:31+00:00","dateModified":"2019-06-29T11:51:23+00:00","mainEntityOfPage":{"@id":"https:\/\/hr4free.com\/fr\/Suivi-du-collaborateur\/La-gestion-professionnelle-de-l-absent%C3%A9isme-avec-la-m%C3%A9thodologie-du-Management-Par-le-Coaching-MPC\/"},"wordCount":1914,"commentCount":0,"image":{"@id":"https:\/\/hr4free.com\/fr\/Suivi-du-collaborateur\/La-gestion-professionnelle-de-l-absent%C3%A9isme-avec-la-m%C3%A9thodologie-du-Management-Par-le-Coaching-MPC\/#primaryimage"},"thumbnailUrl":"https:\/\/hr4free.com\/wp-content\/uploads\/2019\/02\/MP900423018.jpg","keywords":["absent\u00e9isme","management par le coaching"],"articleSection":["Gestion de l'absent\u00e9isme"],"inLanguage":"fr-FR","potentialAction":[{"@type":"CommentAction","name":"Comment","target":["https:\/\/hr4free.com\/fr\/Suivi-du-collaborateur\/La-gestion-professionnelle-de-l-absent%C3%A9isme-avec-la-m%C3%A9thodologie-du-Management-Par-le-Coaching-MPC\/#respond"]}]},{"@type":"WebPage","@id":"https:\/\/hr4free.com\/fr\/Suivi-du-collaborateur\/La-gestion-professionnelle-de-l-absent%C3%A9isme-avec-la-m%C3%A9thodologie-du-Management-Par-le-Coaching-MPC\/","url":"https:\/\/hr4free.com\/fr\/Suivi-du-collaborateur\/La-gestion-professionnelle-de-l-absent%C3%A9isme-avec-la-m%C3%A9thodologie-du-Management-Par-le-Coaching-MPC\/","name":"La gestion professionnelle de l\u2019absent\u00e9isme avec la m\u00e9thode du Management Par le Coaching (MPC) - HR4Free","isPartOf":{"@id":"https:\/\/hr4free.com\/fr\/#website"},"primaryImageOfPage":{"@id":"https:\/\/hr4free.com\/fr\/Suivi-du-collaborateur\/La-gestion-professionnelle-de-l-absent%C3%A9isme-avec-la-m%C3%A9thodologie-du-Management-Par-le-Coaching-MPC\/#primaryimage"},"image":{"@id":"https:\/\/hr4free.com\/fr\/Suivi-du-collaborateur\/La-gestion-professionnelle-de-l-absent%C3%A9isme-avec-la-m%C3%A9thodologie-du-Management-Par-le-Coaching-MPC\/#primaryimage"},"thumbnailUrl":"https:\/\/hr4free.com\/wp-content\/uploads\/2019\/02\/MP900423018.jpg","datePublished":"2018-08-29T08:48:31+00:00","dateModified":"2019-06-29T11:51:23+00:00","author":{"@id":"https:\/\/hr4free.com\/fr\/#\/schema\/person\/63b4676b4887d228dbc78b611adacc2e"},"breadcrumb":{"@id":"https:\/\/hr4free.com\/fr\/Suivi-du-collaborateur\/La-gestion-professionnelle-de-l-absent%C3%A9isme-avec-la-m%C3%A9thodologie-du-Management-Par-le-Coaching-MPC\/#breadcrumb"},"inLanguage":"fr-FR","potentialAction":[{"@type":"ReadAction","target":["https:\/\/hr4free.com\/fr\/Suivi-du-collaborateur\/La-gestion-professionnelle-de-l-absent%C3%A9isme-avec-la-m%C3%A9thodologie-du-Management-Par-le-Coaching-MPC\/"]}]},{"@type":"ImageObject","inLanguage":"fr-FR","@id":"https:\/\/hr4free.com\/fr\/Suivi-du-collaborateur\/La-gestion-professionnelle-de-l-absent%C3%A9isme-avec-la-m%C3%A9thodologie-du-Management-Par-le-Coaching-MPC\/#primaryimage","url":"https:\/\/hr4free.com\/wp-content\/uploads\/2019\/02\/MP900423018.jpg","contentUrl":"https:\/\/hr4free.com\/wp-content\/uploads\/2019\/02\/MP900423018.jpg","width":664,"height":335},{"@type":"BreadcrumbList","@id":"https:\/\/hr4free.com\/fr\/Suivi-du-collaborateur\/La-gestion-professionnelle-de-l-absent%C3%A9isme-avec-la-m%C3%A9thodologie-du-Management-Par-le-Coaching-MPC\/#breadcrumb","itemListElement":[{"@type":"ListItem","position":1,"name":"Accueil","item":"https:\/\/hr4free.com\/fr\/"},{"@type":"ListItem","position":2,"name":"La gestion professionnelle de l\u2019absent\u00e9isme avec la m\u00e9thode du Management Par le Coaching (MPC)"}]},{"@type":"WebSite","@id":"https:\/\/hr4free.com\/fr\/#website","url":"https:\/\/hr4free.com\/fr\/","name":"HR4Free","description":"","potentialAction":[{"@type":"SearchAction","target":{"@type":"EntryPoint","urlTemplate":"https:\/\/hr4free.com\/fr\/?s={search_term_string}"},"query-input":{"@type":"PropertyValueSpecification","valueRequired":true,"valueName":"search_term_string"}}],"inLanguage":"fr-FR"},{"@type":"Person","@id":"https:\/\/hr4free.com\/fr\/#\/schema\/person\/63b4676b4887d228dbc78b611adacc2e","name":"admin","image":{"@type":"ImageObject","inLanguage":"fr-FR","@id":"https:\/\/secure.gravatar.com\/avatar\/1493e8ac9f7cdeb1d404ed3fa83f9d3a50c10f9a35c09a5271d0ac17a1db68b2?s=96&d=mm&r=g","url":"https:\/\/secure.gravatar.com\/avatar\/1493e8ac9f7cdeb1d404ed3fa83f9d3a50c10f9a35c09a5271d0ac17a1db68b2?s=96&d=mm&r=g","contentUrl":"https:\/\/secure.gravatar.com\/avatar\/1493e8ac9f7cdeb1d404ed3fa83f9d3a50c10f9a35c09a5271d0ac17a1db68b2?s=96&d=mm&r=g","caption":"admin"},"url":"https:\/\/hr4free.com\/fr\/author\/held\/"}]}},"_links":{"self":[{"href":"https:\/\/hr4free.com\/fr\/wp-json\/wp\/v2\/posts\/1013","targetHints":{"allow":["GET"]}}],"collection":[{"href":"https:\/\/hr4free.com\/fr\/wp-json\/wp\/v2\/posts"}],"about":[{"href":"https:\/\/hr4free.com\/fr\/wp-json\/wp\/v2\/types\/post"}],"author":[{"embeddable":true,"href":"https:\/\/hr4free.com\/fr\/wp-json\/wp\/v2\/users\/3"}],"replies":[{"embeddable":true,"href":"https:\/\/hr4free.com\/fr\/wp-json\/wp\/v2\/comments?post=1013"}],"version-history":[{"count":3,"href":"https:\/\/hr4free.com\/fr\/wp-json\/wp\/v2\/posts\/1013\/revisions"}],"predecessor-version":[{"id":1018,"href":"https:\/\/hr4free.com\/fr\/wp-json\/wp\/v2\/posts\/1013\/revisions\/1018"}],"wp:featuredmedia":[{"embeddable":true,"href":"https:\/\/hr4free.com\/fr\/wp-json\/wp\/v2\/media\/1014"}],"wp:attachment":[{"href":"https:\/\/hr4free.com\/fr\/wp-json\/wp\/v2\/media?parent=1013"}],"wp:term":[{"taxonomy":"category","embeddable":true,"href":"https:\/\/hr4free.com\/fr\/wp-json\/wp\/v2\/categories?post=1013"},{"taxonomy":"post_tag","embeddable":true,"href":"https:\/\/hr4free.com\/fr\/wp-json\/wp\/v2\/tags?post=1013"}],"curies":[{"name":"wp","href":"https:\/\/api.w.org\/{rel}","templated":true}]}}