{"id":2822,"date":"2019-05-19T20:20:32","date_gmt":"2019-05-19T20:20:32","guid":{"rendered":"http:\/\/hr4free.web-romandie.ch\/?p=2822"},"modified":"2022-08-04T09:08:09","modified_gmt":"2022-08-04T09:08:09","slug":"die-fruehpensionierung-eines-mitarbeiters-leitfaden-zur-gespraechsfuehrung","status":"publish","type":"post","link":"https:\/\/hr4free.com\/de\/Trennung-von-Mitarbeitern\/Fr%C3%BChpensionierung-des-Mitarbeiters-und-Trennungsgespr%C3%A4ch","title":{"rendered":"Die Fr\u00fchpensionierung eines Mitarbeiters &#8211; Leitfaden zur Gespr\u00e4chsf\u00fchrung"},"content":{"rendered":"<p>Fr\u00fchpensionierung besteht f\u00fcr einen Mitarbeiter darin, eine reduzierte Rente vor dem gesetzlichen Rentenalter (65 Jahre f\u00fcr M\u00e4nner und 64 Jahre f\u00fcr Frauen) zu bekommen, indem er seine berufliche T\u00e4tigkeit &#8211; zum Teil oder vollst\u00e4ndig &#8211; aufgibt.\u00a0<strong>In der Schweiz ist das Minimal-Fr\u00fchpensionierungsalter auf 58 Jahre festgelegt.<\/strong>\u00a0Die Fr\u00fchpensionierung geschieht meistens in zwei F\u00e4llen:<\/p>\n<ol>\n<li>Wenn das Unternehmen aus verschiedenen Gr\u00fcnden einsch\u00e4tzt, dass der Mitarbeiter nicht mehr imstande ist, seine T\u00e4tigkeit auf befriedigende Weise auszu\u00fcben;<\/li>\n<li>Wenn der Mitarbeiter sich daf\u00fcr entscheidet, seiner Karriere ein Ende zu\u00a0 bereiten.<\/li>\n<\/ol>\n<p>Die pers\u00f6nlichen und organisatorischen Folgen der Fr\u00fchpensionierung, sowie die<em>\u00a0Durchf\u00fchrung des Trennungsgespr\u00e4chs<\/em>\u00a0sollen also je nach Situation unterschiedlich behandelt werden.<\/p>\n<p>Der erste Fall kommt am H\u00e4ufigsten vor, mit Hinsicht auf die wirtschaftliche Konjunktur, die Globalisierung der M\u00e4rkte und der daraus entstehenden Umwandlung der Organisationsstrukturen, die konstante technologische Innovation, die Kosten der Sozialversicherungen, usw.\u00a0<strong>Die Senioren k\u00f6nnen sich in diesem h\u00f6chst unsicheren beruflichen Kontext etwas \u00fcberfordert f\u00fchlen.<\/strong>\u00a0Deshalb kann oft eine Fr\u00fchpensionierung eine passende Antwort sein, nicht nur vom Standpunkt des Unternehmens aus, sondern auch f\u00fcr den Mitarbeiter selbst.<\/p>\n<p>Es soll auch erhoben werden, dass die Fr\u00fchpensionierung (entweder vollst\u00e4ndig oder teilweise \u2013 im Fall einer\u00a0<em>Reduzierung der Arbeitsquote<\/em>) auch gemeinsam entschieden werden kann, in welchem Fall das Trennungsgespr\u00e4ch keine besonderen Schwierigkeiten bereiten sollte.\u00a0<b>In dieser Situation soll dennoch der Schwerpunkt auf die konkreten Hilfsma\u00dfnahmen\u00a0gesetzt werden<\/b>, die das Unternehmen dem Mitarbeiter anbieten kann (Geldleistungen, AHV-Rente, Schritte unternehmen bei der Pensionskasse, usw.).<\/p>\n<h5 style=\"text-align: center;\"><b>TOOLS<\/b><\/h5>\n<p>F\u00fcr alle F\u00e4lle, in denen die Fr\u00fchpensionierung nicht von beiden Parteien gew\u00fcnscht wird, k\u00f6nnen die organisatorischen und\/oder pers\u00f6nlichen Folgen ziemlich bedeutsam sein. Um m\u00f6gliche negative Folgen zu begrenzen \u2013 oder sogar zu eliminieren \u2013 sollen die allgemeinen Regeln des\u00a0<strong><a href=\"http:\/\/www.hr4free.com\/de\/Trennung-von-Mitarbeitern\/Austritt-des-Mitarbeiters-und-Trennungsgespr%C3%A4ch-Muster-Checkliste-zur-Gespr%C3%A4chsf%C3%BChrung\" target=\"_blank\" rel=\"noopener noreferrer\" data-cke-saved-href=\"http:\/\/www.hr4free.com\/de\/Trennung-von-Mitarbeitern\/Austritt-des-Mitarbeiters-und-Trennungsgespr%C3%A4ch-Muster-Checkliste-zur-Gespr%C3%A4chsf%C3%BChrung\">Trennungsgespr\u00e4chs (Richtlinien)<\/a><\/strong>\u00a0angewandt werden, und insbesondere diejenigen, die sich auf das\u00a0<strong><a href=\"http:\/\/www.hr4free.com\/de\/Trennung-von-Mitarbeitern\/K%C3%BCndigungsprozess-und-Trennungsgespr%C3%A4ch\" target=\"_blank\" rel=\"noopener noreferrer\" data-cke-saved-href=\"http:\/\/www.hr4free.com\/de\/Trennung-von-Mitarbeitern\/K%C3%BCndigungsprozess-und-Trennungsgespr%C3%A4ch\">K\u00fcndigungsgespr\u00e4ch (Richtlinien)<\/a><\/strong>\u00a0beziehen. Dieselben Tools k\u00f6nnen demnach eingesetzt werden, n\u00e4mlich:<\/p>\n<ul>\n<li><a href=\"http:\/\/www.hr4free.com\/de\/Integration-neuer-Mitarbeiter\/Arbeitsvertrag-und-Einstellungsbest%C3%A4tigung-Muster-Klauseln-Schweigepflicht-Konkurrenzverbot\" target=\"_blank\" rel=\"noopener noreferrer\" data-cke-saved-href=\"http:\/\/www.hr4free.com\/de\/Integration-neuer-Mitarbeiter\/Arbeitsvertrag-und-Einstellungsbest%C3%A4tigung-Muster-Klauseln-Schweigepflicht-Konkurrenzverbot\"><b>Arbeitsvertrag (und m\u00f6gliche zus\u00e4tzliche Klauseln)<\/b><\/a><\/li>\n<li><b><a href=\"http:\/\/www.hr4free.com\/PDF_Files\/Blog_DE_HR_Kuendigungsgespraech_Vorbereitung.pdf\" target=\"_blank\" rel=\"noopener noreferrer\" data-cke-saved-href=\"http:\/\/www.hr4free.com\/PDF_Files\/Blog_DE_HR_Kuendigungsgespraech_Vorbereitung.pdf\">Richtlinien zur Vorbereitung des K\u00fcndigungsgespr\u00e4chs<\/a><\/b><\/li>\n<li><a href=\"http:\/\/www.hr4free.com\/PDF_Files\/Blog_DE_HR_Mitarbeiterbeurteilung_Kriterien.pdf\" target=\"_blank\" rel=\"noopener noreferrer\" data-cke-saved-href=\"http:\/\/www.hr4free.com\/PDF_Files\/Blog_DE_HR_Mitarbeiterbeurteilung_Kriterien.pdf\"><b>Tabelle zur Beurteilung der Verhaltenskompetenzen<\/b><\/a><\/li>\n<li><a href=\"https:\/\/hr4free.com\/de\/Kompetenzmanagement-Tools\/Management-By-Objectives-Muster-Qualifikationsblatt\" target=\"_blank\" rel=\"noopener noreferrer\" data-cke-saved-href=\"https:\/\/hr4free.com\/de\/Kompetenzmanagement-Tools\/Management-By-Objectives-Muster-Qualifikationsblatt\"><b>Qualifikationsblatt zur Beurteilung der Leistungen<\/b><\/a><\/li>\n<\/ul>\n<div style=\"text-align: center;\"><b>PRAXIS<\/b><\/div>\n<p>Die Pensionierung eines Mitarbeiters, der das\u00a0<em>gesetzliche Rentenalter\u00a0<\/em>erreicht hat, stellt im Allgemeinen kein besonderes Problem dar. Der Mitarbeiter kann \u00fcber seine\u00a0<em>Pensionierung<\/em>\u00a0entt\u00e4uscht, erleichtert oder gleichg\u00fcltig sein. Doch beide, Mitarbeiter und Arbeitgeber, kommen im Allgemeinen auf ihre Kosten in dieser Situation und deren Folgen.\u00a0<strong>Dagegen kann eine Fr\u00fchpensionierung zur Unzeit geschehen<\/strong>, und dadurch den Mitarbeiter oder den Arbeitgeber stark destabilisieren.<\/p>\n<p>Wie schon erw\u00e4hnt, gibt es zwei Hauptf\u00e4lle, die wir jetzt n\u00e4her im Detail betrachten werden:<\/p>\n<p><strong>I. Fr\u00fchpensionierung auf Entscheid des Unternehmens:<\/strong>\u00a0Im Fall einer erzwungenen Fr\u00fchpensionierung kann sich der Mitarbeiter verlassen, sogar verraten f\u00fchlen. Er kann infolgedessen sich selbst und seine Werte in Frage stellen; in der Tat, je wichtiger, intensiver und wesentlicher sein Verh\u00e4ltnis zum Arbeitgeber war, desto mehr wird er seine Werte auf die Arbeit und das Verh\u00e4ltnis mit ihm basiert haben. Infolgedessen kann der Mitarbeiter in diesem Fall an einem\u00a0<em>Identit\u00e4tsverlust<\/em>\u00a0leiden, indem seine\u00a0<em>sozialen Referenzen<\/em>\u00a0ersch\u00fcttert werden.<\/p>\n<p>Viele Fachleute sind sich einig, dass ein\u00a0<em>Fr\u00fchpensionierungsgespr\u00e4ch<\/em>\u00a0\u2013 wenn dieselbe vom Arbeitgeber entschieden wurde \u2013 oft schwieriger zu f\u00fchren ist, als ein\u00a0<em>K\u00fcndigungsgespr\u00e4ch<\/em>.<\/p>\n<ul>\n<li><strong>Vorschl\u00e4ge zur Durchf\u00fchrung des Gespr\u00e4chs:<\/strong><\/li>\n<\/ul>\n<ol>\n<li>Lassen Sie die Person sich ausdr\u00fccken (manchmal kann sie auch aggressiv werden)<\/li>\n<li>Zeigen Sie Verst\u00e4ndnis<\/li>\n<li>Kommen Sie schnell zu den konkreten Hilfsma\u00dfnahmen, die Sie als Arbeitgeber anbieten k\u00f6nnen (Geldleistungen, AHV-Rente, Pensionskasse, usw.)<\/li>\n<\/ol>\n<ul>\n<li><em><strong>Anmerkungen zur Kommunikationsstrategie:\u00a0<\/strong><\/em>In dieser Situation soll die Diskussion an einem gewissen Zeitpunkt auf die\u00a0<em>Werte\u00a0<\/em>des Mitarbeiters orientiert werden, da es unvermeidlich ist, dass diese von diesem Prozess beeintr\u00e4chtigt werden. Der\u00a0<em>Autonomie-Bereich<strong>\u00a0<\/strong><\/em>des Mitarbeiters soll deshalb valorisiert werden, indem er ermutigt wird, sich auf sein\u00a0<em>Privatleben<\/em>\u00a0oder seine\u00a0<em>Vereinst\u00e4tigkeiten<\/em>\u00a0in Bereichen wie Politik, Hilfsprojekte, Sport, usw., zu konzentrieren.<\/li>\n<\/ul>\n<p>Die Valorisierung der\u00a0<em>pers\u00f6nlichen Sph\u00e4re<\/em>\u00a0des Mitarbeiters sollte die Bewahrung der Selbstachtung und der sozialen Identit\u00e4t erm\u00f6glichen. Auch wenn sein<em>\u00a0finanzieller Wohlstand<\/em>\u00a0etwas vermindert ist, wird der Mitarbeiter jedoch \u00fcber mehr\u00a0<em>Freiheit\u00a0<\/em>verf\u00fcgen. Die einzige Folge des Arbeitsverlusts w\u00e4re also finanzieller Art \u2013 seine Integrit\u00e4t, sowie das Bild, das er von sich hat und seine soziale Rolle bleiben unversehrt.<\/p>\n<p><strong>II. Fr\u00fchpensionierung auf Entscheid des Mitarbeiters:<\/strong>\u00a0Wenn es der Mitarbeiter ist, der \u00fcber seinen Austritt entscheidet, kann die Nachricht vom Arbeitgeber schlecht aufgenommen werden, wenn er darauf unvorbereitet ist \u2013 und diesen Entscheid sogar nicht annehmen. Auch hier kann das Gespr\u00e4ch heikle Aspekte enthalten, f\u00fcr beide, den Arbeitgeber und den Mitarbeiter.\u00a0Hier unterscheidet sich aber das zu f\u00fchrende Gespr\u00e4ch etwas vom ersten Fall.<\/p>\n<p>In der Tat sind die mit dem\u00a0<em>Identit\u00e4tsverlust<\/em>\u00a0verbundenen Probleme weniger stark vorhanden \u2013 wenn nicht gar v\u00f6llig inexistent. Die Diskussion wird sich deshalb weniger auf die\u00a0<em>Werte<\/em>\u00a0der Person konzentrieren.<\/p>\n<ul>\n<li><em><strong>Vorschl\u00e4ge zur Durchf\u00fchrung des Gespr\u00e4chs:<\/strong><\/em><\/li>\n<\/ul>\n<ol>\n<li>Lassen Sie die Person sich ausdr\u00fccken<\/li>\n<li>Zeigen Sie Verst\u00e4ndnis<\/li>\n<li>Stellen Sie die m\u00f6glichen Zugest\u00e4ndnisse vor, die das Unternehmen bereit ist f\u00fcr ihn zu machen<\/li>\n<li>Stellen Sie dem Mitarbeiter die verschiedenen Alternativen vor, die das Unternehmen ihm anbietet (interne Mobilit\u00e4t, reduzierte Arbeitslast\u2026) und versuchen Sie eine L\u00f6sung zu finden, bei der beide Parteien gewinnen<\/li>\n<li>Kommen Sie zu den konkreten Hilfsma\u00dfnahmen, die Sie als Arbeitgeber anbieten k\u00f6nnen<\/li>\n<\/ol>\n<ul>\n<li><em><strong>Bemerkungen zur Kommunikationsstrategie:<\/strong><\/em>\u00a0Diese Situation kann manchmal zu einem<em>\u00a0Konflikt<\/em>\u00a0zwischen Mitarbeiter und Arbeitgeber f\u00fchren. Dieser Konflikt &#8211; der den Rahmen des Gespr\u00e4chs \u00fcberschreitet \u2013 kann durch die Suche nach einem\u00a0<em>Modus vivendi<\/em>\u00a0g\u00fctlich gel\u00f6st werden. Andernfalls, kann dies zu einer<em>\u00a0unfreundlichen Trennung<\/em>\u00a0f\u00fchren.<\/li>\n<\/ul>\n","protected":false},"excerpt":{"rendered":"<p>Fr\u00fchpensionierung besteht f\u00fcr einen Mitarbeiter darin, eine reduzierte Rente vor dem gesetzlichen Rentenalter (65 Jahre f\u00fcr M\u00e4nner und 64 Jahre f\u00fcr Frauen) zu bekommen, indem er seine berufliche T\u00e4tigkeit &#8211; zum Teil oder vollst\u00e4ndig &#8211; aufgibt.\u00a0In der Schweiz ist das Minimal-Fr\u00fchpensionierungsalter auf 58 Jahre festgelegt.\u00a0Die Fr\u00fchpensionierung geschieht meistens in zwei F\u00e4llen: Wenn das Unternehmen aus [&hellip;]<\/p>\n","protected":false},"author":3,"featured_media":4800,"comment_status":"open","ping_status":"closed","sticky":false,"template":"","format":"standard","meta":{"footnotes":""},"categories":[18],"tags":[295,307],"class_list":["post-2822","post","type-post","status-publish","format-standard","has-post-thumbnail","hentry","category-trennung-von-mitarbeitern","tag-hr-tools","tag-personalmanagement"],"yoast_head":"<!-- This site is optimized with the Yoast SEO plugin v28.3 - https:\/\/yoast.com\/product\/yoast-seo-wordpress\/ -->\n<title>Die Fr\u00fchpensionierung eines Mitarbeiters - Leitfaden zur Gespr\u00e4chsf\u00fchrung - HR4Free<\/title>\n<meta name=\"robots\" content=\"noindex, follow, max-snippet:-1, max-image-preview:large, max-video-preview:-1\" \/>\n<meta property=\"og:locale\" content=\"de_DE\" \/>\n<meta property=\"og:type\" content=\"article\" \/>\n<meta property=\"og:title\" content=\"Die Fr\u00fchpensionierung eines Mitarbeiters - Leitfaden zur Gespr\u00e4chsf\u00fchrung - HR4Free\" \/>\n<meta property=\"og:description\" content=\"Fr\u00fchpensionierung besteht f\u00fcr einen Mitarbeiter darin, eine reduzierte Rente vor dem gesetzlichen Rentenalter (65 Jahre f\u00fcr M\u00e4nner und 64 Jahre f\u00fcr Frauen) zu bekommen, indem er seine berufliche T\u00e4tigkeit &#8211; zum Teil oder vollst\u00e4ndig &#8211; aufgibt.\u00a0In der Schweiz ist das Minimal-Fr\u00fchpensionierungsalter auf 58 Jahre festgelegt.\u00a0Die Fr\u00fchpensionierung geschieht meistens in zwei F\u00e4llen: Wenn das Unternehmen aus [&hellip;]\" \/>\n<meta property=\"og:url\" content=\"https:\/\/hr4free.com\/de\/Trennung-von-Mitarbeitern\/Fr\u00fchpensionierung-des-Mitarbeiters-und-Trennungsgespr\u00e4ch\/\" \/>\n<meta property=\"og:site_name\" content=\"HR4Free\" \/>\n<meta property=\"article:published_time\" content=\"2019-05-19T20:20:32+00:00\" \/>\n<meta property=\"article:modified_time\" content=\"2022-08-04T09:08:09+00:00\" \/>\n<meta property=\"og:image\" content=\"https:\/\/hr4free.com\/wp-content\/uploads\/2019\/05\/hr4free-img.jpg\" \/>\n\t<meta property=\"og:image:width\" content=\"664\" \/>\n\t<meta property=\"og:image:height\" content=\"335\" \/>\n\t<meta property=\"og:image:type\" content=\"image\/jpeg\" \/>\n<meta name=\"author\" content=\"admin\" \/>\n<meta name=\"twitter:card\" content=\"summary_large_image\" \/>\n<meta name=\"twitter:label1\" content=\"Verfasst von\" \/>\n\t<meta name=\"twitter:data1\" content=\"admin\" \/>\n\t<meta name=\"twitter:label2\" content=\"Gesch\u00e4tzte Lesezeit\" \/>\n\t<meta name=\"twitter:data2\" content=\"5\u00a0Minuten\" \/>\n<script type=\"application\/ld+json\" class=\"yoast-schema-graph\">{\"@context\":\"https:\\\/\\\/schema.org\",\"@graph\":[{\"@type\":\"Article\",\"@id\":\"https:\\\/\\\/hr4free.com\\\/de\\\/Trennung-von-Mitarbeitern\\\/Fr%C3%BChpensionierung-des-Mitarbeiters-und-Trennungsgespr%C3%A4ch\\\/#article\",\"isPartOf\":{\"@id\":\"https:\\\/\\\/hr4free.com\\\/de\\\/Trennung-von-Mitarbeitern\\\/Fr%C3%BChpensionierung-des-Mitarbeiters-und-Trennungsgespr%C3%A4ch\\\/\"},\"author\":{\"name\":\"admin\",\"@id\":\"https:\\\/\\\/hr4free.com\\\/fr\\\/#\\\/schema\\\/person\\\/63b4676b4887d228dbc78b611adacc2e\"},\"headline\":\"Die Fr\u00fchpensionierung eines Mitarbeiters &#8211; Leitfaden zur Gespr\u00e4chsf\u00fchrung\",\"datePublished\":\"2019-05-19T20:20:32+00:00\",\"dateModified\":\"2022-08-04T09:08:09+00:00\",\"mainEntityOfPage\":{\"@id\":\"https:\\\/\\\/hr4free.com\\\/de\\\/Trennung-von-Mitarbeitern\\\/Fr%C3%BChpensionierung-des-Mitarbeiters-und-Trennungsgespr%C3%A4ch\\\/\"},\"wordCount\":960,\"commentCount\":0,\"image\":{\"@id\":\"https:\\\/\\\/hr4free.com\\\/de\\\/Trennung-von-Mitarbeitern\\\/Fr%C3%BChpensionierung-des-Mitarbeiters-und-Trennungsgespr%C3%A4ch\\\/#primaryimage\"},\"thumbnailUrl\":\"https:\\\/\\\/hr4free.com\\\/wp-content\\\/uploads\\\/2019\\\/05\\\/hr4free-img.jpg\",\"keywords\":[\"hr-tools\",\"personalmanagement\"],\"articleSection\":[\"4. Trennung von Mitarbeitern\"],\"inLanguage\":\"de\",\"potentialAction\":[{\"@type\":\"CommentAction\",\"name\":\"Comment\",\"target\":[\"https:\\\/\\\/hr4free.com\\\/de\\\/Trennung-von-Mitarbeitern\\\/Fr%C3%BChpensionierung-des-Mitarbeiters-und-Trennungsgespr%C3%A4ch\\\/#respond\"]}]},{\"@type\":\"WebPage\",\"@id\":\"https:\\\/\\\/hr4free.com\\\/de\\\/Trennung-von-Mitarbeitern\\\/Fr%C3%BChpensionierung-des-Mitarbeiters-und-Trennungsgespr%C3%A4ch\\\/\",\"url\":\"https:\\\/\\\/hr4free.com\\\/de\\\/Trennung-von-Mitarbeitern\\\/Fr%C3%BChpensionierung-des-Mitarbeiters-und-Trennungsgespr%C3%A4ch\\\/\",\"name\":\"Die Fr\u00fchpensionierung eines Mitarbeiters - Leitfaden zur Gespr\u00e4chsf\u00fchrung - HR4Free\",\"isPartOf\":{\"@id\":\"https:\\\/\\\/hr4free.com\\\/fr\\\/#website\"},\"primaryImageOfPage\":{\"@id\":\"https:\\\/\\\/hr4free.com\\\/de\\\/Trennung-von-Mitarbeitern\\\/Fr%C3%BChpensionierung-des-Mitarbeiters-und-Trennungsgespr%C3%A4ch\\\/#primaryimage\"},\"image\":{\"@id\":\"https:\\\/\\\/hr4free.com\\\/de\\\/Trennung-von-Mitarbeitern\\\/Fr%C3%BChpensionierung-des-Mitarbeiters-und-Trennungsgespr%C3%A4ch\\\/#primaryimage\"},\"thumbnailUrl\":\"https:\\\/\\\/hr4free.com\\\/wp-content\\\/uploads\\\/2019\\\/05\\\/hr4free-img.jpg\",\"datePublished\":\"2019-05-19T20:20:32+00:00\",\"dateModified\":\"2022-08-04T09:08:09+00:00\",\"author\":{\"@id\":\"https:\\\/\\\/hr4free.com\\\/fr\\\/#\\\/schema\\\/person\\\/63b4676b4887d228dbc78b611adacc2e\"},\"breadcrumb\":{\"@id\":\"https:\\\/\\\/hr4free.com\\\/de\\\/Trennung-von-Mitarbeitern\\\/Fr%C3%BChpensionierung-des-Mitarbeiters-und-Trennungsgespr%C3%A4ch\\\/#breadcrumb\"},\"inLanguage\":\"de\",\"potentialAction\":[{\"@type\":\"ReadAction\",\"target\":[\"https:\\\/\\\/hr4free.com\\\/de\\\/Trennung-von-Mitarbeitern\\\/Fr%C3%BChpensionierung-des-Mitarbeiters-und-Trennungsgespr%C3%A4ch\\\/\"]}]},{\"@type\":\"ImageObject\",\"inLanguage\":\"de\",\"@id\":\"https:\\\/\\\/hr4free.com\\\/de\\\/Trennung-von-Mitarbeitern\\\/Fr%C3%BChpensionierung-des-Mitarbeiters-und-Trennungsgespr%C3%A4ch\\\/#primaryimage\",\"url\":\"https:\\\/\\\/hr4free.com\\\/wp-content\\\/uploads\\\/2019\\\/05\\\/hr4free-img.jpg\",\"contentUrl\":\"https:\\\/\\\/hr4free.com\\\/wp-content\\\/uploads\\\/2019\\\/05\\\/hr4free-img.jpg\",\"width\":664,\"height\":335},{\"@type\":\"BreadcrumbList\",\"@id\":\"https:\\\/\\\/hr4free.com\\\/de\\\/Trennung-von-Mitarbeitern\\\/Fr%C3%BChpensionierung-des-Mitarbeiters-und-Trennungsgespr%C3%A4ch\\\/#breadcrumb\",\"itemListElement\":[{\"@type\":\"ListItem\",\"position\":1,\"name\":\"Accueil\",\"item\":\"https:\\\/\\\/hr4free.com\\\/de\\\/\"},{\"@type\":\"ListItem\",\"position\":2,\"name\":\"Die Fr\u00fchpensionierung eines Mitarbeiters &#8211; Leitfaden zur Gespr\u00e4chsf\u00fchrung\"}]},{\"@type\":\"WebSite\",\"@id\":\"https:\\\/\\\/hr4free.com\\\/fr\\\/#website\",\"url\":\"https:\\\/\\\/hr4free.com\\\/fr\\\/\",\"name\":\"HR4Free\",\"description\":\"\",\"potentialAction\":[{\"@type\":\"SearchAction\",\"target\":{\"@type\":\"EntryPoint\",\"urlTemplate\":\"https:\\\/\\\/hr4free.com\\\/fr\\\/?s={search_term_string}\"},\"query-input\":{\"@type\":\"PropertyValueSpecification\",\"valueRequired\":true,\"valueName\":\"search_term_string\"}}],\"inLanguage\":\"de\"},{\"@type\":\"Person\",\"@id\":\"https:\\\/\\\/hr4free.com\\\/fr\\\/#\\\/schema\\\/person\\\/63b4676b4887d228dbc78b611adacc2e\",\"name\":\"admin\",\"image\":{\"@type\":\"ImageObject\",\"inLanguage\":\"de\",\"@id\":\"https:\\\/\\\/secure.gravatar.com\\\/avatar\\\/1493e8ac9f7cdeb1d404ed3fa83f9d3a50c10f9a35c09a5271d0ac17a1db68b2?s=96&d=mm&r=g\",\"url\":\"https:\\\/\\\/secure.gravatar.com\\\/avatar\\\/1493e8ac9f7cdeb1d404ed3fa83f9d3a50c10f9a35c09a5271d0ac17a1db68b2?s=96&d=mm&r=g\",\"contentUrl\":\"https:\\\/\\\/secure.gravatar.com\\\/avatar\\\/1493e8ac9f7cdeb1d404ed3fa83f9d3a50c10f9a35c09a5271d0ac17a1db68b2?s=96&d=mm&r=g\",\"caption\":\"admin\"},\"url\":\"https:\\\/\\\/hr4free.com\\\/de\\\/author\\\/held\\\/\"}]}<\/script>\n<!-- \/ Yoast SEO plugin. -->","yoast_head_json":{"title":"Die Fr\u00fchpensionierung eines Mitarbeiters - Leitfaden zur Gespr\u00e4chsf\u00fchrung - HR4Free","robots":{"index":"noindex","follow":"follow","max-snippet":"max-snippet:-1","max-image-preview":"max-image-preview:large","max-video-preview":"max-video-preview:-1"},"og_locale":"de_DE","og_type":"article","og_title":"Die Fr\u00fchpensionierung eines Mitarbeiters - Leitfaden zur Gespr\u00e4chsf\u00fchrung - HR4Free","og_description":"Fr\u00fchpensionierung besteht f\u00fcr einen Mitarbeiter darin, eine reduzierte Rente vor dem gesetzlichen Rentenalter (65 Jahre f\u00fcr M\u00e4nner und 64 Jahre f\u00fcr Frauen) zu bekommen, indem er seine berufliche T\u00e4tigkeit &#8211; zum Teil oder vollst\u00e4ndig &#8211; aufgibt.\u00a0In der Schweiz ist das Minimal-Fr\u00fchpensionierungsalter auf 58 Jahre festgelegt.\u00a0Die Fr\u00fchpensionierung geschieht meistens in zwei F\u00e4llen: Wenn das Unternehmen aus [&hellip;]","og_url":"https:\/\/hr4free.com\/de\/Trennung-von-Mitarbeitern\/Fr\u00fchpensionierung-des-Mitarbeiters-und-Trennungsgespr\u00e4ch\/","og_site_name":"HR4Free","article_published_time":"2019-05-19T20:20:32+00:00","article_modified_time":"2022-08-04T09:08:09+00:00","og_image":[{"width":664,"height":335,"url":"https:\/\/hr4free.com\/wp-content\/uploads\/2019\/05\/hr4free-img.jpg","type":"image\/jpeg"}],"author":"admin","twitter_card":"summary_large_image","twitter_misc":{"Verfasst von":"admin","Gesch\u00e4tzte Lesezeit":"5\u00a0Minuten"},"schema":{"@context":"https:\/\/schema.org","@graph":[{"@type":"Article","@id":"https:\/\/hr4free.com\/de\/Trennung-von-Mitarbeitern\/Fr%C3%BChpensionierung-des-Mitarbeiters-und-Trennungsgespr%C3%A4ch\/#article","isPartOf":{"@id":"https:\/\/hr4free.com\/de\/Trennung-von-Mitarbeitern\/Fr%C3%BChpensionierung-des-Mitarbeiters-und-Trennungsgespr%C3%A4ch\/"},"author":{"name":"admin","@id":"https:\/\/hr4free.com\/fr\/#\/schema\/person\/63b4676b4887d228dbc78b611adacc2e"},"headline":"Die Fr\u00fchpensionierung eines Mitarbeiters &#8211; Leitfaden zur Gespr\u00e4chsf\u00fchrung","datePublished":"2019-05-19T20:20:32+00:00","dateModified":"2022-08-04T09:08:09+00:00","mainEntityOfPage":{"@id":"https:\/\/hr4free.com\/de\/Trennung-von-Mitarbeitern\/Fr%C3%BChpensionierung-des-Mitarbeiters-und-Trennungsgespr%C3%A4ch\/"},"wordCount":960,"commentCount":0,"image":{"@id":"https:\/\/hr4free.com\/de\/Trennung-von-Mitarbeitern\/Fr%C3%BChpensionierung-des-Mitarbeiters-und-Trennungsgespr%C3%A4ch\/#primaryimage"},"thumbnailUrl":"https:\/\/hr4free.com\/wp-content\/uploads\/2019\/05\/hr4free-img.jpg","keywords":["hr-tools","personalmanagement"],"articleSection":["4. Trennung von Mitarbeitern"],"inLanguage":"de","potentialAction":[{"@type":"CommentAction","name":"Comment","target":["https:\/\/hr4free.com\/de\/Trennung-von-Mitarbeitern\/Fr%C3%BChpensionierung-des-Mitarbeiters-und-Trennungsgespr%C3%A4ch\/#respond"]}]},{"@type":"WebPage","@id":"https:\/\/hr4free.com\/de\/Trennung-von-Mitarbeitern\/Fr%C3%BChpensionierung-des-Mitarbeiters-und-Trennungsgespr%C3%A4ch\/","url":"https:\/\/hr4free.com\/de\/Trennung-von-Mitarbeitern\/Fr%C3%BChpensionierung-des-Mitarbeiters-und-Trennungsgespr%C3%A4ch\/","name":"Die Fr\u00fchpensionierung eines Mitarbeiters - Leitfaden zur Gespr\u00e4chsf\u00fchrung - HR4Free","isPartOf":{"@id":"https:\/\/hr4free.com\/fr\/#website"},"primaryImageOfPage":{"@id":"https:\/\/hr4free.com\/de\/Trennung-von-Mitarbeitern\/Fr%C3%BChpensionierung-des-Mitarbeiters-und-Trennungsgespr%C3%A4ch\/#primaryimage"},"image":{"@id":"https:\/\/hr4free.com\/de\/Trennung-von-Mitarbeitern\/Fr%C3%BChpensionierung-des-Mitarbeiters-und-Trennungsgespr%C3%A4ch\/#primaryimage"},"thumbnailUrl":"https:\/\/hr4free.com\/wp-content\/uploads\/2019\/05\/hr4free-img.jpg","datePublished":"2019-05-19T20:20:32+00:00","dateModified":"2022-08-04T09:08:09+00:00","author":{"@id":"https:\/\/hr4free.com\/fr\/#\/schema\/person\/63b4676b4887d228dbc78b611adacc2e"},"breadcrumb":{"@id":"https:\/\/hr4free.com\/de\/Trennung-von-Mitarbeitern\/Fr%C3%BChpensionierung-des-Mitarbeiters-und-Trennungsgespr%C3%A4ch\/#breadcrumb"},"inLanguage":"de","potentialAction":[{"@type":"ReadAction","target":["https:\/\/hr4free.com\/de\/Trennung-von-Mitarbeitern\/Fr%C3%BChpensionierung-des-Mitarbeiters-und-Trennungsgespr%C3%A4ch\/"]}]},{"@type":"ImageObject","inLanguage":"de","@id":"https:\/\/hr4free.com\/de\/Trennung-von-Mitarbeitern\/Fr%C3%BChpensionierung-des-Mitarbeiters-und-Trennungsgespr%C3%A4ch\/#primaryimage","url":"https:\/\/hr4free.com\/wp-content\/uploads\/2019\/05\/hr4free-img.jpg","contentUrl":"https:\/\/hr4free.com\/wp-content\/uploads\/2019\/05\/hr4free-img.jpg","width":664,"height":335},{"@type":"BreadcrumbList","@id":"https:\/\/hr4free.com\/de\/Trennung-von-Mitarbeitern\/Fr%C3%BChpensionierung-des-Mitarbeiters-und-Trennungsgespr%C3%A4ch\/#breadcrumb","itemListElement":[{"@type":"ListItem","position":1,"name":"Accueil","item":"https:\/\/hr4free.com\/de\/"},{"@type":"ListItem","position":2,"name":"Die Fr\u00fchpensionierung eines Mitarbeiters &#8211; Leitfaden zur Gespr\u00e4chsf\u00fchrung"}]},{"@type":"WebSite","@id":"https:\/\/hr4free.com\/fr\/#website","url":"https:\/\/hr4free.com\/fr\/","name":"HR4Free","description":"","potentialAction":[{"@type":"SearchAction","target":{"@type":"EntryPoint","urlTemplate":"https:\/\/hr4free.com\/fr\/?s={search_term_string}"},"query-input":{"@type":"PropertyValueSpecification","valueRequired":true,"valueName":"search_term_string"}}],"inLanguage":"de"},{"@type":"Person","@id":"https:\/\/hr4free.com\/fr\/#\/schema\/person\/63b4676b4887d228dbc78b611adacc2e","name":"admin","image":{"@type":"ImageObject","inLanguage":"de","@id":"https:\/\/secure.gravatar.com\/avatar\/1493e8ac9f7cdeb1d404ed3fa83f9d3a50c10f9a35c09a5271d0ac17a1db68b2?s=96&d=mm&r=g","url":"https:\/\/secure.gravatar.com\/avatar\/1493e8ac9f7cdeb1d404ed3fa83f9d3a50c10f9a35c09a5271d0ac17a1db68b2?s=96&d=mm&r=g","contentUrl":"https:\/\/secure.gravatar.com\/avatar\/1493e8ac9f7cdeb1d404ed3fa83f9d3a50c10f9a35c09a5271d0ac17a1db68b2?s=96&d=mm&r=g","caption":"admin"},"url":"https:\/\/hr4free.com\/de\/author\/held\/"}]}},"_links":{"self":[{"href":"https:\/\/hr4free.com\/de\/wp-json\/wp\/v2\/posts\/2822","targetHints":{"allow":["GET"]}}],"collection":[{"href":"https:\/\/hr4free.com\/de\/wp-json\/wp\/v2\/posts"}],"about":[{"href":"https:\/\/hr4free.com\/de\/wp-json\/wp\/v2\/types\/post"}],"author":[{"embeddable":true,"href":"https:\/\/hr4free.com\/de\/wp-json\/wp\/v2\/users\/3"}],"replies":[{"embeddable":true,"href":"https:\/\/hr4free.com\/de\/wp-json\/wp\/v2\/comments?post=2822"}],"version-history":[{"count":2,"href":"https:\/\/hr4free.com\/de\/wp-json\/wp\/v2\/posts\/2822\/revisions"}],"predecessor-version":[{"id":4808,"href":"https:\/\/hr4free.com\/de\/wp-json\/wp\/v2\/posts\/2822\/revisions\/4808"}],"wp:featuredmedia":[{"embeddable":true,"href":"https:\/\/hr4free.com\/de\/wp-json\/wp\/v2\/media\/4800"}],"wp:attachment":[{"href":"https:\/\/hr4free.com\/de\/wp-json\/wp\/v2\/media?parent=2822"}],"wp:term":[{"taxonomy":"category","embeddable":true,"href":"https:\/\/hr4free.com\/de\/wp-json\/wp\/v2\/categories?post=2822"},{"taxonomy":"post_tag","embeddable":true,"href":"https:\/\/hr4free.com\/de\/wp-json\/wp\/v2\/tags?post=2822"}],"curies":[{"name":"wp","href":"https:\/\/api.w.org\/{rel}","templated":true}]}}