{"id":2313,"date":"2019-05-18T21:22:31","date_gmt":"2019-05-18T21:22:31","guid":{"rendered":"http:\/\/hr4free.web-romandie.ch\/?p=2313"},"modified":"2019-05-18T21:22:31","modified_gmt":"2019-05-18T21:22:31","slug":"in-krisenzeiten-fuehren-seine-management-referenzpunkte-nach-umstrukturierungsprozessen-wiederherstellen","status":"publish","type":"post","link":"https:\/\/hr4free.com\/de\/Organisatorischer-Wandel\/In-Krisenzeiten-f%C3%BChren-seine-Management-Referenzen-nach-Restrukturierungen-wiederherstellen","title":{"rendered":"In Krisenzeiten f\u00fchren: seine Management-Referenzpunkte nach Umstrukturierungsprozessen wiederherstellen"},"content":{"rendered":"<p><strong>Der Begriff &#8222;Krise&#8220; geh\u00f6rt heutzutage zu unserem beruflichen und pers\u00f6nlichen Alltag.<\/strong>\u00a0Sie liegt im Zentrum unserer Diskussionen, ob zu Hause, im B\u00fcro oder in den Medien. Deren psychologische und emotionale Wirkungen auf Individuen &#8211; und insbesondere die aktive Bev\u00f6lkerung &#8211; sind betr\u00e4chtlich. Die Krise wird tats\u00e4chlich bei aktiven Individuen zahlreiche Fragen erzeugen, sowie Furcht vor der Zukunft. Die Folgen davon, n\u00e4mlich Misstrauen, Unsicherheit, sowie \u00c4ngste, sind sp\u00fcrbar. Wenn Mitarbeiter solche Emotionen erleben, besteht das Risiko, dass diese ihr berufliches Leben beeintr\u00e4chtigen werden &#8211; und vielleicht sogar l\u00e4hmen!<\/p>\n<p><em>Von Liliane Held-Khawam, Autor des Buches <strong><a href=\"http:\/\/www.hr4free.com\/de\/Management-von-Prozessen-durch-Coaching\/MPC%E2%84%A2-Buch\" target=\"_blank\" rel=\"noopener\" data-cke-saved-href=\"http:\/\/www.hr4free.com\/de\/Management-von-Prozessen-durch-Coaching\/MPC%E2%84%A2-Buch\">&#8222;Management by Coaching: Coping with Complexity in a Changing World&#8220;<\/a><\/strong><\/em><\/p>\n<p><strong>Dazu hat die Krise die abweichenden Verhaltensweisen verschiedener Wirtschaftsakteure ans Licht gebracht.<\/strong>\u00a0Bei gewissen Individuen konnten ein Streben nach Macht, ein \u00fcberm\u00e4\u00dfiger Ehrgeiz und die Intrusion von Privatinteressen beobachtet werden. Das Management dieser Personen wurde buchst\u00e4blich vergiftet. Die Resultate dieser Krise haben enth\u00fcllt wie viel diese Personen den Markt und dessen Mechanismen pervertiert haben. Wir haben beobachten k\u00f6nnen, wie der Wert der Arbeit durch den Wert des Geldes als Selbstzweck ersetzt wird. Die Wirtschaftskrise ist also zum gro\u00dfen Teil mit unpassendem menschlichem Verhalten verbunden. Gewisse M\u00e4nner und Frauen haben sie verursacht, und eine Vielzahl von Menschen muss daf\u00fcr bezahlen, in Bezug auf ihre Arbeit oder ihre Emotionen.<\/p>\n<p><strong>In den letzten 20 Jahren ist das Unternehmen durch eine tiefgehende organisatorische Revolution gegangen.<\/strong>\u00a0Es hat von einer hierarchischen zu einer prozessorientierten Organisation gewechselt. Eigentlich haben Unternehmen danach gestrebt, die Arbeitsfl\u00fcsse zu rationalisieren und optimieren. Um dies zu erreichen sind sie durch zahlreiche Umstrukturierungsprozesse gegangen. Solche Restrukturierungen haben oft Schlagzeilen in den Medien gemacht, in den verschiedenen Regionen der Schweiz wie im Ausland.\u00a0 Wovon viel weniger gesprochen wurde, waren die Wirkung dieser Restrukturierungen sowohl auf die Arbeitsorganisation als auch auf die einzelnen Individuen. Tats\u00e4chlich, obwohl die prozessorientierte Organisation unbestreitbar effizienter ist als die klassische hierarchische Organisation, ben\u00f6tigte der von der aktiven Bev\u00f6lkerung erforderte kulturelle und Verhaltens-Wandel betr\u00e4chtliche Anstrengungen.<\/p>\n<p><strong>Individuen werden also dazu gezwungen, ihre Arbeitsweise und ihre Mentalit\u00e4t, sowie ihr Verhalten am Arbeitsplatz, zu \u00e4ndern.\u00a0<\/strong>Die Mitarbeiter sind mehr und mehr exponiert: sie m\u00fcssen Entscheidungen treffen, Verantwortung daf\u00fcr \u00fcbernehmen, wodurch die Resultate des Unternehmens beeintr\u00e4chtigt werden k\u00f6nnen. Dazu werden die Kommunikationsf\u00e4higkeiten, die in der hierarchischen Organisation nur f\u00fcr Manager ab einem gewissen Niveau erforderlich waren, in einer prozessorientierten Organisation f\u00fcr jeden Mitarbeiter von gro\u00dfer Bedeutung. \u00c4hnlicherweise wird der fr\u00fcher den Entscheidungstreffern \u00fcberlassene Leadership jetzt von allen Managern gefordert, und manchmal auch von vielen Mitarbeitern. Dieser organisatorische Wandel stellt zweifellos einen sehr bedeutenden Stressfaktor dar, der mindestens in den 15 letzten Jahren stark empfunden wurde.<\/p>\n<p><strong>All dies wird noch durch den Zerfall des existentiellen Referenzrahmens des Menschen verst\u00e4rkt.\u00a0<\/strong><b>Der Mensch ist, von seiner Natur her, in Raum und Zeit verwurzelt. Wie jeder wei\u00df, hat sich die Arbeitsumgebung globalisiert, sodass die Grenzen des beruflichen Raums sich mehr und mehr erweitert haben.<\/b>\u00a0So kommt es, dass gewisse Mitarbeiter direkt von dem betroffen sind, was in China, Vietnam, Afrika, Lateinamerika oder anderswo passiert. Und dies ohne im Management zu sein! Sie sind also mit einem gigantischen wirtschaftlichen Raum konfrontiert, welcher sie exponiert und verunsichert. Dazu hat der Mitarbeiter diese Situation nicht gew\u00e4hlt, wodurch er sie als einen Zwang erleben wird. W\u00e4hrend sein beruflicher Referenzrahmen zusammenbricht, wird gleichzeitig sein Privatleben immer mehr komprimiert. Wie wir es allt\u00e4glich feststellen k\u00f6nnen, nehmen die heutigen Kommunikationsmittel &#8211; d.h. das Mobiltelefon und die anderen neuen Technologien &#8211; das Privatleben immer mehr in Beschlag, Wochenende und Ferien inbegriffen. Die Wahrheit ist jedoch, dass wir es nicht ertragen k\u00f6nnen, keine rasche Antwort auf eine\u00a0 gesendete Email zu bekommen. Wir haben Tendenz zu vergessen, dass der Empf\u00e4nger in Urlaub oder mit einem wichtigen Ereignis in seinem Privatleben besch\u00e4ftigt sein kann.<\/p>\n<p><strong>Der Nachteil dieser hocheffizienten Kommunikationstools besteht darin, dass die Zeit, der zweite existentielle Referenzpunkt des Menschen, maximal komprimiert wird.\u00a0<\/strong>Es wird immer mehr in Realzeit gearbeitet und es scheint, man soll Resultate auf unmittelbare Weise liefern. Zudem erwarten wir auch unmittelbare Antworten auf unsere Anfragen. Die Frage besteht heute darin, zu wissen, wer sich noch etwas Zeit nimmt, um zu \u00fcberlegen und eine langfristige Vision zu entwickeln.<\/p>\n<p><strong>Wir k\u00f6nnen also feststellen, dass jede aktive Person in den vergangenen Jahren drei grundlegende Ver\u00e4nderungen in ihrem Alltag erlitten hat:\u00a0<\/strong><strong>die Ver\u00e4nderung des Wirtschaftsmarkts, die Ver\u00e4nderung der Organisation und der Zerfall des existentiellen menschlichen Referenzrahmens.<\/strong>\u00a0Diese drei Handlungsachsen haben einen unmittelbaren und tiefgreifenden Einfluss auf das psychische und emotionale Leben der Mitarbeiter. Infolgedessen soll man sich dringend fragen, was aus dem Mitarbeiter bei all dem wird. Wie kann er unter solchen Bedingungen weitermachen, ob beruflich oder in seinem privaten Leben? Wie kann er noch etwas von seiner Motivation und Begeisterung behalten?<\/p>\n<p><strong>Zwischen dem skrupellosen Ehrgeizigen, der sein berufliches Umfeld \u00fcberhaupt nicht achtet, und der depressiven Person, die vielleicht sogar Selbstmordgedanken hegt, kann zum Gl\u00fcck der gr\u00f6sste Teil der aktiven Bev\u00f6lkerung einen Mittelweg finden.\u00a0<\/strong>Tats\u00e4chlich kann die Krise nur so \u00fcberwunden werden, indem die aktive Bev\u00f6lkerung in diesen Vorgang miteinbezogen wird, d.h. wenn man mit dem Menschen auf den Faktor Mensch wirkt. Die Manager stellen eine Schl\u00fcsselbev\u00f6lkerung dar, die zum Erarbeiten der L\u00f6sung viel beitragen kann. Durch eine zu starke Betonung der finanziellen Aspekte der Unternehmensf\u00fchrung hat tats\u00e4chlich das Unternehmen die Tendenz, sich von dessen Urzweck zu entfernen, n\u00e4mlich: einer Gruppe von Individuen (i.e. Kunden) Dienstleistungen und\/oder Produkte zu liefern. Es ist also von Anfang an eine menschliche Sache, in der der Mensch &#8211; und insbesondere der Manager &#8211; einen starken Referenzpunkt darstellt.<\/p>\n<p><em>Weitere Artikel zum Thema Umstrukturierungen:<\/em><\/p>\n<ul>\n<li><a href=\"https:\/\/hr4free.com\/de\/Unternehmenscoaching\/Umstrukturierungen-und-Auswirkungen-f%C3%BCr-die-Mitarbeiter\" target=\"_blank\" rel=\"noopener\" data-cke-saved-href=\"https:\/\/hr4free.com\/de\/Unternehmenscoaching\/Umstrukturierungen-und-Auswirkungen-f%C3%BCr-die-Mitarbeiter\"><strong>Umstrukturierungen: Auswirkungen f\u00fcr die Mitarbeiter<\/strong><\/a><\/li>\n<li><a href=\"https:\/\/hr4free.com\/de\/Organisatorischer-Wandel\/Umstrukturierungen-der-Organisation-Risiken\" target=\"_blank\" rel=\"noopener\" data-cke-saved-href=\"https:\/\/hr4free.com\/de\/Organisatorischer-Wandel\/Umstrukturierungen-der-Organisation-Risiken\"><strong>Umstrukturierungen: potentielle Risiken f\u00fcr die Organisation<\/strong><\/a><\/li>\n<\/ul>\n","protected":false},"excerpt":{"rendered":"<p>Der Begriff &#8222;Krise&#8220; geh\u00f6rt heutzutage zu unserem beruflichen und pers\u00f6nlichen Alltag.\u00a0Sie liegt im Zentrum unserer Diskussionen, ob zu Hause, im B\u00fcro oder in den Medien. Deren psychologische und emotionale Wirkungen auf Individuen &#8211; und insbesondere die aktive Bev\u00f6lkerung &#8211; sind betr\u00e4chtlich. Die Krise wird tats\u00e4chlich bei aktiven Individuen zahlreiche Fragen erzeugen, sowie Furcht vor der [&hellip;]<\/p>\n","protected":false},"author":3,"featured_media":2303,"comment_status":"open","ping_status":"closed","sticky":false,"template":"","format":"standard","meta":{"footnotes":""},"categories":[157],"tags":[99,253],"class_list":["post-2313","post","type-post","status-publish","format-standard","has-post-thumbnail","hentry","category-organisatorischer-wandel","tag-management","tag-umstrukturierungen"],"yoast_head":"<!-- This site is optimized with the Yoast SEO plugin v28.3 - https:\/\/yoast.com\/product\/yoast-seo-wordpress\/ -->\n<title>In Krisenzeiten f\u00fchren: seine Management-Referenzpunkte nach Umstrukturierungsprozessen wiederherstellen - HR4Free<\/title>\n<meta name=\"robots\" content=\"noindex, follow, max-snippet:-1, max-image-preview:large, max-video-preview:-1\" \/>\n<meta property=\"og:locale\" content=\"de_DE\" \/>\n<meta property=\"og:type\" content=\"article\" \/>\n<meta property=\"og:title\" content=\"In Krisenzeiten f\u00fchren: seine Management-Referenzpunkte nach Umstrukturierungsprozessen wiederherstellen - HR4Free\" \/>\n<meta property=\"og:description\" content=\"Der Begriff &#8222;Krise&#8220; geh\u00f6rt heutzutage zu unserem beruflichen und pers\u00f6nlichen Alltag.\u00a0Sie liegt im Zentrum unserer Diskussionen, ob zu Hause, im B\u00fcro oder in den Medien. Deren psychologische und emotionale Wirkungen auf Individuen &#8211; und insbesondere die aktive Bev\u00f6lkerung &#8211; sind betr\u00e4chtlich. Die Krise wird tats\u00e4chlich bei aktiven Individuen zahlreiche Fragen erzeugen, sowie Furcht vor der [&hellip;]\" \/>\n<meta property=\"og:url\" content=\"https:\/\/hr4free.com\/de\/Organisatorischer-Wandel\/In-Krisenzeiten-f\u00fchren-seine-Management-Referenzen-nach-Restrukturierungen-wiederherstellen\/\" \/>\n<meta property=\"og:site_name\" content=\"HR4Free\" \/>\n<meta property=\"article:published_time\" content=\"2019-05-18T21:22:31+00:00\" \/>\n<meta property=\"og:image\" content=\"https:\/\/hr4free.com\/wp-content\/uploads\/2019\/02\/woman-687560_1280-II.jpg\" \/>\n\t<meta property=\"og:image:width\" content=\"1280\" \/>\n\t<meta property=\"og:image:height\" content=\"824\" \/>\n\t<meta property=\"og:image:type\" content=\"image\/jpeg\" \/>\n<meta name=\"author\" content=\"admin\" \/>\n<meta name=\"twitter:card\" content=\"summary_large_image\" \/>\n<meta name=\"twitter:label1\" content=\"Verfasst von\" \/>\n\t<meta name=\"twitter:data1\" content=\"admin\" \/>\n\t<meta name=\"twitter:label2\" content=\"Gesch\u00e4tzte Lesezeit\" \/>\n\t<meta name=\"twitter:data2\" content=\"5\u00a0Minuten\" \/>\n<script type=\"application\/ld+json\" class=\"yoast-schema-graph\">{\"@context\":\"https:\\\/\\\/schema.org\",\"@graph\":[{\"@type\":\"Article\",\"@id\":\"https:\\\/\\\/hr4free.com\\\/de\\\/Organisatorischer-Wandel\\\/In-Krisenzeiten-f%C3%BChren-seine-Management-Referenzen-nach-Restrukturierungen-wiederherstellen\\\/#article\",\"isPartOf\":{\"@id\":\"https:\\\/\\\/hr4free.com\\\/de\\\/Organisatorischer-Wandel\\\/In-Krisenzeiten-f%C3%BChren-seine-Management-Referenzen-nach-Restrukturierungen-wiederherstellen\\\/\"},\"author\":{\"name\":\"admin\",\"@id\":\"https:\\\/\\\/hr4free.com\\\/fr\\\/#\\\/schema\\\/person\\\/63b4676b4887d228dbc78b611adacc2e\"},\"headline\":\"In Krisenzeiten f\u00fchren: seine Management-Referenzpunkte nach Umstrukturierungsprozessen wiederherstellen\",\"datePublished\":\"2019-05-18T21:22:31+00:00\",\"mainEntityOfPage\":{\"@id\":\"https:\\\/\\\/hr4free.com\\\/de\\\/Organisatorischer-Wandel\\\/In-Krisenzeiten-f%C3%BChren-seine-Management-Referenzen-nach-Restrukturierungen-wiederherstellen\\\/\"},\"wordCount\":981,\"commentCount\":0,\"image\":{\"@id\":\"https:\\\/\\\/hr4free.com\\\/de\\\/Organisatorischer-Wandel\\\/In-Krisenzeiten-f%C3%BChren-seine-Management-Referenzen-nach-Restrukturierungen-wiederherstellen\\\/#primaryimage\"},\"thumbnailUrl\":\"https:\\\/\\\/hr4free.com\\\/wp-content\\\/uploads\\\/2019\\\/02\\\/woman-687560_1280-II.jpg\",\"keywords\":[\"management\",\"umstrukturierungen\"],\"articleSection\":[\"Steuerung des oganisatorischen Wandels\"],\"inLanguage\":\"de\",\"potentialAction\":[{\"@type\":\"CommentAction\",\"name\":\"Comment\",\"target\":[\"https:\\\/\\\/hr4free.com\\\/de\\\/Organisatorischer-Wandel\\\/In-Krisenzeiten-f%C3%BChren-seine-Management-Referenzen-nach-Restrukturierungen-wiederherstellen\\\/#respond\"]}]},{\"@type\":\"WebPage\",\"@id\":\"https:\\\/\\\/hr4free.com\\\/de\\\/Organisatorischer-Wandel\\\/In-Krisenzeiten-f%C3%BChren-seine-Management-Referenzen-nach-Restrukturierungen-wiederherstellen\\\/\",\"url\":\"https:\\\/\\\/hr4free.com\\\/de\\\/Organisatorischer-Wandel\\\/In-Krisenzeiten-f%C3%BChren-seine-Management-Referenzen-nach-Restrukturierungen-wiederherstellen\\\/\",\"name\":\"In Krisenzeiten f\u00fchren: seine Management-Referenzpunkte nach Umstrukturierungsprozessen wiederherstellen - HR4Free\",\"isPartOf\":{\"@id\":\"https:\\\/\\\/hr4free.com\\\/fr\\\/#website\"},\"primaryImageOfPage\":{\"@id\":\"https:\\\/\\\/hr4free.com\\\/de\\\/Organisatorischer-Wandel\\\/In-Krisenzeiten-f%C3%BChren-seine-Management-Referenzen-nach-Restrukturierungen-wiederherstellen\\\/#primaryimage\"},\"image\":{\"@id\":\"https:\\\/\\\/hr4free.com\\\/de\\\/Organisatorischer-Wandel\\\/In-Krisenzeiten-f%C3%BChren-seine-Management-Referenzen-nach-Restrukturierungen-wiederherstellen\\\/#primaryimage\"},\"thumbnailUrl\":\"https:\\\/\\\/hr4free.com\\\/wp-content\\\/uploads\\\/2019\\\/02\\\/woman-687560_1280-II.jpg\",\"datePublished\":\"2019-05-18T21:22:31+00:00\",\"author\":{\"@id\":\"https:\\\/\\\/hr4free.com\\\/fr\\\/#\\\/schema\\\/person\\\/63b4676b4887d228dbc78b611adacc2e\"},\"breadcrumb\":{\"@id\":\"https:\\\/\\\/hr4free.com\\\/de\\\/Organisatorischer-Wandel\\\/In-Krisenzeiten-f%C3%BChren-seine-Management-Referenzen-nach-Restrukturierungen-wiederherstellen\\\/#breadcrumb\"},\"inLanguage\":\"de\",\"potentialAction\":[{\"@type\":\"ReadAction\",\"target\":[\"https:\\\/\\\/hr4free.com\\\/de\\\/Organisatorischer-Wandel\\\/In-Krisenzeiten-f%C3%BChren-seine-Management-Referenzen-nach-Restrukturierungen-wiederherstellen\\\/\"]}]},{\"@type\":\"ImageObject\",\"inLanguage\":\"de\",\"@id\":\"https:\\\/\\\/hr4free.com\\\/de\\\/Organisatorischer-Wandel\\\/In-Krisenzeiten-f%C3%BChren-seine-Management-Referenzen-nach-Restrukturierungen-wiederherstellen\\\/#primaryimage\",\"url\":\"https:\\\/\\\/hr4free.com\\\/wp-content\\\/uploads\\\/2019\\\/02\\\/woman-687560_1280-II.jpg\",\"contentUrl\":\"https:\\\/\\\/hr4free.com\\\/wp-content\\\/uploads\\\/2019\\\/02\\\/woman-687560_1280-II.jpg\",\"width\":1280,\"height\":824},{\"@type\":\"BreadcrumbList\",\"@id\":\"https:\\\/\\\/hr4free.com\\\/de\\\/Organisatorischer-Wandel\\\/In-Krisenzeiten-f%C3%BChren-seine-Management-Referenzen-nach-Restrukturierungen-wiederherstellen\\\/#breadcrumb\",\"itemListElement\":[{\"@type\":\"ListItem\",\"position\":1,\"name\":\"Accueil\",\"item\":\"https:\\\/\\\/hr4free.com\\\/de\\\/\"},{\"@type\":\"ListItem\",\"position\":2,\"name\":\"In Krisenzeiten f\u00fchren: seine Management-Referenzpunkte nach Umstrukturierungsprozessen wiederherstellen\"}]},{\"@type\":\"WebSite\",\"@id\":\"https:\\\/\\\/hr4free.com\\\/fr\\\/#website\",\"url\":\"https:\\\/\\\/hr4free.com\\\/fr\\\/\",\"name\":\"HR4Free\",\"description\":\"\",\"potentialAction\":[{\"@type\":\"SearchAction\",\"target\":{\"@type\":\"EntryPoint\",\"urlTemplate\":\"https:\\\/\\\/hr4free.com\\\/fr\\\/?s={search_term_string}\"},\"query-input\":{\"@type\":\"PropertyValueSpecification\",\"valueRequired\":true,\"valueName\":\"search_term_string\"}}],\"inLanguage\":\"de\"},{\"@type\":\"Person\",\"@id\":\"https:\\\/\\\/hr4free.com\\\/fr\\\/#\\\/schema\\\/person\\\/63b4676b4887d228dbc78b611adacc2e\",\"name\":\"admin\",\"image\":{\"@type\":\"ImageObject\",\"inLanguage\":\"de\",\"@id\":\"https:\\\/\\\/secure.gravatar.com\\\/avatar\\\/1493e8ac9f7cdeb1d404ed3fa83f9d3a50c10f9a35c09a5271d0ac17a1db68b2?s=96&d=mm&r=g\",\"url\":\"https:\\\/\\\/secure.gravatar.com\\\/avatar\\\/1493e8ac9f7cdeb1d404ed3fa83f9d3a50c10f9a35c09a5271d0ac17a1db68b2?s=96&d=mm&r=g\",\"contentUrl\":\"https:\\\/\\\/secure.gravatar.com\\\/avatar\\\/1493e8ac9f7cdeb1d404ed3fa83f9d3a50c10f9a35c09a5271d0ac17a1db68b2?s=96&d=mm&r=g\",\"caption\":\"admin\"},\"url\":\"https:\\\/\\\/hr4free.com\\\/de\\\/author\\\/held\\\/\"}]}<\/script>\n<!-- \/ Yoast SEO plugin. -->","yoast_head_json":{"title":"In Krisenzeiten f\u00fchren: seine Management-Referenzpunkte nach Umstrukturierungsprozessen wiederherstellen - HR4Free","robots":{"index":"noindex","follow":"follow","max-snippet":"max-snippet:-1","max-image-preview":"max-image-preview:large","max-video-preview":"max-video-preview:-1"},"og_locale":"de_DE","og_type":"article","og_title":"In Krisenzeiten f\u00fchren: seine Management-Referenzpunkte nach Umstrukturierungsprozessen wiederherstellen - HR4Free","og_description":"Der Begriff &#8222;Krise&#8220; geh\u00f6rt heutzutage zu unserem beruflichen und pers\u00f6nlichen Alltag.\u00a0Sie liegt im Zentrum unserer Diskussionen, ob zu Hause, im B\u00fcro oder in den Medien. Deren psychologische und emotionale Wirkungen auf Individuen &#8211; und insbesondere die aktive Bev\u00f6lkerung &#8211; sind betr\u00e4chtlich. Die Krise wird tats\u00e4chlich bei aktiven Individuen zahlreiche Fragen erzeugen, sowie Furcht vor der [&hellip;]","og_url":"https:\/\/hr4free.com\/de\/Organisatorischer-Wandel\/In-Krisenzeiten-f\u00fchren-seine-Management-Referenzen-nach-Restrukturierungen-wiederherstellen\/","og_site_name":"HR4Free","article_published_time":"2019-05-18T21:22:31+00:00","og_image":[{"width":1280,"height":824,"url":"https:\/\/hr4free.com\/wp-content\/uploads\/2019\/02\/woman-687560_1280-II.jpg","type":"image\/jpeg"}],"author":"admin","twitter_card":"summary_large_image","twitter_misc":{"Verfasst von":"admin","Gesch\u00e4tzte Lesezeit":"5\u00a0Minuten"},"schema":{"@context":"https:\/\/schema.org","@graph":[{"@type":"Article","@id":"https:\/\/hr4free.com\/de\/Organisatorischer-Wandel\/In-Krisenzeiten-f%C3%BChren-seine-Management-Referenzen-nach-Restrukturierungen-wiederherstellen\/#article","isPartOf":{"@id":"https:\/\/hr4free.com\/de\/Organisatorischer-Wandel\/In-Krisenzeiten-f%C3%BChren-seine-Management-Referenzen-nach-Restrukturierungen-wiederherstellen\/"},"author":{"name":"admin","@id":"https:\/\/hr4free.com\/fr\/#\/schema\/person\/63b4676b4887d228dbc78b611adacc2e"},"headline":"In Krisenzeiten f\u00fchren: seine Management-Referenzpunkte nach Umstrukturierungsprozessen wiederherstellen","datePublished":"2019-05-18T21:22:31+00:00","mainEntityOfPage":{"@id":"https:\/\/hr4free.com\/de\/Organisatorischer-Wandel\/In-Krisenzeiten-f%C3%BChren-seine-Management-Referenzen-nach-Restrukturierungen-wiederherstellen\/"},"wordCount":981,"commentCount":0,"image":{"@id":"https:\/\/hr4free.com\/de\/Organisatorischer-Wandel\/In-Krisenzeiten-f%C3%BChren-seine-Management-Referenzen-nach-Restrukturierungen-wiederherstellen\/#primaryimage"},"thumbnailUrl":"https:\/\/hr4free.com\/wp-content\/uploads\/2019\/02\/woman-687560_1280-II.jpg","keywords":["management","umstrukturierungen"],"articleSection":["Steuerung des oganisatorischen Wandels"],"inLanguage":"de","potentialAction":[{"@type":"CommentAction","name":"Comment","target":["https:\/\/hr4free.com\/de\/Organisatorischer-Wandel\/In-Krisenzeiten-f%C3%BChren-seine-Management-Referenzen-nach-Restrukturierungen-wiederherstellen\/#respond"]}]},{"@type":"WebPage","@id":"https:\/\/hr4free.com\/de\/Organisatorischer-Wandel\/In-Krisenzeiten-f%C3%BChren-seine-Management-Referenzen-nach-Restrukturierungen-wiederherstellen\/","url":"https:\/\/hr4free.com\/de\/Organisatorischer-Wandel\/In-Krisenzeiten-f%C3%BChren-seine-Management-Referenzen-nach-Restrukturierungen-wiederherstellen\/","name":"In Krisenzeiten f\u00fchren: seine Management-Referenzpunkte nach Umstrukturierungsprozessen wiederherstellen - HR4Free","isPartOf":{"@id":"https:\/\/hr4free.com\/fr\/#website"},"primaryImageOfPage":{"@id":"https:\/\/hr4free.com\/de\/Organisatorischer-Wandel\/In-Krisenzeiten-f%C3%BChren-seine-Management-Referenzen-nach-Restrukturierungen-wiederherstellen\/#primaryimage"},"image":{"@id":"https:\/\/hr4free.com\/de\/Organisatorischer-Wandel\/In-Krisenzeiten-f%C3%BChren-seine-Management-Referenzen-nach-Restrukturierungen-wiederherstellen\/#primaryimage"},"thumbnailUrl":"https:\/\/hr4free.com\/wp-content\/uploads\/2019\/02\/woman-687560_1280-II.jpg","datePublished":"2019-05-18T21:22:31+00:00","author":{"@id":"https:\/\/hr4free.com\/fr\/#\/schema\/person\/63b4676b4887d228dbc78b611adacc2e"},"breadcrumb":{"@id":"https:\/\/hr4free.com\/de\/Organisatorischer-Wandel\/In-Krisenzeiten-f%C3%BChren-seine-Management-Referenzen-nach-Restrukturierungen-wiederherstellen\/#breadcrumb"},"inLanguage":"de","potentialAction":[{"@type":"ReadAction","target":["https:\/\/hr4free.com\/de\/Organisatorischer-Wandel\/In-Krisenzeiten-f%C3%BChren-seine-Management-Referenzen-nach-Restrukturierungen-wiederherstellen\/"]}]},{"@type":"ImageObject","inLanguage":"de","@id":"https:\/\/hr4free.com\/de\/Organisatorischer-Wandel\/In-Krisenzeiten-f%C3%BChren-seine-Management-Referenzen-nach-Restrukturierungen-wiederherstellen\/#primaryimage","url":"https:\/\/hr4free.com\/wp-content\/uploads\/2019\/02\/woman-687560_1280-II.jpg","contentUrl":"https:\/\/hr4free.com\/wp-content\/uploads\/2019\/02\/woman-687560_1280-II.jpg","width":1280,"height":824},{"@type":"BreadcrumbList","@id":"https:\/\/hr4free.com\/de\/Organisatorischer-Wandel\/In-Krisenzeiten-f%C3%BChren-seine-Management-Referenzen-nach-Restrukturierungen-wiederherstellen\/#breadcrumb","itemListElement":[{"@type":"ListItem","position":1,"name":"Accueil","item":"https:\/\/hr4free.com\/de\/"},{"@type":"ListItem","position":2,"name":"In Krisenzeiten f\u00fchren: seine Management-Referenzpunkte nach Umstrukturierungsprozessen wiederherstellen"}]},{"@type":"WebSite","@id":"https:\/\/hr4free.com\/fr\/#website","url":"https:\/\/hr4free.com\/fr\/","name":"HR4Free","description":"","potentialAction":[{"@type":"SearchAction","target":{"@type":"EntryPoint","urlTemplate":"https:\/\/hr4free.com\/fr\/?s={search_term_string}"},"query-input":{"@type":"PropertyValueSpecification","valueRequired":true,"valueName":"search_term_string"}}],"inLanguage":"de"},{"@type":"Person","@id":"https:\/\/hr4free.com\/fr\/#\/schema\/person\/63b4676b4887d228dbc78b611adacc2e","name":"admin","image":{"@type":"ImageObject","inLanguage":"de","@id":"https:\/\/secure.gravatar.com\/avatar\/1493e8ac9f7cdeb1d404ed3fa83f9d3a50c10f9a35c09a5271d0ac17a1db68b2?s=96&d=mm&r=g","url":"https:\/\/secure.gravatar.com\/avatar\/1493e8ac9f7cdeb1d404ed3fa83f9d3a50c10f9a35c09a5271d0ac17a1db68b2?s=96&d=mm&r=g","contentUrl":"https:\/\/secure.gravatar.com\/avatar\/1493e8ac9f7cdeb1d404ed3fa83f9d3a50c10f9a35c09a5271d0ac17a1db68b2?s=96&d=mm&r=g","caption":"admin"},"url":"https:\/\/hr4free.com\/de\/author\/held\/"}]}},"_links":{"self":[{"href":"https:\/\/hr4free.com\/de\/wp-json\/wp\/v2\/posts\/2313","targetHints":{"allow":["GET"]}}],"collection":[{"href":"https:\/\/hr4free.com\/de\/wp-json\/wp\/v2\/posts"}],"about":[{"href":"https:\/\/hr4free.com\/de\/wp-json\/wp\/v2\/types\/post"}],"author":[{"embeddable":true,"href":"https:\/\/hr4free.com\/de\/wp-json\/wp\/v2\/users\/3"}],"replies":[{"embeddable":true,"href":"https:\/\/hr4free.com\/de\/wp-json\/wp\/v2\/comments?post=2313"}],"version-history":[{"count":1,"href":"https:\/\/hr4free.com\/de\/wp-json\/wp\/v2\/posts\/2313\/revisions"}],"predecessor-version":[{"id":2321,"href":"https:\/\/hr4free.com\/de\/wp-json\/wp\/v2\/posts\/2313\/revisions\/2321"}],"wp:featuredmedia":[{"embeddable":true,"href":"https:\/\/hr4free.com\/de\/wp-json\/wp\/v2\/media\/2303"}],"wp:attachment":[{"href":"https:\/\/hr4free.com\/de\/wp-json\/wp\/v2\/media?parent=2313"}],"wp:term":[{"taxonomy":"category","embeddable":true,"href":"https:\/\/hr4free.com\/de\/wp-json\/wp\/v2\/categories?post=2313"},{"taxonomy":"post_tag","embeddable":true,"href":"https:\/\/hr4free.com\/de\/wp-json\/wp\/v2\/tags?post=2313"}],"curies":[{"name":"wp","href":"https:\/\/api.w.org\/{rel}","templated":true}]}}